{"id":130523,"date":"2026-01-01T07:36:10","date_gmt":"2026-01-01T07:36:10","guid":{"rendered":"https:\/\/www.europesays.com\/fi\/130523\/"},"modified":"2026-01-01T07:36:10","modified_gmt":"2026-01-01T07:36:10","slug":"suomessa-mitattiin-hurja-pakkaslukema","status":"publish","type":"post","link":"https:\/\/www.europesays.com\/fi\/130523\/","title":{"rendered":"Suomessa mitattiin hurja pakkaslukema"},"content":{"rendered":"<p>Kovat pakkaset jatkuvat ainakin viikonloppuun saakka.<\/p>\n<p><img decoding=\"async\" class=\"image image-show image-preview\" src=\"https:\/\/www.europesays.com\/fi\/wp-content\/uploads\/2026\/01\/1afeefec0c24307d7dfdf207a887f2fe01cee7eefde91b6c6cf37343d3557cf8.jpg\" alt=\"\"\/><img decoding=\"async\" class=\"image image-show\" src=\"https:\/\/www.europesays.com\/fi\/wp-content\/uploads\/2026\/01\/1767252969_438_1afeefec0c24307d7dfdf207a887f2fe01cee7eefde91b6c6cf37343d3557cf8.jpg\" alt=\"\"\/><\/p>\n<p>Talvikelit jatkuvat my\u00f6s etel\u00e4ss\u00e4. Kuvituskuva. Jenni G\u00e4stgivar<\/p>\n<p class=\"paragraph\">Lapissa mitattiin uudenvuoden y \u00f6n\u00e4 kuluvan talven pakkasenn\u00e4tys, kun elohopea laski Muoniossa hyyt\u00e4v\u00e4\u00e4n \u201337,5 asteen lukemaan.<\/p>\n<p class=\"paragraph\">Viime p\u00e4ivien aikana pakkanen on kiristynyt koko maassa. Ilmatieteen laitos on antanut Lappiin varoituksen kire\u00e4st\u00e4 pakkasesta. Varoitus on voimassa loppuviikon ajan.<\/p>\n<p class=\"paragraph\">Paukkupakkaset jatkuvat ainakin lauantaihin saakka, ennustaa p\u00e4ivyst\u00e4v\u00e4 meteorologi <strong>Heikki Sinisalo<\/strong> Ilmatieteen laitokselta. Ensi viikollakaan s\u00e4\u00e4 ei juuri l\u00e4mpene.<\/p>\n<p class=\"paragraph\">Maan etel\u00e4osissa pakkasasteet pysyv\u00e4t \u20135 asteen tuntumassa. Ajoittain ennusteet ovat povanneet ensi viikoksi etel\u00e4\u00e4n jopa \u201310 asteen pakkasia.<\/p>\n<p class=\"paragraph\">\u2013 Plussakeleist\u00e4 ei ole t\u00e4ll\u00e4 hetkell\u00e4 mit\u00e4\u00e4n tietoa, Sinisalo sanoo.<\/p>\n<p class=\"paragraph\">Keski-Suomessa pakkasta on suunnilleen \u201310 astetta. Selkeimmill\u00e4 alueilla pakkanen voi kiristy\u00e4 \u201315 asteeseen.<\/p>\n<p>Lunta jopa 10 sentti\u00e4<\/p>\n<p class=\"paragraph\">Torstaina lunta sataa Kainuussa, josta sadealue liikkuu kohti Keski-Lappia p\u00e4iv\u00e4n edetess\u00e4. Maan it\u00e4osissa heikkoja lumisateita tulee paikoitellen.<\/p>\n<p class=\"paragraph\">Ruotsissa varaudutaan torstaina runsaisiin lumisateisiin, joiden rippeit\u00e4 saattaa kulkeutua Suomeen. Ahvenanmaalle on tulossa torstain aikana noin 10 senttimetri\u00e4 lunta, Sinisalo sanoo. Lumisateet saavuttavat Lounais-Suomen saariston torstaina illalla.<\/p>\n<p class=\"paragraph\">Viikonlopun l\u00e4hestyess\u00e4 lumisateita on luvassa laajemmalle alueelle.<\/p>\n<p class=\"paragraph\">\u2013 Ensi y\u00f6n\u00e4 Suomen etel\u00e4osiin on tulossa hieman yhten\u00e4isemp\u00e4\u00e4 ja reippaampaa lumisadetta.<\/p>\n<p class=\"paragraph\">Matalapaineen mukana tulee my\u00f6s puuskatuuli, joka pahentaa pakkasen purevuutta Lounais-Suomessa. Ilmatieteen laitos varoittaa myrskytuulista Selk\u00e4merell\u00e4, Saaristomerell\u00e4 ja It\u00e4meren pohjoisosissa. Id\u00e4n ja kaakon v\u00e4linen tuuli voi ylty\u00e4 merialueilla 21 metriin sekunnissa.<\/p>\n<p><a href=\"https:\/\/www.iltalehti.fi\/parassaa?storeCampaign=ArticleBottomBanner\" rel=\"nofollow noopener\" target=\"_blank\"><img decoding=\"async\" src=\"https:\/\/www.europesays.com\/fi\/wp-content\/uploads\/2025\/08\/d0fd7860228df4fdd5fd0367e49d769aa09b08189080ddc5ccdd8c31ad63aca9.png\" alt=\"IL Paras S\u00e4\u00e4 - S\u00e4\u00e4tiedot ja s\u00e4\u00e4ennusteet\"\/><\/a><\/p>\n","protected":false},"excerpt":{"rendered":"Kovat pakkaset jatkuvat ainakin viikonloppuun saakka. Talvikelit jatkuvat my\u00f6s etel\u00e4ss\u00e4. Kuvituskuva. Jenni G\u00e4stgivar Lapissa mitattiin uudenvuoden y \u00f6n\u00e4&hellip;\n","protected":false},"author":2,"featured_media":130524,"comment_status":"","ping_status":"","sticky":false,"template":"","format":"standard","meta":{"footnotes":""},"categories":[5],"tags":[35,22,23,26,27,33,31,30,17,713,24,25,28,29,715,5233,15,18,21,710,714,32,19,20,16],"class_list":{"0":"post-130523","1":"post","2":"type-post","3":"status-publish","4":"format-standard","5":"has-post-thumbnail","7":"category-otsikot","8":"tag-24h","9":"tag-breaking-news","10":"tag-breakingnews","11":"tag-featured-news","12":"tag-featurednews","13":"tag-fi","14":"tag-finland","15":"tag-finnish","16":"tag-headlines","17":"tag-lampotila-saa","18":"tag-latest-news","19":"tag-latestnews","20":"tag-main-news","21":"tag-mainnews","22":"tag-meteorologia","23":"tag-meteorologit","24":"tag-news","25":"tag-otsikot","26":"tag-paauutiset","27":"tag-saa","28":"tag-saaennustus","29":"tag-suomi","30":"tag-top-stories","31":"tag-topstories","32":"tag-uutiset"},"share_on_mastodon":{"url":"https:\/\/pubeurope.com\/@fi\/115818698021026139","error":""},"_links":{"self":[{"href":"https:\/\/www.europesays.com\/fi\/wp-json\/wp\/v2\/posts\/130523","targetHints":{"allow":["GET"]}}],"collection":[{"href":"https:\/\/www.europesays.com\/fi\/wp-json\/wp\/v2\/posts"}],"about":[{"href":"https:\/\/www.europesays.com\/fi\/wp-json\/wp\/v2\/types\/post"}],"author":[{"embeddable":true,"href":"https:\/\/www.europesays.com\/fi\/wp-json\/wp\/v2\/users\/2"}],"replies":[{"embeddable":true,"href":"https:\/\/www.europesays.com\/fi\/wp-json\/wp\/v2\/comments?post=130523"}],"version-history":[{"count":0,"href":"https:\/\/www.europesays.com\/fi\/wp-json\/wp\/v2\/posts\/130523\/revisions"}],"wp:featuredmedia":[{"embeddable":true,"href":"https:\/\/www.europesays.com\/fi\/wp-json\/wp\/v2\/media\/130524"}],"wp:attachment":[{"href":"https:\/\/www.europesays.com\/fi\/wp-json\/wp\/v2\/media?parent=130523"}],"wp:term":[{"taxonomy":"category","embeddable":true,"href":"https:\/\/www.europesays.com\/fi\/wp-json\/wp\/v2\/categories?post=130523"},{"taxonomy":"post_tag","embeddable":true,"href":"https:\/\/www.europesays.com\/fi\/wp-json\/wp\/v2\/tags?post=130523"}],"curies":[{"name":"wp","href":"https:\/\/api.w.org\/{rel}","templated":true}]}}