{"id":130526,"date":"2026-01-01T07:49:09","date_gmt":"2026-01-01T07:49:09","guid":{"rendered":"https:\/\/www.europesays.com\/fi\/130526\/"},"modified":"2026-01-01T07:49:09","modified_gmt":"2026-01-01T07:49:09","slug":"renny-harlinin-ja-geena-davisin-shokkiero-hollywoodin-kuuluisin-suomalaispari","status":"publish","type":"post","link":"https:\/\/www.europesays.com\/fi\/130526\/","title":{"rendered":"Renny Harlinin ja Geena Davisin shokkiero: Hollywoodin kuuluisin suomalaispari"},"content":{"rendered":"<p>\n            &#8211;              Davis Geena+Harlin Renny-3.JPGDavis Geena+Harlin Renny-3  Event in Hollywood Life &#8211; California,  Red Carpet Event, Vertical, USA, Film Industry, Celebrities,  Photography, Bestof, Arts Culture and Entertainment, Topix Celebrities fashion \/  from the Red Carpet-, Vertical, Best of, Hollywood Life, Event in Hollywood Life &#8211; California,  Red Carpet , USA, Film Industry, Celebrities,  movie celebrities, TV celebrities, Music celebrities, Photography, Bestof, Arts Culture and Entertainment,  Topix, vertical, , fashion, Couple, family Credit Tsuni \/ USA  2000-2005 &#8211;family and couple during the time period 2000 to 2005<br \/>\n            Alamy\n        <\/p>\n<p class=\"subtitle \">Ohjaaja Renny Harlinin ja koko Suomen mini\u00e4n, Oscar-voittaja Geena Davisin erosta j\u00e4i ikuinen erimielisyys.<\/p>\n<p class=\"article-content article-content-width !bg-background\">Vuodenvaihteessa 1995-1996 ei ollut ep\u00e4ilyst\u00e4k\u00e4\u00e4n, ketk\u00e4 olivat Suomen kansainv\u00e4lisin julkkispari. Hollywoodissa julkkisohjaajien joukkoon noussut  oli avioitunut 1993 Oscar-voittaja  kanssa ja Geenasta puhuttiin koko Suomen mini\u00e4n\u00e4.<\/p>\n<p class=\"font-weight-bold m-font-weight-bold article-content article-content-width !bg-background\">Videolla k\u00e4sitell\u00e4\u00e4n Rennyn kes\u00e4n 2024 ulosottoasioita<\/p>\n<p class=\"article-content article-content-width !bg-background\">Pari puhui avoimesti suhteestaan ja kuulosti kovin samalta kuin nykyisin tosi-tv -ohjelmassaan sek\u00e4 podcastissaan esiintyv\u00e4 Renny ja nykyinen -vaimo.\u00a0<\/p>\n<p class=\"article-content article-content-width !bg-background\">Rennyn nykyisen liiton tapaan pari kertoi ty\u00f6skentelev\u00e4ns\u00e4 kaiken aikaa, eik\u00e4 edes h\u00e4\u00e4matkaa oltu ehditty tehd\u00e4. Kotioloissakin pari harjoitteli rooleja Geenan n\u00e4ytelless\u00e4 ja Rennyn ohjatessa vieress\u00e4.<\/p>\n<p>                <img decoding=\"async\" src=\"https:\/\/www.europesays.com\/fi\/wp-content\/uploads\/2026\/01\/2003465.webp.jpeg\" width=\"576\" height=\"327\" alt=\"Renny ja Geena olivat ys\u00e4rill\u00e4 suomalaislehtien lempiaiheita.\" loading=\"lazy\" \/>            <\/p>\n<p>\n            Renny ja Geena olivat ys\u00e4rill\u00e4 suomalaislehtien lempiaiheita.<\/p>\n<p class=\"article-content article-content-width !bg-background\">\u2013 Juuri viime y\u00f6n\u00e4 juttelimme siit\u00e4, miten uskomatonta el\u00e4m\u00e4 voi olla, mik\u00e4 onni meit\u00e4 on kohdannut, ett\u00e4 l\u00f6ysimme toisemme, Geena hehkutti.<\/p>\n<p>Renny k\u00e4vi vieraissa<\/p>\n<p class=\"article-content article-content-width !bg-background\">Vuoden 1996 kynnyksell\u00e4 parin Kurkunleikkaajien saari -elokuva oli paljastumassa megaflopiksi ja ty\u00f6n alla oli jo seuraava elokuva, parin viimeinen yhteistuotos The Long Kiss Goodnight. Roolia varten Geena oli leikannut ja v\u00e4rj\u00e4nnyt hiuksensa.<\/p>\n<p>                <img decoding=\"async\" src=\"https:\/\/www.europesays.com\/fi\/wp-content\/uploads\/2026\/01\/2003474.webp.jpeg\" width=\"576\" height=\"701\" alt=\"Rennylle pitk\u00e4 tukka oli aikanaan pyh\u00e4 asia. Geena vaalensi ja leikkasi omansa roolia varten.\" loading=\"lazy\" \/>            <\/p>\n<p>\n            Rennylle pitk\u00e4 tukka oli aikanaan pyh\u00e4 asia. Geena vaalensi ja leikkasi omansa roolia varten.<br \/>\n            AOP\n        <\/p>\n<p class=\"article-content article-content-width !bg-background\">\u2013 Minua hirvitti, kun ensimm\u00e4iset kiharat putosivat lattialle. En ikin\u00e4 suostuisi leikkaamaan omia hiuksiani, sill\u00e4 uskon, ett\u00e4 niiss\u00e4 piilee voimani, nykyisin siilitukassa viihtyv\u00e4 Renny kommentoi.<\/p>\n<p>        <a itemprop=\"url\" href=\"https:\/\/www.seiska.fi\/kotimaa\/renny-ja-johanna-harlin-suuri-muutos-perheessa\/2003134\" rel=\"nofollow noopener\" target=\"_blank\"><\/p>\n<p>\nRenny ja Johanna Harlin\n<\/p>\n<p class=\"section-date\">\n        <strong class=\"article-section\" data-section=\"kotimaa\"><br \/>\n            kotimaa<br \/>\n        <\/strong><br \/>\n        25.11.2025 13:26\n    <\/p>\n<p>Renny ja Johanna Harlin: Suuri muutos perheess\u00e4\n    <\/p>\n<p itemprop=\"description\" class=\"subtitle \">\n    Harlinien perheen arki on muuttunut toden teolla.\n<\/p>\n<p>        <\/a><\/p>\n<p class=\"article-content article-content-width !bg-background\">Juuri 39 vuotta t\u00e4ytt\u00e4nyt Geena haaveili lapsista ja kertoi parin haluavan ison perheen. Todellisuudessa liitto veteli jo viimeisi\u00e4\u00e4n, sill\u00e4 1997 Rennyn sihteeri synnytti Rennyn -pojan. Pariskunnan ero astui voimaan 1998. Avioliittoa rasitti my\u00f6s Geenan mukaan Rennyn kova mustasukkaisuus.<\/p>\n<p>                <img decoding=\"async\" src=\"https:\/\/www.europesays.com\/fi\/wp-content\/uploads\/2026\/01\/2003472.webp.jpeg\" width=\"576\" height=\"322\" alt=\"Renny ja Geena h\u00e4\u00e4vuonnaan 1993.\" loading=\"lazy\" \/>            <\/p>\n<p>\n            Renny ja Geena h\u00e4\u00e4vuonnaan 1993.<br \/>\n            AOP\n        <\/p>\n<p>Lapsia sittenkin<\/p>\n<p class=\"article-content article-content-width !bg-background\">Geenan toive toteutui lopulta eri miehen kanssa, sill\u00e4 h\u00e4n sai esikoisensa 46-vuotiaana iranilaisen neurokirurgin kanssa. Suhteesta syntyi kaikkiaan kolme lasta ja pari erosi 2017.<\/p>\n<p>        <a itemprop=\"url\" href=\"https:\/\/www.seiska.fi\/kotimaa\/yllattava-paljastus-renny-harlinin-tyttaresta\/1995238\" rel=\"nofollow noopener\" target=\"_blank\"><\/p>\n<p>\nRenny ja Johanna Harlin\n<\/p>\n<p class=\"section-date\">\n        <strong class=\"article-section\" data-section=\"kotimaa\"><br \/>\n            kotimaa<br \/>\n        <\/strong><br \/>\n        17.11.2025 14:52\n    <\/p>\n<p>Yll\u00e4tt\u00e4v\u00e4 paljastus Renny Harlinin tytt\u00e4rest\u00e4\n    <\/p>\n<p itemprop=\"description\" class=\"subtitle \">\n    Renny ja Johanna Harlinin esikoinen, Coco-tyt\u00e4r, t\u00e4ytti t\u00e4n\u00e4 vuonna kolme.\n<\/p>\n<p>        <\/a><\/p>\n<p class=\"article-content article-content-width !bg-background\">Geena sai my\u00f6s hyvi\u00e4 ty\u00f6tilaisuuksia viel\u00e4 my\u00f6hemmin muun muassa sarjoista Rouva presidentti ja Greyn anatomia. Ensimm\u00e4isest\u00e4 h\u00e4n my\u00f6s voitti Golden Globe -palkinnon.<\/p>\n<p>                <img decoding=\"async\" src=\"https:\/\/www.europesays.com\/fi\/wp-content\/uploads\/2026\/01\/2003494.webp.jpeg\" width=\"576\" height=\"720\" alt=\"Renny, 66, ja Johanna Harlinin, 31, kolmannen yhteisen lapsen laskettu aika on huhtikuussa.\" loading=\"lazy\" \/>            <\/p>\n<p>\n            Renny, 66, ja Johanna Harlinin, 31, kolmannen yhteisen lapsen laskettu aika on huhtikuussa.<br \/>\n            Seiskan arkisto\n        <\/p>\n<p class=\"article-content article-content-width !bg-background\">Renny kiisti my\u00f6hemmin uskottomuuden ja sanoi avioliiton olleen k\u00e4yt\u00e4nn\u00f6ss\u00e4 jo ohi Geenan kanssa, kun Renny oli suhteessa sihteeriins\u00e4. Geena muisti asian toisin.<\/p>\n<p>                <img decoding=\"async\" src=\"https:\/\/www.europesays.com\/fi\/wp-content\/uploads\/2026\/01\/2003583.webp.jpeg\" width=\"576\" height=\"322\" alt=\"Nykyisin 69-vuotias Geena edisti hein\u00e4kuussa Hollywoodissa.\" loading=\"lazy\" \/>            <\/p>\n<p>\n            Nykyisin 69-vuotias Geena edisti hein\u00e4kuussa Hollywoodissa.<br \/>\n            AOP\n        <\/p>\n<p class=\"article-content article-content-width !bg-background\">\u2013\u00a0 En mene yksityiskohtiin. Niist\u00e4 ei tullut haloota silloinkaan, joten turha niist\u00e4 on nytk\u00e4\u00e4n meuhkata. Sanon vain, ett\u00e4 Renny petti minut hirvitt\u00e4vimm\u00e4ll\u00e4 mahdollisella tavalla. H\u00e4nen tekonsa sattui todella syv\u00e4sti. Minua oli vuosien ajan pidetty ep\u00e4luotettavana. Olin tapellut kaiken sen l\u00e4pi, ja sain t\u00e4llaisen palkinnon, Geena totesi vuoden 2022 muistelmateoksessaan.<\/p>\n<p>        <a itemprop=\"url\" href=\"https:\/\/www.seiska.fi\/kotimaa\/renny-ja-johanna-harlin-vauva-tulossa\/1969416\" rel=\"nofollow noopener\" target=\"_blank\"><\/p>\n<p>\nRenny ja Johanna Harlin\n<\/p>\n<p class=\"section-date\">\n        <strong class=\"article-section\" data-section=\"kotimaa\"><br \/>\n            kotimaa<br \/>\n        <\/strong><br \/>\n        22.10.2025 07:47\n    <\/p>\n<p>Renny ja Johanna Harlin: Vauva tulossa!\n    <\/p>\n<p itemprop=\"description\" class=\"subtitle \">\n    Harlinit hehkuttavat onneaan The Harlin Show -podcastissa.\n<\/p>\n<p>        <\/a><\/p>\n","protected":false},"excerpt":{"rendered":"&#8211; Davis Geena+Harlin Renny-3.JPGDavis Geena+Harlin Renny-3 Event in Hollywood Life &#8211; California, Red Carpet Event, Vertical, USA, Film&hellip;\n","protected":false},"author":2,"featured_media":130527,"comment_status":"","ping_status":"","sticky":false,"template":"","format":"standard","meta":{"footnotes":""},"categories":[136],"tags":[1075,407,137,33,31,30,20110,4169,408,2304,651,32,8850,109],"class_list":{"0":"post-130526","1":"post","2":"type-post","3":"status-publish","4":"format-standard","5":"has-post-thumbnail","7":"category-julkkikset","8":"tag-avioliitto","9":"tag-celebrities","10":"tag-entertainment","11":"tag-fi","12":"tag-finland","13":"tag-finnish","14":"tag-geena-davis","15":"tag-hollywood","16":"tag-julkkikset","17":"tag-renny-harlin","18":"tag-suhteet","19":"tag-suomi","20":"tag-uskottomuus","21":"tag-viihde"},"share_on_mastodon":{"url":"https:\/\/pubeurope.com\/@fi\/115818749172630030","error":""},"_links":{"self":[{"href":"https:\/\/www.europesays.com\/fi\/wp-json\/wp\/v2\/posts\/130526","targetHints":{"allow":["GET"]}}],"collection":[{"href":"https:\/\/www.europesays.com\/fi\/wp-json\/wp\/v2\/posts"}],"about":[{"href":"https:\/\/www.europesays.com\/fi\/wp-json\/wp\/v2\/types\/post"}],"author":[{"embeddable":true,"href":"https:\/\/www.europesays.com\/fi\/wp-json\/wp\/v2\/users\/2"}],"replies":[{"embeddable":true,"href":"https:\/\/www.europesays.com\/fi\/wp-json\/wp\/v2\/comments?post=130526"}],"version-history":[{"count":0,"href":"https:\/\/www.europesays.com\/fi\/wp-json\/wp\/v2\/posts\/130526\/revisions"}],"wp:featuredmedia":[{"embeddable":true,"href":"https:\/\/www.europesays.com\/fi\/wp-json\/wp\/v2\/media\/130527"}],"wp:attachment":[{"href":"https:\/\/www.europesays.com\/fi\/wp-json\/wp\/v2\/media?parent=130526"}],"wp:term":[{"taxonomy":"category","embeddable":true,"href":"https:\/\/www.europesays.com\/fi\/wp-json\/wp\/v2\/categories?post=130526"},{"taxonomy":"post_tag","embeddable":true,"href":"https:\/\/www.europesays.com\/fi\/wp-json\/wp\/v2\/tags?post=130526"}],"curies":[{"name":"wp","href":"https:\/\/api.w.org\/{rel}","templated":true}]}}