{"id":130530,"date":"2026-01-01T07:57:11","date_gmt":"2026-01-01T07:57:11","guid":{"rendered":"https:\/\/www.europesays.com\/fi\/130530\/"},"modified":"2026-01-01T07:57:11","modified_gmt":"2026-01-01T07:57:11","slug":"saara-aalto-unelmoi-uudesta-levysta-burnoutin-jalkeen","status":"publish","type":"post","link":"https:\/\/www.europesays.com\/fi\/130530\/","title":{"rendered":"Saara Aalto unelmoi uudesta levyst\u00e4 burnoutin j\u00e4lkeen"},"content":{"rendered":"<p><strong>Saara Aalto<\/strong> viett\u00e4\u00e4 t\u00e4n\u00e4 vuonna tavallista enemm\u00e4n aikaa lapsuuden kotikaupungissaan Oulussa, joka on toinen <a href=\"https:\/\/oulu2026.eu\/\" target=\"_blank\" rel=\"noreferrer noopener nofollow\">Euroopan kulttuurip\u00e4\u00e4kaupungeista 2026<\/a>. <\/p>\n<p>Avajaisten lis\u00e4ksi Aalto esiintyy vuoden lopulla ensi-iltaan tulevassa musikaalissa. Artistin el\u00e4m\u00e4 on kuitenkin osittain kaukana aurinkoisessa Espanjassa, jonne h\u00e4n aikoo jossain vaiheessa my\u00f6s muuttaa.<\/p>\n<p>Suunnittelette puolisosi Merin kanssa muuttoa ekokyl\u00e4\u00e4n Espanjassa. Miss\u00e4 vaiheessa projekti on nyt?<\/p>\n<p>\u201dOlemme tosiaan hankkimassa kotia kyl\u00e4st\u00e4, joka sijaitsee 45 minuutin ajomatkan p\u00e4\u00e4ss\u00e4 Alicantesta sis\u00e4maahan p\u00e4in. Mutta olemme maksaneet vasta pienen aloitusj\u00e4senmaksun. Meid\u00e4n ta\u00adloamme ei viel\u00e4 aleta sinne rakentaa, mutta k\u00e4ymme paikan p\u00e4\u00e4ll\u00e4 ja olemme hengess\u00e4 mukana. Kyl\u00e4n alue on aivan ihana! <\/p>\n<p>Emme ole viel\u00e4 valinneet tonttia, mutta varmasti haluamme kodin jonnekin ylemm\u00e4s rinteeseen, kuin mihin siell\u00e4 nyt rakennetaan. Sen n\u00e4kee sitten tulevina vuosina, muutammeko sinne ihan t\u00e4ysip\u00e4iv\u00e4isesti. Kun nyt olemme v\u00e4lill\u00e4 Espanjassa, vuokraamme aina jonkin asunnon.\u201d<\/p>\n<p>Miten jaat el\u00e4m\u00e4si kahteen maahan?<\/p>\n<p>\u201dEn jaksa en\u00e4\u00e4 sellaista X Factor -aikojen matkalaukkuel\u00e4m\u00e4\u00e4, jolloin keikkailin koko ajan. Haluan jaksottaa el\u00e4m\u00e4\u00e4ni ja valikoida tarkasti, mit\u00e4 teen, ja j\u00e4rjest\u00e4\u00e4 el\u00e4m\u00e4ni niin, ett\u00e4 voin tehd\u00e4 t\u00f6it\u00e4 Espanjassa. <\/p>\n<p>Minullahan on nettilaulukoulu, jossa valmennan laulajia, ja sit\u00e4 voi tehd\u00e4 miss\u00e4 vain. Lis\u00e4ksi alan t\u00e4n\u00e4 vuonna tehd\u00e4 uutta levy\u00e4, ja samoin sit\u00e4 voin tehd\u00e4 my\u00f6s Espanjassa.\u201d<\/p>\n<p>Onko Oulussa mik\u00e4\u00e4n paremmin kuin Espanjan auringossa?<\/p>\n<p>\u201dNo siell\u00e4 on isk\u00e4 ja \u00e4iti tietenkin, ja veli ja isovanhempia. Suomessa asun p\u00e4\u00e4kaupunkiseudulla, ja Oulu on sielt\u00e4 aika kaukana. Se v\u00e4lill\u00e4 harmittaa. Ja Oulussa on kunnon talvi, se on ihanaa. Se on todellakin Oulun hyv\u00e4 puoli. Joulukonserttikin tuntuu aivan erilaiselta, kun maassa on lunta.\u201d<\/p>\n<p>Laulat Oulun kulttuurip\u00e4\u00e4kaupunkivuoden avajaisissa. Mit\u00e4 tunnin torikonsertissa kuullaan?<\/p>\n<p>\u201dSiit\u00e4 tulee l\u00e4pileikkaus urani kohokohdista. Luultavasti ved\u00e4n useammankin Britannian The X Factorissa esitt\u00e4m\u00e4ni kappaleen, kuten <strong>Sian<\/strong> Chandelierin. Lis\u00e4ksi laulan jotain euroviisumatkaltani sek\u00e4 bravuureitani isoista kansainv\u00e4lisist\u00e4 coverbiiseist\u00e4.\u201d<\/p>\n<p>Viet\u00e4tk\u00f6 juhlavuoden aikana enemm\u00e4nkin aikaa Oulussa?<\/p>\n<p>\u201dOlen vanhempieni luona avajaisten j\u00e4lkeen pari viikkoa ja palaan kaupunkiin syksyll\u00e4, kun aletaan treenata j\u00e4\u00e4hallissa esitett\u00e4v\u00e4\u00e4 joulumusikaalia Lumipallo. Se on massiivinen, miljoonaluokan tuotanto, joka yhdist\u00e4\u00e4 joulun ja Kalevalan. <\/p>\n<p><strong>Kristo Salminen<\/strong> esitt\u00e4\u00e4 joulupukkia, ja oma hahmoni on Louhi eli tarinan pahis, joka haluaa valloittaa maailman. Se on minulle hauska haaste, koska olen t\u00e4h\u00e4n asti tehnyt vain prinsessarooleja.\u201d<\/p>\n<p>Kev\u00e4\u00e4ll\u00e4 jatkat yhteiskiertuetta Teemu Roivaisen kanssa. Oletko oppinut kiertueen aikana ex-puolisostasi jotain uutta?<\/p>\n<p>\u201dRakkaustarina-kiertue on ylitt\u00e4nyt kaikki odotukset ja haaveet. Meill\u00e4 on tosi mielet\u00f6n tarina yhdess\u00e4, ja se on konsertin punainen lanka. On ihanaa puhua ihmisille rakkaudestamme ja n\u00e4ytt\u00e4\u00e4, miten t\u00e4rke\u00e4 v\u00e4lisemme yhteys edelleen on. <\/p>\n<p>En ole ehk\u00e4 ihan uutta oppinut, mutta se on taas yll\u00e4tt\u00e4nyt, miten loputtomasti Teemulla on energiaa. H\u00e4n on siell\u00e4 aina roudaamassakin, vaikka yrit\u00e4n sanoa, ett\u00e4 ei sit\u00e4 nyt artistin tarvitsisi v\u00e4ltt\u00e4m\u00e4tt\u00e4 tehd\u00e4.\u201d<\/p>\n<p><a href=\"https:\/\/seura.fi\/viihde\/julkkikset\/ex-pariskunta-saara-aalto-ja-teemu-roivainen-kaikki-on-ollut-valillamme-aina-helppoa\/\" rel=\"nofollow noopener\" target=\"_blank\">Lue my\u00f6s: Ex-pariskunta Saara Aalto ja Teemu Roivainen: \u201dEromme j\u00e4lkeen olemme olleet yh\u00e4 tiiviisti tekemisiss\u00e4\u201d<\/a><\/p>\n<p>Mist\u00e4 unelmoit juuri nyt, Saara Aalto?<\/p>\n<p>\u201dKyll\u00e4 t\u00e4m\u00e4n hetken unelma on se, ett\u00e4 saisin tehty\u00e4 uuden levyn. Olen odottanut ja v\u00e4ltellytkin sit\u00e4 viisi vuotta. Niin kauan minulla on jo ollut levylle visio ja konsepti, mutta en ole tehnyt sit\u00e4. <\/p>\n<p>Olen t\u00e4n\u00e4 aikana toipunut burnoutista, edellisten vuosien hullusta meiningist\u00e4. Musiikkiala on tosi vaativa ja kuormittava. Nyt kuitenkin tuntuu, ett\u00e4 se levy haluaa jo tulla minusta ulos, mutta j\u00e4nnitt\u00e4\u00e4 ja pelottaa tosi paljon. On t\u00e4rke\u00e4\u00e4 pysy\u00e4 itselleen lojaalina siin\u00e4, ett\u00e4 en v\u00e4syt\u00e4 itse\u00e4ni ja l\u00e4hde siihen rumbaan v\u00e4\u00e4r\u00e4ll\u00e4 tavalla. Haluan tehd\u00e4 levyn omilla ehdoilla ja t\u00e4ysin omaksi iloksi.\u201d<\/p>\n","protected":false},"excerpt":{"rendered":"Saara Aalto viett\u00e4\u00e4 t\u00e4n\u00e4 vuonna tavallista enemm\u00e4n aikaa lapsuuden kotikaupungissaan Oulussa, joka on toinen Euroopan kulttuurip\u00e4\u00e4kaupungeista 2026. Avajaisten&hellip;\n","protected":false},"author":2,"featured_media":130531,"comment_status":"","ping_status":"","sticky":false,"template":"","format":"standard","meta":{"footnotes":""},"categories":[130],"tags":[137,33,31,30,20275,952,5508,32,12422,109],"class_list":{"0":"post-130530","1":"post","2":"type-post","3":"status-publish","4":"format-standard","5":"has-post-thumbnail","7":"category-viihde","8":"tag-entertainment","9":"tag-fi","10":"tag-finland","11":"tag-finnish","12":"tag-kulttuuripaakaupunki","13":"tag-oulu","14":"tag-saara-aalto","15":"tag-suomi","16":"tag-teemu-roivainen","17":"tag-viihde"},"share_on_mastodon":{"url":"https:\/\/pubeurope.com\/@fi\/115818780617649091","error":""},"_links":{"self":[{"href":"https:\/\/www.europesays.com\/fi\/wp-json\/wp\/v2\/posts\/130530","targetHints":{"allow":["GET"]}}],"collection":[{"href":"https:\/\/www.europesays.com\/fi\/wp-json\/wp\/v2\/posts"}],"about":[{"href":"https:\/\/www.europesays.com\/fi\/wp-json\/wp\/v2\/types\/post"}],"author":[{"embeddable":true,"href":"https:\/\/www.europesays.com\/fi\/wp-json\/wp\/v2\/users\/2"}],"replies":[{"embeddable":true,"href":"https:\/\/www.europesays.com\/fi\/wp-json\/wp\/v2\/comments?post=130530"}],"version-history":[{"count":0,"href":"https:\/\/www.europesays.com\/fi\/wp-json\/wp\/v2\/posts\/130530\/revisions"}],"wp:featuredmedia":[{"embeddable":true,"href":"https:\/\/www.europesays.com\/fi\/wp-json\/wp\/v2\/media\/130531"}],"wp:attachment":[{"href":"https:\/\/www.europesays.com\/fi\/wp-json\/wp\/v2\/media?parent=130530"}],"wp:term":[{"taxonomy":"category","embeddable":true,"href":"https:\/\/www.europesays.com\/fi\/wp-json\/wp\/v2\/categories?post=130530"},{"taxonomy":"post_tag","embeddable":true,"href":"https:\/\/www.europesays.com\/fi\/wp-json\/wp\/v2\/tags?post=130530"}],"curies":[{"name":"wp","href":"https:\/\/api.w.org\/{rel}","templated":true}]}}