{"id":130544,"date":"2026-01-01T08:18:08","date_gmt":"2026-01-01T08:18:08","guid":{"rendered":"https:\/\/www.europesays.com\/fi\/130544\/"},"modified":"2026-01-01T08:18:08","modified_gmt":"2026-01-01T08:18:08","slug":"salatut-elamat-juonipaljastukset-kristian-ja-joanna-yllatetaan-sangysta","status":"publish","type":"post","link":"https:\/\/www.europesays.com\/fi\/130544\/","title":{"rendered":"Salatut el\u00e4m\u00e4t -juonipaljastukset: Kristian ja Joanna yll\u00e4tet\u00e4\u00e4n s\u00e4ngyst\u00e4"},"content":{"rendered":"<p>\n            Salatut el\u00e4m\u00e4t: Kristian ja Joanna<br \/>\n            MTV\n        <\/p>\n<p class=\"subtitle \">Ensi viikon Salatut el\u00e4m\u00e4t -jaksoissa Kristian ja Joanna yll\u00e4ttyv\u00e4t, Ismo Pettyy sek\u00e4 Kari ja Gunnar j\u00e4nnitt\u00e4v\u00e4t tosi-tv-kuvauksia.<\/p>\n<p class=\"article-content article-content-width !bg-background\">Kari ja Gunnar j\u00e4nnitt\u00e4v\u00e4t tosi-tv-sarjan kuvauksia. Dahliaa ep\u00e4ilytt\u00e4\u00e4 koko touhu, kun taas Salla suhtautuu asiaan positiivisesti. Kari ja Gunnar j\u00e4\u00e4tyv\u00e4t kameroiden edess\u00e4. Pirre ei ole tyytyv\u00e4inen saamaansa materiaaliin.\u00a0<\/p>\n<p class=\"article-content article-content-width !bg-background\">Salla, Kari, Gunnar ja Dahlia ajautuvat pettynein\u00e4 riitaan, jonka Pirre kuvaajineen kuvaa. Nelikko luulee, ettei sarjaa synnyk\u00e4\u00e4n, mutta yll\u00e4tyksekseen saavat Pirrelt\u00e4 puhelun.<\/p>\n<p class=\"article-content article-content-width !bg-background\">Tatu ei saa Kallea mielest\u00e4\u00e4n. Ismo p\u00e4\u00e4tt\u00e4\u00e4 saattaa Kallen t\u00f6ihin, ettei t\u00e4m\u00e4 ratkeaisi matkalla juomaan. Kalle tajuaa olevansa heikossa jamassa ja p\u00e4\u00e4tt\u00e4\u00e4 vieroittaa itsens\u00e4 rakkauden kaipuusta, sill\u00e4 se johti h\u00e4net ratkeamaan. Kalle kielt\u00e4ytyy tapaamasta Tatua.<\/p>\n<p>        <a itemprop=\"url\" href=\"https:\/\/www.seiska.fi\/katso\/salatut-elamat-nain-syntyi-hurja-kuolemakohtaus\/2025852\" rel=\"nofollow noopener\" target=\"_blank\"><\/p>\n<p>\nSalatut el\u00e4m\u00e4t:\n<\/p>\n<p class=\"section-date\">\n        <strong class=\"article-section\" data-section=\"katso\"><br \/>\n            katso<br \/>\n        <\/strong><br \/>\n        22.12.2025 05:15\n    <\/p>\n<p>Salatut el\u00e4m\u00e4t: N\u00e4in syntyi hurja kuolemakohtaus\n    <\/p>\n<p itemprop=\"description\" class=\"subtitle \">\n    N\u00e4yttelij\u00e4 Elina Niskanen kertoo yksityiskohtaisesti, miten h\u00e4nen hahmonsa tarina p\u00e4\u00e4ttyi.\n<\/p>\n<p>        <\/a><\/p>\n<p class=\"article-content article-content-width !bg-background\">Kristian hakee loputkin tavaransa Evan asunnosta. Joanna tarjoutuu muuttoavuksi. Kristian l\u00f6yt\u00e4\u00e4 asunnosta Nadjan lelun. Joanna lohduttaa miest\u00e4. Halaus muuttuu suudelmaksi ja suudelman my\u00f6t\u00e4 kaksikko p\u00e4\u00e4tyy v\u00e4llyjen v\u00e4liin. He kuitenkin yll\u00e4ttyv\u00e4t, sill\u00e4 hahmo ilmaantuu asuntoon.<\/p>\n<p>J\u00e4rkytyksi\u00e4<\/p>\n<p class=\"article-content article-content-width !bg-background\">Ismoa pettyy, kun Lasse patistaa h\u00e4net siivoamaan taloyhti\u00f6n saunan. Mies purkaa harmistustaan Kallelle ja p\u00e4\u00e4tt\u00e4\u00e4 irtisanoutua. Lasse suostuu Ismon irtisanoutumiseen.\u00a0<\/p>\n<p class=\"article-content article-content-width !bg-background\">Ismo haluaa ostaa Aaron kaupan, mutta pettyy tehdess\u00e4\u00e4n tarjouksen. Aaro on ehtinyt jo myyd\u00e4 kauppansa. Avajaisissa Ismo tyrmistyy saadessaan tiet\u00e4\u00e4 uuden omistajan henkil\u00f6llisyyden.<\/p>\n<p>        <a itemprop=\"url\" href=\"https:\/\/www.seiska.fi\/katso\/salatut-elamat-juonipaljastukset-kalle-saa-yllattavan-ehdotuksen\/2017409\" rel=\"nofollow noopener\" target=\"_blank\"><\/p>\n<p>\nSalatut el\u00e4m\u00e4t -juonipaljastukset:\n<\/p>\n<p class=\"section-date\">\n        <strong class=\"article-section\" data-section=\"katso\"><br \/>\n            katso<br \/>\n        <\/strong><br \/>\n        18.12.2025 05:15\n    <\/p>\n<p>Salatut el\u00e4m\u00e4t -juonipaljastukset: Kalle saa yll\u00e4tt\u00e4v\u00e4n ehdotuksen\n    <\/p>\n<p itemprop=\"description\" class=\"subtitle \">\n    Ensi viikon Salatut el\u00e4m\u00e4t -jaksoissa Kalle yll\u00e4ttyy ja my\u00f6nt\u00e4\u00e4 toilailunsa. Laila puolestaan suutelee jotakuta muuta kuin Ollia.\n<\/p>\n<p>        <\/a><\/p>\n<p>                <img decoding=\"async\" src=\"https:\/\/www.europesays.com\/fi\/wp-content\/uploads\/2026\/01\/2030224.webp.jpeg\" width=\"576\" height=\"274\" title=\"Ismo on vihainen saadessaan tiet\u00e4\u00e4, ett\u00e4 kauppa onkin jo myyty.\" alt=\"Salatut el\u00e4m\u00e4t: Ismo Laitela\" loading=\"lazy\" \/>            <\/p>\n<p>\n            Ismo on vihainen saadessaan tiet\u00e4\u00e4, ett\u00e4 kauppa onkin jo myyty.<br \/>\n            MTV\n        <\/p>\n<p class=\"article-content article-content-width !bg-background\">Matias ei suostu kertomaan, mik\u00e4 h\u00e4nt\u00e4 vaivaa. Lopulta h\u00e4n kertoo Ollille suudelleensa Matiasta. Toisaalla Dahlia haluaa Magnuksen avautuvan ongelmistaan. Dahlia kehottaa Magnusta miettim\u00e4\u00e4n, onko t\u00e4ll\u00e4 viel\u00e4 tunteita Matiasta kohtaan.<\/p>\n<p class=\"italic m-italic article-content article-content-width !bg-background\">Salatut el\u00e4m\u00e4t ma-to MTV3:lla ja MTV Katsomossa 5.1. alkaen.<\/p>\n<p>        <a itemprop=\"url\" href=\"https:\/\/www.seiska.fi\/katso\/kerttu-rissanen-avautuu-salatut-elamat-vuosistaan-villia-elamaa\/2026821\" rel=\"nofollow noopener\" target=\"_blank\"><\/p>\n<p>\nAvautuu Salkkarit-vuosistaan\n<\/p>\n<p class=\"section-date\">\n        <strong class=\"article-section\" data-section=\"katso\"><br \/>\n            katso<br \/>\n        <\/strong><br \/>\n        20.12.2025 09:15\n    <\/p>\n<p>Kerttu Rissanen avautuu Salatut el\u00e4m\u00e4t -vuosistaan: &#8221;Villi\u00e4 el\u00e4m\u00e4\u00e4&#8221;\n    <\/p>\n<p itemprop=\"description\" class=\"subtitle \">\n    Kerttu Rissanen n\u00e4ytteli Salatuissa el\u00e4miss\u00e4 vuosina 2014\u20132020.\n<\/p>\n<p>        <\/a><\/p>\n","protected":false},"excerpt":{"rendered":"Salatut el\u00e4m\u00e4t: Kristian ja Joanna MTV Ensi viikon Salatut el\u00e4m\u00e4t -jaksoissa Kristian ja Joanna yll\u00e4ttyv\u00e4t, Ismo Pettyy sek\u00e4&hellip;\n","protected":false},"author":2,"featured_media":130545,"comment_status":"","ping_status":"","sticky":false,"template":"","format":"standard","meta":{"footnotes":""},"categories":[133],"tags":[137,33,31,30,23114,23113,6125,905,209,12504,4463,32,206,1214,1318,156,109],"class_list":{"0":"post-130544","1":"post","2":"type-post","3":"status-publish","4":"format-standard","5":"has-post-thumbnail","7":"category-televisiot","8":"tag-entertainment","9":"tag-fi","10":"tag-finland","11":"tag-finnish","12":"tag-ismo","13":"tag-joanna","14":"tag-kristian","15":"tag-mtv3","16":"tag-salatut-elamat","17":"tag-salatut-elamat-nayttelija","18":"tag-salkkarit","19":"tag-suomi","20":"tag-televisiot","21":"tag-tosi-tv","22":"tag-tv-ohjelma","23":"tag-tv","24":"tag-viihde"},"share_on_mastodon":{"url":"https:\/\/pubeurope.com\/@fi\/115818863168716718","error":""},"_links":{"self":[{"href":"https:\/\/www.europesays.com\/fi\/wp-json\/wp\/v2\/posts\/130544","targetHints":{"allow":["GET"]}}],"collection":[{"href":"https:\/\/www.europesays.com\/fi\/wp-json\/wp\/v2\/posts"}],"about":[{"href":"https:\/\/www.europesays.com\/fi\/wp-json\/wp\/v2\/types\/post"}],"author":[{"embeddable":true,"href":"https:\/\/www.europesays.com\/fi\/wp-json\/wp\/v2\/users\/2"}],"replies":[{"embeddable":true,"href":"https:\/\/www.europesays.com\/fi\/wp-json\/wp\/v2\/comments?post=130544"}],"version-history":[{"count":0,"href":"https:\/\/www.europesays.com\/fi\/wp-json\/wp\/v2\/posts\/130544\/revisions"}],"wp:featuredmedia":[{"embeddable":true,"href":"https:\/\/www.europesays.com\/fi\/wp-json\/wp\/v2\/media\/130545"}],"wp:attachment":[{"href":"https:\/\/www.europesays.com\/fi\/wp-json\/wp\/v2\/media?parent=130544"}],"wp:term":[{"taxonomy":"category","embeddable":true,"href":"https:\/\/www.europesays.com\/fi\/wp-json\/wp\/v2\/categories?post=130544"},{"taxonomy":"post_tag","embeddable":true,"href":"https:\/\/www.europesays.com\/fi\/wp-json\/wp\/v2\/tags?post=130544"}],"curies":[{"name":"wp","href":"https:\/\/api.w.org\/{rel}","templated":true}]}}