{"id":130546,"date":"2026-01-01T08:20:06","date_gmt":"2026-01-01T08:20:06","guid":{"rendered":"https:\/\/www.europesays.com\/fi\/130546\/"},"modified":"2026-01-01T08:20:06","modified_gmt":"2026-01-01T08:20:06","slug":"teeman-areenan-100-toive-elokuvaa-nayttaa-rakastettuja-kotimaisia","status":"publish","type":"post","link":"https:\/\/www.europesays.com\/fi\/130546\/","title":{"rendered":"Teeman &#038; Areenan 100 toive-elokuvaa n\u00e4ytt\u00e4\u00e4 rakastettuja kotimaisia"},"content":{"rendered":"<p>\n  Teemalla ja Areenassa rullaa vuoden 2026 ajan kotimaisia elokuvia n\u00e4ytt\u00e4v\u00e4 projekti nimelt\u00e4 100 toive-elokuvaa.<\/p>\n<p>\n            Teksti:          <\/p>\n<p>\n            Jussi Karjalainen          <\/p>\n<p> T\u00e4n\u00e4\u00e4n n\u00e4ht\u00e4v\u00e4t mustavalkoiset Komisario Palmut aloittavat 100 toive-elokuvaa -ilotulituksen. Normaalisti Palmut menev\u00e4t pyh\u00e4kaudella ihan muuten vain ilman kontekstia.<\/p>\n<p><a href=\"https:\/\/areena.yle.fi\/1-607065\" rel=\"nofollow noopener\" target=\"_blank\">Komisario Palmun erehdyksen<\/a> (1960) toivonut <strong>Sanna<\/strong> ojentaa sen \u201dKaikille rakkaille kotimaisten elokuvien yst\u00e4ville! Komisario Palmun erehdys ja <strong>Jussi Jurkka<\/strong>, I lav juu f\u00f6rev\u00f6r!\u201d Palmun debyytti\u00e4 toivoi moni, muutama jopa perustelulla, ettei ole n\u00e4hnyt juuri t\u00e4t\u00e4 Palmua.<\/p>\n<p>Sarjassa tosiaan on kyse kotimaisista filmeist\u00e4. Sarja pilkahtaa seuraavan kerran ruutuun loppiaisena <strong>Kaurism\u00e4kien<\/strong><a href=\"https:\/\/areena.yle.fi\/1-1013919\" target=\"_blank\" rel=\"noreferrer noopener nofollow\"> Arvottomilla <\/a>(1982). <strong>Jori<\/strong> toivoi sit\u00e4 sanoilla: \u201dLahjoitan elokuvan itselleni, koska muistan miten istuttiin maton reunalla ja heiluteltiin jalkoja.\u201d Ehk\u00e4p\u00e4 lausunto avautuu katsomalla elokuva.<\/p>\n<p>Sarja jaetaan kahteenkymmeneen teemaan, joista ensimm\u00e4inen kuuluu \u201dLaitonta touhua\u201d. Teemaksi vaihtuu tammikuun lopussa \u201dMatkan p\u00e4\u00e4 tuntematon\u201d.<\/p>\n<p>100 toive-elokuvaa, torstai 1.1. klo 12.25, Teema &amp; Fem<\/p>\n","protected":false},"excerpt":{"rendered":"Teemalla ja Areenassa rullaa vuoden 2026 ajan kotimaisia elokuvia n\u00e4ytt\u00e4v\u00e4 projekti nimelt\u00e4 100 toive-elokuvaa. Teksti: Jussi Karjalainen T\u00e4n\u00e4\u00e4n&hellip;\n","protected":false},"author":2,"featured_media":130547,"comment_status":"","ping_status":"","sticky":false,"template":"","format":"standard","meta":{"footnotes":""},"categories":[131],"tags":[9926,155,137,33,173,31,30,14903,4651,11451,172,32,109],"class_list":{"0":"post-130546","1":"post","2":"type-post","3":"status-publish","4":"format-standard","5":"has-post-thumbnail","7":"category-elokuvat","8":"tag-aki-kaurismaki","9":"tag-elokuvat","10":"tag-entertainment","11":"tag-fi","12":"tag-film","13":"tag-finland","14":"tag-finnish","15":"tag-komisario-palmu","16":"tag-kotimainen-elokuva","17":"tag-mika-kaurismaki","18":"tag-movies","19":"tag-suomi","20":"tag-viihde"},"share_on_mastodon":{"url":"https:\/\/pubeurope.com\/@fi\/115818871064488384","error":""},"_links":{"self":[{"href":"https:\/\/www.europesays.com\/fi\/wp-json\/wp\/v2\/posts\/130546","targetHints":{"allow":["GET"]}}],"collection":[{"href":"https:\/\/www.europesays.com\/fi\/wp-json\/wp\/v2\/posts"}],"about":[{"href":"https:\/\/www.europesays.com\/fi\/wp-json\/wp\/v2\/types\/post"}],"author":[{"embeddable":true,"href":"https:\/\/www.europesays.com\/fi\/wp-json\/wp\/v2\/users\/2"}],"replies":[{"embeddable":true,"href":"https:\/\/www.europesays.com\/fi\/wp-json\/wp\/v2\/comments?post=130546"}],"version-history":[{"count":0,"href":"https:\/\/www.europesays.com\/fi\/wp-json\/wp\/v2\/posts\/130546\/revisions"}],"wp:featuredmedia":[{"embeddable":true,"href":"https:\/\/www.europesays.com\/fi\/wp-json\/wp\/v2\/media\/130547"}],"wp:attachment":[{"href":"https:\/\/www.europesays.com\/fi\/wp-json\/wp\/v2\/media?parent=130546"}],"wp:term":[{"taxonomy":"category","embeddable":true,"href":"https:\/\/www.europesays.com\/fi\/wp-json\/wp\/v2\/categories?post=130546"},{"taxonomy":"post_tag","embeddable":true,"href":"https:\/\/www.europesays.com\/fi\/wp-json\/wp\/v2\/tags?post=130546"}],"curies":[{"name":"wp","href":"https:\/\/api.w.org\/{rel}","templated":true}]}}