{"id":130550,"date":"2026-01-01T08:23:06","date_gmt":"2026-01-01T08:23:06","guid":{"rendered":"https:\/\/www.europesays.com\/fi\/130550\/"},"modified":"2026-01-01T08:23:06","modified_gmt":"2026-01-01T08:23:06","slug":"nakokulma-stranger-things-kasvoi-yhdeksassa-vuodessa-ilmioksi-ja-samalla-kasvoivat-niin-paahenkilot-kuin-katsojatkin-ita-hame","status":"publish","type":"post","link":"https:\/\/www.europesays.com\/fi\/130550\/","title":{"rendered":"N\u00e4k\u00f6kulma | Stranger Things kasvoi yhdeks\u00e4ss\u00e4 vuodessa ilmi\u00f6ksi \u2013 ja samalla kasvoivat niin p\u00e4\u00e4henkil\u00f6t kuin katsojatkin &#8211; It\u00e4-H\u00e4me"},"content":{"rendered":"<ol>\n<li><a href=\"https:\/\/news.google.com\/rss\/articles\/CBMiVEFVX3lxTFB4SEhUZ3BJZjFVeWY0R1A0bmRYNEF2T0w3Nk9HVUM1dkQxSnpGZDV3V0dwdnVkMVhaTmlZNENCekx6WEsyd1psNlJoUHdmT3MwMzNuSA?oc=5\" target=\"_blank\" rel=\"nofollow noopener\">N\u00e4k\u00f6kulma | Stranger Things kasvoi yhdeks\u00e4ss\u00e4 vuodessa ilmi\u00f6ksi \u2013 ja samalla kasvoivat niin p\u00e4\u00e4henkil\u00f6t kuin katsojatkin<\/a>&nbsp;&nbsp;It\u00e4-H\u00e4me<\/li>\n<li><a href=\"https:\/\/news.google.com\/rss\/articles\/CBMiVkFVX3lxTFB2Q0stcDZ3dEZEcHRBUWFHcUc3c1RuTGtQU3M2elM2WEFtY1VVc0VySHFBZ2s1U0lJTkVVMVVUREM1cktPbkcxUFRrZ2M3UFpjcEpsQThR?oc=5\" target=\"_blank\" rel=\"nofollow noopener\">Luka Lipposen n\u00e4k\u00f6kulma | Yhdeks\u00e4ss\u00e4 vuodessa Stranger Things kasvoi ilmi\u00f6ksi \u2013 kaikki p\u00e4\u00e4ttyy uudenvuodenp\u00e4iv\u00e4n viimeiseen jaksoon<\/a>&nbsp;&nbsp;Etel\u00e4-Suomen Sanomat<\/li>\n<li><a href=\"https:\/\/news.google.com\/rss\/articles\/CBMi1AFBVV95cUxOMTdpd0xMR2FVYlllRDJ1ZE1SSVduNUNHQXlPQzVfVE5VYTQ2OE5HVVhrWTJ4WC0xMHRNSU9GbHNiSWQ0MnJ6OWZzSVBTTUxScnVOZDJDVDdRQ2lFUTVFRWNPMGFMNWlQZVpyblBWb2szN1g5TmI3V0dPVy00dkhFaFV5ZC1jWG1OY2FSNUNsVzg1QUJxNTFfX3RjSk81dUF3OS1YcE4tVDZXR1BfeTYzVkwzRkF5YUlvTHNBbXE2VzRMa1VuZm5SSU5VRzh5a0JYUTVOeQ?oc=5\" target=\"_blank\" rel=\"nofollow noopener\">Stranger Things loppuu ensi y\u00f6n\u00e4 \u2013 Netflix julkaisi hittisarjasta viel\u00e4 viimeisen trailerin<\/a>&nbsp;&nbsp;Muropaketti.com<\/li>\n<li><a href=\"https:\/\/news.google.com\/rss\/articles\/CBMiX0FVX3lxTE5ILTEtdmZmYzZaaWFTQVA0eTd0N2hoYVVyTnpRZ3N3d3hKeXhWZjk1Y3AtZjJTam1kTi1KTlRJdTdtZzR4VEJrcHdXUzlFRDlyTjhTdTYwZktNOTRkSGZB?oc=5\" target=\"_blank\" rel=\"nofollow noopener\">Kolumni | Netflixin hittisarja Stranger Things p\u00e4\u00e4ttyy yhdeks\u00e4n vuoden j\u00e4lkeen<\/a>&nbsp;&nbsp;HS.fi<\/li>\n<li><a href=\"https:\/\/news.google.com\/rss\/articles\/CBMipwFBVV95cUxPUzRtbUUtQkpTWm5qendweTBwaldPcm9obmU0RDdQRkFDTFNtZXlnV0hYSWFIQkk4TjJaYVlfTHVBMHJiRll6R3VzY1ZUMl9sbzFxS1pLSU5GcEl1VjJxd3U1ejlOVElrWmNiSVlEVldCM21aSzJxak1NcG92NkdKNENrR2Y0ZElIUEthelhKNEFoeHNFaXR4c0o1QmpObDM1X1ZmcEVKdw?oc=5\" target=\"_blank\" rel=\"nofollow noopener\">Stranger Thingsin finaalijakson traileri on ulkona \u2013 1. tammikuuta t\u00e4r\u00e4ht\u00e4\u00e4<\/a>&nbsp;&nbsp;Episodi.fi<\/li>\n<\/ol>\n","protected":false},"excerpt":{"rendered":"N\u00e4k\u00f6kulma | Stranger Things kasvoi yhdeks\u00e4ss\u00e4 vuodessa ilmi\u00f6ksi \u2013 ja samalla kasvoivat niin p\u00e4\u00e4henkil\u00f6t kuin katsojatkin&nbsp;&nbsp;It\u00e4-H\u00e4me Luka Lipposen&hellip;\n","protected":false},"author":2,"featured_media":130551,"comment_status":"","ping_status":"","sticky":false,"template":"","format":"standard","meta":{"footnotes":""},"categories":[130],"tags":[137,33,31,30,108,217,13249,32,140,571,109],"class_list":{"0":"post-130550","1":"post","2":"type-post","3":"status-publish","4":"format-standard","5":"has-post-thumbnail","7":"category-viihde","8":"tag-entertainment","9":"tag-fi","10":"tag-finland","11":"tag-finnish","12":"tag-kulttuuri","13":"tag-netflix","14":"tag-stranger-things","15":"tag-suomi","16":"tag-tv-ja-elokuvat","17":"tag-tv-sarjat","18":"tag-viihde"},"share_on_mastodon":{"url":"https:\/\/pubeurope.com\/@fi\/115818882825628189","error":""},"_links":{"self":[{"href":"https:\/\/www.europesays.com\/fi\/wp-json\/wp\/v2\/posts\/130550","targetHints":{"allow":["GET"]}}],"collection":[{"href":"https:\/\/www.europesays.com\/fi\/wp-json\/wp\/v2\/posts"}],"about":[{"href":"https:\/\/www.europesays.com\/fi\/wp-json\/wp\/v2\/types\/post"}],"author":[{"embeddable":true,"href":"https:\/\/www.europesays.com\/fi\/wp-json\/wp\/v2\/users\/2"}],"replies":[{"embeddable":true,"href":"https:\/\/www.europesays.com\/fi\/wp-json\/wp\/v2\/comments?post=130550"}],"version-history":[{"count":0,"href":"https:\/\/www.europesays.com\/fi\/wp-json\/wp\/v2\/posts\/130550\/revisions"}],"wp:featuredmedia":[{"embeddable":true,"href":"https:\/\/www.europesays.com\/fi\/wp-json\/wp\/v2\/media\/130551"}],"wp:attachment":[{"href":"https:\/\/www.europesays.com\/fi\/wp-json\/wp\/v2\/media?parent=130550"}],"wp:term":[{"taxonomy":"category","embeddable":true,"href":"https:\/\/www.europesays.com\/fi\/wp-json\/wp\/v2\/categories?post=130550"},{"taxonomy":"post_tag","embeddable":true,"href":"https:\/\/www.europesays.com\/fi\/wp-json\/wp\/v2\/tags?post=130550"}],"curies":[{"name":"wp","href":"https:\/\/api.w.org\/{rel}","templated":true}]}}