{"id":130556,"date":"2026-01-01T08:28:09","date_gmt":"2026-01-01T08:28:09","guid":{"rendered":"https:\/\/www.europesays.com\/fi\/130556\/"},"modified":"2026-01-01T08:28:09","modified_gmt":"2026-01-01T08:28:09","slug":"poliisi-epaillyssa-merikaapelin-vaurioittamisesssa-samankaltaisuutta-aikaisempiin-tapauksiin-uutisia-lyhyesti","status":"publish","type":"post","link":"https:\/\/www.europesays.com\/fi\/130556\/","title":{"rendered":"Poliisi: Ep\u00e4illyss\u00e4 merikaapelin vaurioittamisesssa samankaltaisuutta aikaisempiin tapauksiin | Uutisia lyhyesti"},"content":{"rendered":"<p class=\"aw-1gybjub aw-5vja16 kEtdKx kmuxyA yle__article__paragraph\">Viranomaisten haltuun ottaman Fitburg-rahtilaivan miehist\u00f6\u00e4 on p\u00e4\u00e4sty kuulemaan.<\/p>\n<p><img decoding=\"async\" alt=\"Rajavartiolaitoksen helikopteri saattamassa rahtialus Fitburgia merell\u00e4.\" src=\"https:\/\/www.europesays.com\/fi\/wp-content\/uploads\/2026\/01\/39-157617869556ff8a0931.jpeg\" class=\"aw-1l9m598 hKVVvP\"\/><\/p>\n<p>Avaa kuvien katselu<\/p>\n<p>Rajavartiolaitoksen helikopteri saattaa Fitburg alusta Suomenlahdella 31. joulukuuta 2025. Suomen viranomaiset ottivat haltuun aluksen, jonka ep\u00e4ill\u00e4\u00e4n toiminnallaan rikkoneen Elisan merikaapelin Helsingin ja Tallinnan v\u00e4lill\u00e4. Kuva: Rajavartiolaitos \/ Lehtikuva<\/p>\n<p class=\"aw-1gybjub aw-1p7kakr kEtdKx cEmitX yle__article__paragraph\">Poliisi on p\u00e4\u00e4ssyt alustavasti puhuttamaan tietoliikennekaapelin vaurioittamisesta ep\u00e4illyn Fitburg-rahtilaivan miehist\u00f6\u00e4.<\/p>\n<p class=\"aw-1gybjub aw-1p7kakr kEtdKx cEmitX yle__article__paragraph\">\u2013 Aluksella on tehty tutkintatoimenpiteit\u00e4 ja miehist\u00f6\u00e4 on puhuttelu. Nyt arvioimme tilannetta ja miehist\u00f6n roolia, kuvailee KRP:n rikosylikomisario <strong class=\"aw-ak79eh KyCXm yle__article__strong\">Risto Lohi<\/strong>.<\/p>\n<p class=\"aw-1gybjub aw-1p7kakr kEtdKx cEmitX yle__article__paragraph\">\u2013 Miehist\u00f6 on ollut yhteisty\u00f6haluinen, mik\u00e4 edesauttaa tilanteen selvitt\u00e4mist\u00e4, Lohi jatkaa.<\/p>\n<p class=\"aw-1gybjub aw-1p7kakr kEtdKx cEmitX yle__article__paragraph\">Saint Vincentin ja Grenadiinien lipun alla purjehtivan aluksen miehist\u00f6n j\u00e4senet ovat Ven\u00e4j\u00e4n, Georgian, Azerbaid\u017eanin ja Kazakstanin kansalaisia.<\/p>\n<p class=\"aw-1gybjub aw-1p7kakr kEtdKx cEmitX yle__article__paragraph\">Rikosylikomisario Lohen mukaan tutkinta on vasta alussa, eik\u00e4 poliisi kommentoi, liittyyk\u00f6 tapaukseen esimerkiksi valtiollista vaikuttamista. Tutkittavat rikosnimikkeet ovat t\u00e4ss\u00e4 vaiheessa t\u00f6rke\u00e4 tietoliikenteen h\u00e4irint\u00e4, t\u00f6rke\u00e4 vahingonteko ja t\u00f6rke\u00e4n vahingonteon yritys.<\/p>\n<p class=\"aw-1gybjub aw-1p7kakr kEtdKx cEmitX yle__article__paragraph\">Elisan tietoliikennekaapelissa havaittiin vaurio varhain keskiviikkoaamuna. Suomen viranomaiset ottivat eilen aamup\u00e4iv\u00e4ll\u00e4 haltuunsa Fitburgin, jota ep\u00e4ill\u00e4\u00e4n kaapelin vaurioittamisesta. Alus on nyt Kirkkonummella Kantvikin satamassa.<\/p>\n<p class=\"aw-1gybjub aw-1p7kakr kEtdKx cEmitX yle__article__paragraph\">Suomenlahdella on runsaan vuoden aikana tapahtunut useampia kaapelirikkoja, joihin on sekaantunut ulkomaalaisia aluksia.<\/p>\n<p class=\"aw-1gybjub aw-1p7kakr kEtdKx cEmitX yle__article__paragraph\">\u2013 Yhdist\u00e4v\u00e4n\u00e4 tekij\u00e4n\u00e4 on, ett\u00e4 kyse on nytkin Ven\u00e4j\u00e4n suunnasta tulevasta rahtialuksesta, ja mukana on ankkurin ulkona oleminen. N\u00e4iss\u00e4 tapauksissa on sek\u00e4 samankaltaisuuksia ett\u00e4 eroavaisuuksia. Jokainen tapaus k\u00e4yd\u00e4\u00e4n l\u00e4pi omana kokonaisuutenaan, rikosylikomisario Lohi sanoo.<\/p>\n","protected":false},"excerpt":{"rendered":"Viranomaisten haltuun ottaman Fitburg-rahtilaivan miehist\u00f6\u00e4 on p\u00e4\u00e4sty kuulemaan. Avaa kuvien katselu Rajavartiolaitoksen helikopteri saattaa Fitburg alusta Suomenlahdella 31.&hellip;\n","protected":false},"author":2,"featured_media":130557,"comment_status":"","ping_status":"","sticky":false,"template":"","format":"standard","meta":{"footnotes":""},"categories":[12],"tags":[22,23,26,27,33,31,30,17,24,25,28,29,15,18,21,52,1263,5991,32,634,19,20,546,16],"class_list":{"0":"post-130556","1":"post","2":"type-post","3":"status-publish","4":"format-standard","5":"has-post-thumbnail","7":"category-suomi","8":"tag-breaking-news","9":"tag-breakingnews","10":"tag-featured-news","11":"tag-featurednews","12":"tag-fi","13":"tag-finland","14":"tag-finnish","15":"tag-headlines","16":"tag-latest-news","17":"tag-latestnews","18":"tag-main-news","19":"tag-mainnews","20":"tag-news","21":"tag-otsikot","22":"tag-paauutiset","23":"tag-poliisi","24":"tag-rikosepailyt","25":"tag-suomenlahti","26":"tag-suomi","27":"tag-tietoliikenne","28":"tag-top-stories","29":"tag-topstories","30":"tag-turvallisuus","31":"tag-uutiset"},"share_on_mastodon":{"url":"https:\/\/pubeurope.com\/@fi\/115818902893927841","error":""},"_links":{"self":[{"href":"https:\/\/www.europesays.com\/fi\/wp-json\/wp\/v2\/posts\/130556","targetHints":{"allow":["GET"]}}],"collection":[{"href":"https:\/\/www.europesays.com\/fi\/wp-json\/wp\/v2\/posts"}],"about":[{"href":"https:\/\/www.europesays.com\/fi\/wp-json\/wp\/v2\/types\/post"}],"author":[{"embeddable":true,"href":"https:\/\/www.europesays.com\/fi\/wp-json\/wp\/v2\/users\/2"}],"replies":[{"embeddable":true,"href":"https:\/\/www.europesays.com\/fi\/wp-json\/wp\/v2\/comments?post=130556"}],"version-history":[{"count":0,"href":"https:\/\/www.europesays.com\/fi\/wp-json\/wp\/v2\/posts\/130556\/revisions"}],"wp:featuredmedia":[{"embeddable":true,"href":"https:\/\/www.europesays.com\/fi\/wp-json\/wp\/v2\/media\/130557"}],"wp:attachment":[{"href":"https:\/\/www.europesays.com\/fi\/wp-json\/wp\/v2\/media?parent=130556"}],"wp:term":[{"taxonomy":"category","embeddable":true,"href":"https:\/\/www.europesays.com\/fi\/wp-json\/wp\/v2\/categories?post=130556"},{"taxonomy":"post_tag","embeddable":true,"href":"https:\/\/www.europesays.com\/fi\/wp-json\/wp\/v2\/tags?post=130556"}],"curies":[{"name":"wp","href":"https:\/\/api.w.org\/{rel}","templated":true}]}}