{"id":13056,"date":"2025-08-22T10:52:06","date_gmt":"2025-08-22T10:52:06","guid":{"rendered":"https:\/\/www.europesays.com\/fi\/13056\/"},"modified":"2025-08-22T10:52:06","modified_gmt":"2025-08-22T10:52:06","slug":"te-voiko-omalle-lapselle-antaa-208-e-kk-ikuisesti","status":"publish","type":"post","link":"https:\/\/www.europesays.com\/fi\/13056\/","title":{"rendered":"TE: Voiko omalle lapselle antaa 208 e\/kk ikuisesti?"},"content":{"rendered":"<p class=\"ai-optimize-6 ai-optimize-introduction\">Hallitus p\u00e4\u00e4tti viime kev\u00e4\u00e4n kehysriihess\u00e4, ett\u00e4 lahjaveron alarajaa nostetaan ensi vuonna nykyisest\u00e4 5000 eurosta 7500 euroon.<\/p>\n<p class=\"ai-optimize-7\">Toteutuessaan t\u00e4m\u00e4 tarkoittaa sit\u00e4, ett\u00e4 sama lahjanantaja, esimerkiksi vanhempi voisi antaa lapselleen 7499 euron edest\u00e4 lahjoja kolmen vuoden aikana ilman veroseuraamuksia.<\/p>\n<p class=\"ai-optimize-8\"><a href=\"https:\/\/www.talouselama.fi\/uutiset\/a\/0071faa1-f7c0-473d-9892-640862e8210b?ref=ampparit:7339&amp;_gl=1*10t7twv*_ga*MTYyMDA1MDQyMy4xNjk1NDA0NTgx*_ga_3L539PMN3X*czE3NTU4Mzg1MDkkbzE3NjAkZzAkdDE3NTU4Mzg1MDkkajYwJGwwJGgw\" target=\"_blank\" rel=\"noopener nofollow\">Talousel\u00e4m\u00e4<\/a> selvitti Verohallinnosta, olisiko uuden ehdotetun mallin perusteella mahdollista lahjoittaa omalle lapselle 208 euroa kuukaudessa loppuel\u00e4m\u00e4n ajan ilman veroseuraamuksia. Kyseisell\u00e4 summalla 7499 euron raja ei ylity kolmen vuoden aikana.<\/p>\n<p class=\"ai-optimize-9\">Verohallinnon johtava veroasiantuntija <strong>Kalle Isotalo<\/strong> ei n\u00e4e 208 euron kuukausilahjoituksissa estett\u00e4.<\/p>\n<p class=\"ai-optimize-10\">Lahjansaajan vastuulla on ilmoittaa verottajalle, jos verovapaiden lahjojen alaraja ylittyisi esimerkiksi siin\u00e4 tilanteessa, ett\u00e4 lahjanantaja p\u00e4\u00e4tt\u00e4isikin tehd\u00e4 isomman lahjoituksen.<\/p>\n<p class=\"ai-optimize-11\">\u2013 Mutta jos joku tuon menettelyn kokee tarkoituksenmukaiseksi ja pit\u00e4\u00e4 huolta, ett\u00e4 kuukausilahjoitukset ja mahdolliset muut lahjoitukset eiv\u00e4t koskaan ylit\u00e4 asteikon alarajaa kolmen vuoden jaksolla, niin Verohallinnolla ei ole asiaan huomauttamista, Isotalo sanoo TE:n haastattelussa.<\/p>\n<p class=\"ai-optimize-12\">H\u00e4n lis\u00e4\u00e4, ett\u00e4 lahjat otettaisiin huomioon perint\u00f6verotuksessa silloin, jos ne on annettu enint\u00e4\u00e4n kolme vuotta ennen lahjanantajan kuolemaa. Lahjat voidaan my\u00f6s katsoa joskus ennakkoperinn\u00f6ksi.<\/p>\n<p class=\"ai-optimize-13\">Lakimuutos on lausuntokierroksella, jonka j\u00e4lkeen se menee eduskunnan k\u00e4sittelyyn. Lain on m\u00e4\u00e4r\u00e4 tulla voimaan vuoden 2026 alusta.<\/p>\n","protected":false},"excerpt":{"rendered":"Hallitus p\u00e4\u00e4tti viime kev\u00e4\u00e4n kehysriihess\u00e4, ett\u00e4 lahjaveron alarajaa nostetaan ensi vuonna nykyisest\u00e4 5000 eurosta 7500 euroon. Toteutuessaan t\u00e4m\u00e4&hellip;\n","protected":false},"author":2,"featured_media":13057,"comment_status":"","ping_status":"","sticky":false,"template":"","format":"standard","meta":{"footnotes":""},"categories":[76],"tags":[79,77,33,31,30,32,78,2186],"class_list":{"0":"post-13056","1":"post","2":"type-post","3":"status-publish","4":"format-standard","5":"has-post-thumbnail","7":"category-talous","8":"tag-business","9":"tag-economy","10":"tag-fi","11":"tag-finland","12":"tag-finnish","13":"tag-suomi","14":"tag-talous","15":"tag-verotus"},"share_on_mastodon":{"url":"","error":""},"_links":{"self":[{"href":"https:\/\/www.europesays.com\/fi\/wp-json\/wp\/v2\/posts\/13056","targetHints":{"allow":["GET"]}}],"collection":[{"href":"https:\/\/www.europesays.com\/fi\/wp-json\/wp\/v2\/posts"}],"about":[{"href":"https:\/\/www.europesays.com\/fi\/wp-json\/wp\/v2\/types\/post"}],"author":[{"embeddable":true,"href":"https:\/\/www.europesays.com\/fi\/wp-json\/wp\/v2\/users\/2"}],"replies":[{"embeddable":true,"href":"https:\/\/www.europesays.com\/fi\/wp-json\/wp\/v2\/comments?post=13056"}],"version-history":[{"count":0,"href":"https:\/\/www.europesays.com\/fi\/wp-json\/wp\/v2\/posts\/13056\/revisions"}],"wp:featuredmedia":[{"embeddable":true,"href":"https:\/\/www.europesays.com\/fi\/wp-json\/wp\/v2\/media\/13057"}],"wp:attachment":[{"href":"https:\/\/www.europesays.com\/fi\/wp-json\/wp\/v2\/media?parent=13056"}],"wp:term":[{"taxonomy":"category","embeddable":true,"href":"https:\/\/www.europesays.com\/fi\/wp-json\/wp\/v2\/categories?post=13056"},{"taxonomy":"post_tag","embeddable":true,"href":"https:\/\/www.europesays.com\/fi\/wp-json\/wp\/v2\/tags?post=13056"}],"curies":[{"name":"wp","href":"https:\/\/api.w.org\/{rel}","templated":true}]}}