{"id":130578,"date":"2026-01-01T09:15:06","date_gmt":"2026-01-01T09:15:06","guid":{"rendered":"https:\/\/www.europesays.com\/fi\/130578\/"},"modified":"2026-01-01T09:15:06","modified_gmt":"2026-01-01T09:15:06","slug":"tallainen-on-mikkelin-keikkatarjonta-tammikuussa-paikalliset","status":"publish","type":"post","link":"https:\/\/www.europesays.com\/fi\/130578\/","title":{"rendered":"T\u00e4llainen on Mikkelin keikkatarjonta tammikuussa | Paikalliset"},"content":{"rendered":"<p>Joulunj\u00e4lkeisen h\u00e4rk\u00e4viikkojen aherruksen katkaisevat mukavasti esiintyvien taiteilijoiden uurastukset.<\/p>\n<p>Toki, esimerkiksi Mikkelin Mikaelissa tammikuun kalenteri on v\u00e4lj\u00e4hk\u00f6, eik\u00e4 siihen mahdu yht\u00e4\u00e4n pomminvarmaa kassamagneettia, ellei Mikkelin kaupunginorkesterin ja Savonlinna big bandin uudenvuoden konserttia 1. tammikuuta lasketa sellaiseksi.<\/p>\n<p>Esimerkiksi Pink Floyd -covereita on tarjolla useammalla kokoonpanolla, sill\u00e4 tammikuun 15. p\u00e4iv\u00e4n\u00e4 lavalla n\u00e4hd\u00e4\u00e4n UK Pink Floyd Experience ja 31. tammikuuta kotimainen tribuuttib\u00e4ndi Drink Floyd.<\/p>\n<p>Niiden v\u00e4liin ajoittuu <strong>Ennio Morriconen<\/strong> tuotantoon perustuva leffamusiikin konsertti 27.1. ja piirun verran nuorempaa yleis\u00f6\u00e4 tavoitteleva Ti-Ti Nallen konsertti Lumiukon salaisuus 30. tammikuuta.<\/p>\n<p><strong class=\"diks-storyline__impact\">Keikkatarjonnan<\/strong> puolesta paikkakunnan ykk\u00f6smestan mainetta kantava Wilhelm Public house on kiinnitt\u00e4nyt tammikuun tarjontaansa Kuben (23.1.) ja Myllyn (31.1.).<\/p>\n<p>Kube alias <strong>Jussi Hauta-Aho<\/strong> on yksi Suomir\u00e4pin pioneereista, 1990-luvulta l\u00e4htien musamarkkinoilla mukana ollut muusikko. Uransa aikana Kube on julkaissut musiikkia s\u00e4\u00e4nn\u00f6lliseen tahtiin ja my\u00f6s saavuttanut sill\u00e4 menestyst\u00e4. Kubella on oma levy-yhti\u00f6, Killah Records, ja h\u00e4n \u00e4\u00e4nitt\u00e4\u00e4 ja tuottaa kappaleensa itse.<\/p>\n<p>Skate punkin sanansaattajaksi nimetty Mylly juhlistaa viisivuotista soitantaansa Wilhelmin keikalla tammikuun vaihtuessa helmikuuksi. Vuonna 2021 perustetun b\u00e4ndin juuret l\u00f6ytyv\u00e4t akselilta Mikkeli\u2013Jyv\u00e4skyl\u00e4\u2013Helsinki. Kolme albumia julkaisseen b\u00e4ndin riveiss\u00e4 soittavat t\u00e4t\u00e4 nyky\u00e4 <strong>Konsta Honkanen<\/strong>, <strong>Mikko H\u00e4kkinen<\/strong>, <strong>Joonas Ikonen<\/strong> ja <strong>Samuli Asikainen<\/strong>.<\/p>\n<p><strong class=\"diks-storyline__impact\">Kulttuuritalo <\/strong>Tempon tarjonta py\u00f6r\u00e4ht\u00e4\u00e4 k\u00e4yntiin toden teolla vasta helmikuussa, mutta tammikuun puolella luvassa on esimakua tanssiyhtye Hurman keikan muodossa 4.1. V\u00e4ke\u00e4 on ennakoitavissa paikalle runsain mitoin, sill\u00e4 jouluviikolla tanssikeikan Tempossa heitt\u00e4nyt Keiski &amp; Eno -kokoonpano myi paikan t\u00e4p\u00f6t\u00e4yteen.<\/p>\n<p>Teatteriravintola Ilossa lavalle nousee perjantaina 23. tammikuuta Ykspihlajan Kino-orkesteri. 1960-70 -lukujen italoiskelm\u00e4st\u00e4 vaikutteita ottava ohjelmisto on osa Ty\u00f6v\u00e4en n\u00e4ytt\u00e4m\u00f6p\u00e4ivien 50-vuotisjuhlintaa.<\/p>\n","protected":false},"excerpt":{"rendered":"Joulunj\u00e4lkeisen h\u00e4rk\u00e4viikkojen aherruksen katkaisevat mukavasti esiintyvien taiteilijoiden uurastukset. Toki, esimerkiksi Mikkelin Mikaelissa tammikuun kalenteri on v\u00e4lj\u00e4hk\u00f6, eik\u00e4 siihen&hellip;\n","protected":false},"author":2,"featured_media":130579,"comment_status":"","ping_status":"","sticky":false,"template":"","format":"standard","meta":{"footnotes":""},"categories":[130],"tags":[138,9193,137,33,31,30,425,23119,685,47,3018,32,109],"class_list":{"0":"post-130578","1":"post","2":"type-post","3":"status-publish","4":"format-standard","5":"has-post-thumbnail","7":"category-viihde","8":"tag-audio","9":"tag-big-band","10":"tag-entertainment","11":"tag-fi","12":"tag-finland","13":"tag-finnish","14":"tag-jyvaskyla","15":"tag-kulttuuritalo-helsinki","16":"tag-mikkeli","17":"tag-musiikki","18":"tag-muusikko","19":"tag-suomi","20":"tag-viihde"},"share_on_mastodon":{"url":"https:\/\/pubeurope.com\/@fi\/115819087297123327","error":""},"_links":{"self":[{"href":"https:\/\/www.europesays.com\/fi\/wp-json\/wp\/v2\/posts\/130578","targetHints":{"allow":["GET"]}}],"collection":[{"href":"https:\/\/www.europesays.com\/fi\/wp-json\/wp\/v2\/posts"}],"about":[{"href":"https:\/\/www.europesays.com\/fi\/wp-json\/wp\/v2\/types\/post"}],"author":[{"embeddable":true,"href":"https:\/\/www.europesays.com\/fi\/wp-json\/wp\/v2\/users\/2"}],"replies":[{"embeddable":true,"href":"https:\/\/www.europesays.com\/fi\/wp-json\/wp\/v2\/comments?post=130578"}],"version-history":[{"count":0,"href":"https:\/\/www.europesays.com\/fi\/wp-json\/wp\/v2\/posts\/130578\/revisions"}],"wp:featuredmedia":[{"embeddable":true,"href":"https:\/\/www.europesays.com\/fi\/wp-json\/wp\/v2\/media\/130579"}],"wp:attachment":[{"href":"https:\/\/www.europesays.com\/fi\/wp-json\/wp\/v2\/media?parent=130578"}],"wp:term":[{"taxonomy":"category","embeddable":true,"href":"https:\/\/www.europesays.com\/fi\/wp-json\/wp\/v2\/categories?post=130578"},{"taxonomy":"post_tag","embeddable":true,"href":"https:\/\/www.europesays.com\/fi\/wp-json\/wp\/v2\/tags?post=130578"}],"curies":[{"name":"wp","href":"https:\/\/api.w.org\/{rel}","templated":true}]}}