{"id":130598,"date":"2026-01-01T09:45:07","date_gmt":"2026-01-01T09:45:07","guid":{"rendered":"https:\/\/www.europesays.com\/fi\/130598\/"},"modified":"2026-01-01T09:45:07","modified_gmt":"2026-01-01T09:45:07","slug":"venajan-oiset-iskut-ukrainaan-vahenivat-hieman-joulukuussa-uutissuomalainen","status":"publish","type":"post","link":"https:\/\/www.europesays.com\/fi\/130598\/","title":{"rendered":"Ven\u00e4j\u00e4n \u00f6iset iskut Ukrainaan v\u00e4heniv\u00e4t hieman joulukuussa | Uutissuomalainen"},"content":{"rendered":"<p>Ven\u00e4j\u00e4 teki joulukuussa Ukrainaan hieman aiempaa v\u00e4hemm\u00e4n \u00f6isi\u00e4 iskuja drooneilla ja ohjuksilla, selvi\u00e4\u00e4 uutistoimisto AFP:n analysoimasta Ukrainan ilmavoimien tietoaineistosta.<\/p>\n<p>Joulukuun aikana Ven\u00e4j\u00e4 hy\u00f6kk\u00e4si Ukrainaan ainakin noin 5\u2009100 droonilla. Niit\u00e4 k\u00e4ytettiin siis noin kuusi prosenttia v\u00e4hemm\u00e4n kuin marraskuussa. Ven\u00e4j\u00e4n k\u00e4ytt\u00e4mien ohjusten m\u00e4\u00e4r\u00e4 pieneni 18 prosentilla.<\/p>\n<p>Iskut muun muassa katkaisivat s\u00e4hk\u00f6j\u00e4 sadoiltatuhansilta ihmisilt\u00e4 keskell\u00e4 talvea.<\/p>\n<p>Ukrainan onnistuneesti pudottamien droonien ja ohjusten osuus kuitenkin laski hitusen: joulukuussa niist\u00e4 saatiin pudotettua noin 80 prosenttia, kun marraskuussa 82 prosenttia pudotettiin.<\/p>\n<p>Ven\u00e4j\u00e4 on tehnyt \u00f6isi\u00e4 iskuja Ukrainaan joka y\u00f6 toukokuun 10. p\u00e4iv\u00e4n j\u00e4lkeen.<\/p>\n","protected":false},"excerpt":{"rendered":"Ven\u00e4j\u00e4 teki joulukuussa Ukrainaan hieman aiempaa v\u00e4hemm\u00e4n \u00f6isi\u00e4 iskuja drooneilla ja ohjuksilla, selvi\u00e4\u00e4 uutistoimisto AFP:n analysoimasta Ukrainan ilmavoimien&hellip;\n","protected":false},"author":2,"featured_media":130599,"comment_status":"","ping_status":"","sticky":false,"template":"","format":"standard","meta":{"footnotes":""},"categories":[14],"tags":[22,23,26,27,33,31,30,17,5856,24,25,28,29,15,18,21,805,32,487,19,20,21377,56,16,2591,59,60,61],"class_list":{"0":"post-130598","1":"post","2":"type-post","3":"status-publish","4":"format-standard","5":"has-post-thumbnail","7":"category-ulkomaat","8":"tag-breaking-news","9":"tag-breakingnews","10":"tag-featured-news","11":"tag-featurednews","12":"tag-fi","13":"tag-finland","14":"tag-finnish","15":"tag-headlines","16":"tag-joulu","17":"tag-latest-news","18":"tag-latestnews","19":"tag-main-news","20":"tag-mainnews","21":"tag-news","22":"tag-otsikot","23":"tag-paauutiset","24":"tag-sota","25":"tag-suomi","26":"tag-teknologia-yleista","27":"tag-top-stories","28":"tag-topstories","29":"tag-ukrainan-kriisi","30":"tag-ulkomaat","31":"tag-uutiset","32":"tag-venajan-hyokkays-ukrainaan","33":"tag-world","34":"tag-world-news","35":"tag-worldnews"},"share_on_mastodon":{"url":"https:\/\/pubeurope.com\/@fi\/115819205376817330","error":""},"_links":{"self":[{"href":"https:\/\/www.europesays.com\/fi\/wp-json\/wp\/v2\/posts\/130598","targetHints":{"allow":["GET"]}}],"collection":[{"href":"https:\/\/www.europesays.com\/fi\/wp-json\/wp\/v2\/posts"}],"about":[{"href":"https:\/\/www.europesays.com\/fi\/wp-json\/wp\/v2\/types\/post"}],"author":[{"embeddable":true,"href":"https:\/\/www.europesays.com\/fi\/wp-json\/wp\/v2\/users\/2"}],"replies":[{"embeddable":true,"href":"https:\/\/www.europesays.com\/fi\/wp-json\/wp\/v2\/comments?post=130598"}],"version-history":[{"count":0,"href":"https:\/\/www.europesays.com\/fi\/wp-json\/wp\/v2\/posts\/130598\/revisions"}],"wp:featuredmedia":[{"embeddable":true,"href":"https:\/\/www.europesays.com\/fi\/wp-json\/wp\/v2\/media\/130599"}],"wp:attachment":[{"href":"https:\/\/www.europesays.com\/fi\/wp-json\/wp\/v2\/media?parent=130598"}],"wp:term":[{"taxonomy":"category","embeddable":true,"href":"https:\/\/www.europesays.com\/fi\/wp-json\/wp\/v2\/categories?post=130598"},{"taxonomy":"post_tag","embeddable":true,"href":"https:\/\/www.europesays.com\/fi\/wp-json\/wp\/v2\/tags?post=130598"}],"curies":[{"name":"wp","href":"https:\/\/api.w.org\/{rel}","templated":true}]}}