{"id":130608,"date":"2026-01-01T10:07:08","date_gmt":"2026-01-01T10:07:08","guid":{"rendered":"https:\/\/www.europesays.com\/fi\/130608\/"},"modified":"2026-01-01T10:07:08","modified_gmt":"2026-01-01T10:07:08","slug":"talta-nayttavat-hitiksi-ennustetut-tupakkafarkut","status":"publish","type":"post","link":"https:\/\/www.europesays.com\/fi\/130608\/","title":{"rendered":"T\u00e4lt\u00e4 n\u00e4ytt\u00e4v\u00e4t hitiksi ennustetut tupakkafarkut"},"content":{"rendered":"<p>Vuoden 2026 tyylip\u00e4ivitys ei vaadi koko vaatekaapin uusimista, vaan onnistuu muutamalla t\u00e4sm\u00e4valinnalla.<\/p>\n<p><img decoding=\"async\" class=\"image image-show image-preview\" src=\"https:\/\/www.europesays.com\/fi\/wp-content\/uploads\/2026\/01\/13abc55685a55ed08a1319a5af668cfa635dc063962f5bae60775aa4d4eb8bc0.jpg\" alt=\"\"\/><img decoding=\"async\" class=\"image image-show\" src=\"https:\/\/www.europesays.com\/fi\/wp-content\/uploads\/2026\/01\/1767262028_919_13abc55685a55ed08a1319a5af668cfa635dc063962f5bae60775aa4d4eb8bc0.jpg\" alt=\"\"\/><\/p>\n<p>Milica Bukumirovic. All Over Press<\/p>\n<p class=\"paragraph\">Nyt kun vuosi on vaihtunut, on aika tarkastella, mitk\u00e4 trendit ovat v\u00e4istym\u00e4ss\u00e4 ja antamassa tilaa uusille, raikkaammille tyyleille.<\/p>\n<p class=\"paragraph\">Kokosimme yhteen kolme keskeist\u00e4 muutosta.<\/p>\n<p>Sirot lenkkarit hallitsevat<\/p>\n<p class=\"paragraph\">Suurehkot, paksupohjaiset lenkkarit ovat olleet tuttu n\u00e4ky katukuvassa jo vuosia.<\/p>\n<p class=\"paragraph\">T\u00e4n\u00e4 vuonna suomalaistenkin suosima malli saa haastajan. Muotilehti <a href=\"https:\/\/www.vogue.com\/article\/spring-2026-shoe-trends\" target=\"_blank\" rel=\"noopener nofollow\">Voguen<\/a> mukaan trendikk\u00e4imm\u00e4t laittavat jalkaan sirot lenkkarit, jotka ovat saaneet inspiraationsa balettikengist\u00e4.<\/p>\n<p class=\"paragraph\">Muun muassa Miu Miu, Fendi ja Prada ovat esitelleet kenk\u00e4mallin muotin\u00e4yt\u00f6ksiss\u00e4\u00e4n.<\/p>\n<p class=\"paragraph\">Hienostunut ja matalapohjainen malli on monik\u00e4ytt\u00f6inen valinta niin t\u00f6ihin kuin vapaa-ajalle. Neutraalien s\u00e4vyjen ohella tarjolla on rohkeita v\u00e4riversioita, jotka tuovat energiaa pelkistettyyn pukeutumiseen.<\/p>\n<p>Tupakkafarkut tulevat<\/p>\n<p class=\"paragraph\">Farkkutrendeiss\u00e4 liioittelu v\u00e4istyy. Muotisivusto <a href=\"https:\/\/www.whowhatwear.com\/fashion\/trends\/dated-denim-trends-2026#section-what-s-in\" target=\"_blank\" rel=\"noopener nofollow\">Who What Wearin<\/a> mukaan etenkin leve\u00e4lahkeiset mallit j\u00e4\u00e4v\u00e4t taka-alalle, kun farkuissa siirryt\u00e4\u00e4n kohti tasapainoisempia siluetteja.<\/p>\n<p class=\"paragraph\">Jos kuva ei n\u00e4y, voit katsoa sen <a href=\"https:\/\/www.instagram.com\/p\/DQMZ2qKjDxV\/\" target=\"_blank\" rel=\"noopener nofollow\">t\u00e4\u00e4lt\u00e4<\/a>.<\/p>\n<p class=\"paragraph\">Vuonna 2026 esiin nousevat erityisesti niin kutsutut tupakkafarkut.<\/p>\n<p class=\"paragraph\">Malli on ajaton mutta moderni: se tarjoaa huolitellun, suoralinjaisen vaihtoehdon ilman paluuta kireisiin pillifarkkuihin.<\/p>\n<p>Vaihda voinkeltainen j\u00e4\u00e4nsiniseen<\/p>\n<p>Kim Kardashian. ALL OVER PRESS<\/p>\n<p class=\"paragraph\">Viime vuoden kev\u00e4\u00e4ll\u00e4 ja kes\u00e4ll\u00e4 oli yksi trendiv\u00e4ri yli muiden: butter yellow eli voinkeltainen.<\/p>\n<p class=\"paragraph\">Voinkeltaista n\u00e4kyy varmasti yh\u00e4, mutta se saa rinnalleen kilpailijan. Kuvapalvelu <a href=\"https:\/\/newsroom.pinterest.com\/news\/pinterest-predicts-nonconformity-self-preservation-and-escapism-drive-21-trends-for-2026\/\" target=\"_blank\" rel=\"noopener nofollow\">Pinterestin<\/a> ennusteen mukaan katseet k\u00e4\u00e4ntyv\u00e4t t\u00e4n\u00e4 vuonna j\u00e4\u00e4nsiniseen.<\/p>\n<p>Alla Bruletova. All Over Press<\/p>\n<p class=\"paragraph\"><a href=\"https:\/\/www.whowhatwear.com\/fashion\/trends\/pinterest-fashion-trend-predictions-2026\" target=\"_blank\" rel=\"noopener nofollow\">Who What Wearin<\/a> mukaan Pinterestin trendiennusteet ovat tunnetusti tarkkoja: viimeisen kuuden vuoden aikana niiden osumatarkkuus on ollut per\u00e4ti 88 prosenttia.<\/p>\n<p class=\"paragraph\">Valmistaudu siis j\u00e4\u00e4tik\u00f6ist\u00e4 inspiroituneisiin vaatteisiin ja asusteisiin.<\/p>\n<p><script async src=\"\/\/www.instagram.com\/embed.js\"><\/script><\/p>\n","protected":false},"excerpt":{"rendered":"Vuoden 2026 tyylip\u00e4ivitys ei vaadi koko vaatekaapin uusimista, vaan onnistuu muutamalla t\u00e4sm\u00e4valinnalla. Milica Bukumirovic. All Over Press Nyt&hellip;\n","protected":false},"author":2,"featured_media":130609,"comment_status":"","ping_status":"","sticky":false,"template":"","format":"standard","meta":{"footnotes":""},"categories":[130],"tags":[2110,137,33,31,30,2351,1390,106,3013,32,2350,4113,109],"class_list":{"0":"post-130608","1":"post","2":"type-post","3":"status-publish","4":"format-standard","5":"has-post-thumbnail","7":"category-viihde","8":"tag-elamantapa-ja-vapaa-aika","9":"tag-entertainment","10":"tag-fi","11":"tag-finland","12":"tag-finnish","13":"tag-kengat-ja-asusteet","14":"tag-kuukausi","15":"tag-muoti","16":"tag-muotisuunnittelu","17":"tag-suomi","18":"tag-vaatekappaleet","19":"tag-vaatteiden-vahittaiskauppa","20":"tag-viihde"},"share_on_mastodon":{"url":"https:\/\/pubeurope.com\/@fi\/115819291775488536","error":""},"_links":{"self":[{"href":"https:\/\/www.europesays.com\/fi\/wp-json\/wp\/v2\/posts\/130608","targetHints":{"allow":["GET"]}}],"collection":[{"href":"https:\/\/www.europesays.com\/fi\/wp-json\/wp\/v2\/posts"}],"about":[{"href":"https:\/\/www.europesays.com\/fi\/wp-json\/wp\/v2\/types\/post"}],"author":[{"embeddable":true,"href":"https:\/\/www.europesays.com\/fi\/wp-json\/wp\/v2\/users\/2"}],"replies":[{"embeddable":true,"href":"https:\/\/www.europesays.com\/fi\/wp-json\/wp\/v2\/comments?post=130608"}],"version-history":[{"count":0,"href":"https:\/\/www.europesays.com\/fi\/wp-json\/wp\/v2\/posts\/130608\/revisions"}],"wp:featuredmedia":[{"embeddable":true,"href":"https:\/\/www.europesays.com\/fi\/wp-json\/wp\/v2\/media\/130609"}],"wp:attachment":[{"href":"https:\/\/www.europesays.com\/fi\/wp-json\/wp\/v2\/media?parent=130608"}],"wp:term":[{"taxonomy":"category","embeddable":true,"href":"https:\/\/www.europesays.com\/fi\/wp-json\/wp\/v2\/categories?post=130608"},{"taxonomy":"post_tag","embeddable":true,"href":"https:\/\/www.europesays.com\/fi\/wp-json\/wp\/v2\/tags?post=130608"}],"curies":[{"name":"wp","href":"https:\/\/api.w.org\/{rel}","templated":true}]}}