{"id":13061,"date":"2025-08-22T10:55:09","date_gmt":"2025-08-22T10:55:09","guid":{"rendered":"https:\/\/www.europesays.com\/fi\/13061\/"},"modified":"2025-08-22T10:55:09","modified_gmt":"2025-08-22T10:55:09","slug":"kuorma-auto-teki-selvaa-tamperelaisen-vastavirta-klubin-terassista-huomenna-siella-pitaisi-jarjestaa-haat-kotimaa","status":"publish","type":"post","link":"https:\/\/www.europesays.com\/fi\/13061\/","title":{"rendered":"Kuorma-auto teki selv\u00e4\u00e4 tampere\u00adlaisen Vastavirta-klubin terassista \u2013 huomenna siell\u00e4 pit\u00e4isi j\u00e4rjest\u00e4\u00e4 h\u00e4\u00e4t | Kotimaa"},"content":{"rendered":"<p class=\"sc-jYczwO sc-dNFkOE bUKqJd eiHPxO yle__article__paragraph\">Romahtanut katto siivotaan pois heti perjantain aikana, ja terassi on k\u00e4ytett\u00e4viss\u00e4 taas lauantaina.<\/p>\n<p><img decoding=\"async\" alt=\"Mies tarkastelee vaurioitunutta katosta talon edustalla.\" src=\"https:\/\/www.europesays.com\/fi\/wp-content\/uploads\/2025\/08\/39-151095768a83e960c50e.jpeg\" class=\"sc-dntSTA iywpZY\"\/><\/p>\n<p>Avaa kuvien katselu<\/p>\n<p>Ravintolan terassi oli karu n\u00e4ky perjantaiaamuna. Kuvassa toimitusjohtaja Panu-Pekka Kotila. Kuva: Miikka Varila \/ Yle<\/p>\n<p class=\"sc-jYczwO sc-ciCoXh bUKqJd cIOueB yle__article__paragraph\">Tampereen Pispalassa sijaitsevan Vastavirta-klubin terassin katto romahti perjantaina aamulla.<\/p>\n<p class=\"sc-jYczwO sc-ciCoXh bUKqJd cIOueB yle__article__paragraph\">\u2013 Mietin, ett\u00e4 n\u00e4inkin sitten voi viikonloppu alkaa, nauraa yrityksen toimitusjohtaja <strong class=\"sc-eEHciv gtNhAX yle__article__strong\">Panu-Pekka Kotila<\/strong>.<\/p>\n<p class=\"sc-jYczwO sc-ciCoXh bUKqJd cIOueB yle__article__paragraph\">Terassin katto on Kotilan mukaan arkkitehdin suunnittelema ja rakennusviraston tarkastama.<\/p>\n<p class=\"sc-jYczwO sc-ciCoXh bUKqJd cIOueB yle__article__paragraph\">\u2013 Se ei itsest\u00e4\u00e4n sielt\u00e4 l\u00e4hde, vaikka sit\u00e4 kuinka heiluttelisi.<\/p>\n<p><img decoding=\"async\" alt=\"Terassin katos on osittain romahtanut, vaurioittaen rakenteita.\" src=\"https:\/\/www.europesays.com\/fi\/wp-content\/uploads\/2025\/08\/39-151096068a83eabd6e53.jpeg\" loading=\"lazy\" class=\"sc-dntSTA iywpZY\"\/><\/p>\n<p>Avaa kuvien katselu<\/p>\n<p>T\u00f6rm\u00e4ys rys\u00e4ytti katon alas koko terassin matkalta. Kuva: Miikka Varila \/ Yle<\/p>\n<p class=\"sc-jYczwO sc-ciCoXh bUKqJd cIOueB yle__article__paragraph\">Melko nopeasti syylliseksi paljastui kuljetusfirman kuorma-auto, joka oli aamulla peruuttanut kattoa p\u00e4in.<\/p>\n<p class=\"sc-jYczwO sc-ciCoXh bUKqJd cIOueB yle__article__paragraph\">Kotila kertoo, ett\u00e4 kuljetusfirman kanssa on p\u00e4\u00e4sty yhteisymm\u00e4rrykseen korvauksesta.<\/p>\n<p class=\"sc-jYczwO sc-ciCoXh bUKqJd cIOueB yle__article__paragraph\">\u2013 Kuski oli yritt\u00e4nyt ottaa aamulla yhteytt\u00e4, mutta eih\u00e4n t\u00e4\u00e4ll\u00e4 ket\u00e4\u00e4n kahdeksalta ole. Kiivasta puhelinkeskustelua k\u00e4vin firman kanssa, mutta hyvin p\u00e4\u00e4simme yhteisymm\u00e4rrykseen korvauksista.<\/p>\n<p class=\"sc-jYczwO sc-ciCoXh bUKqJd cIOueB yle__article__paragraph\">Romahtanut katto siivotaan pois heti perjantain aikana, ja terassi on k\u00e4ytett\u00e4viss\u00e4 taas lauantaina.<\/p>\n<p class=\"sc-jYczwO sc-ciCoXh bUKqJd cIOueB yle__article__paragraph\">Hyv\u00e4 niin, sill\u00e4 lauantaina Vastavirta-klubilla juhlitaan h\u00e4it\u00e4.<\/p>\n<p class=\"sc-jYczwO sc-ciCoXh bUKqJd cIOueB yle__article__paragraph\">\u2013 Morsiamella on varmaan aikamoista stressi\u00e4 muutenkin, niin en taida h\u00e4nelle uskaltaa tuota kuvaa l\u00e4hett\u00e4\u00e4.<\/p>\n<p><img decoding=\"async\" alt=\"Vastavirta-klubi, jonka edustalla olevan terassin p\u00e4\u00e4lle on romahtanut katto. Vieress\u00e4 kuorma-auto.\" src=\"https:\/\/www.europesays.com\/fi\/wp-content\/uploads\/2025\/08\/39-151097268a8439450a43.jpeg\" loading=\"lazy\" class=\"sc-dntSTA iywpZY\"\/><\/p>\n<p>Avaa kuvien katselu<\/p>\n<p>Purkuty\u00f6t aloitettiin heti perjantaina. Kuva: Miikka Varila \/ Yle<\/p>\n<p class=\"sc-jYczwO sc-ciCoXh bUKqJd cIOueB yle__article__paragraph\">Muuten Kotila suhtautuu tilanteeseen tyynesti. Romahtaneen tilalle rakennetaan uusi katto.<\/p>\n<p class=\"sc-jYczwO sc-ciCoXh bUKqJd cIOueB yle__article__paragraph\">\u2013 Kaikenlaiseen t\u00e4ss\u00e4 on 20 vuodessa t\u00f6rm\u00e4nnyt. T\u00e4m\u00e4 on t\u00e4llaista, ja nyt menn\u00e4\u00e4n vain eteenp\u00e4in.<\/p>\n","protected":false},"excerpt":{"rendered":"Romahtanut katto siivotaan pois heti perjantain aikana, ja terassi on k\u00e4ytett\u00e4viss\u00e4 taas lauantaina. Avaa kuvien katselu Ravintolan terassi&hellip;\n","protected":false},"author":2,"featured_media":13062,"comment_status":"","ping_status":"","sticky":false,"template":"","format":"standard","meta":{"footnotes":""},"categories":[5],"tags":[22,23,26,27,33,31,30,17,71,24,25,28,29,15,837,18,21,553,5437,3723,32,551,19,20,16,5436],"class_list":{"0":"post-13061","1":"post","2":"type-post","3":"status-publish","4":"format-standard","5":"has-post-thumbnail","7":"category-otsikot","8":"tag-breaking-news","9":"tag-breakingnews","10":"tag-featured-news","11":"tag-featurednews","12":"tag-fi","13":"tag-finland","14":"tag-finnish","15":"tag-headlines","16":"tag-kotimaa","17":"tag-latest-news","18":"tag-latestnews","19":"tag-main-news","20":"tag-mainnews","21":"tag-news","22":"tag-onnettomuudet","23":"tag-otsikot","24":"tag-paauutiset","25":"tag-pirkanmaa","26":"tag-pispala","27":"tag-ravintolat","28":"tag-suomi","29":"tag-tampere","30":"tag-top-stories","31":"tag-topstories","32":"tag-uutiset","33":"tag-vastavirta-klubi"},"share_on_mastodon":{"url":"","error":""},"_links":{"self":[{"href":"https:\/\/www.europesays.com\/fi\/wp-json\/wp\/v2\/posts\/13061","targetHints":{"allow":["GET"]}}],"collection":[{"href":"https:\/\/www.europesays.com\/fi\/wp-json\/wp\/v2\/posts"}],"about":[{"href":"https:\/\/www.europesays.com\/fi\/wp-json\/wp\/v2\/types\/post"}],"author":[{"embeddable":true,"href":"https:\/\/www.europesays.com\/fi\/wp-json\/wp\/v2\/users\/2"}],"replies":[{"embeddable":true,"href":"https:\/\/www.europesays.com\/fi\/wp-json\/wp\/v2\/comments?post=13061"}],"version-history":[{"count":0,"href":"https:\/\/www.europesays.com\/fi\/wp-json\/wp\/v2\/posts\/13061\/revisions"}],"wp:featuredmedia":[{"embeddable":true,"href":"https:\/\/www.europesays.com\/fi\/wp-json\/wp\/v2\/media\/13062"}],"wp:attachment":[{"href":"https:\/\/www.europesays.com\/fi\/wp-json\/wp\/v2\/media?parent=13061"}],"wp:term":[{"taxonomy":"category","embeddable":true,"href":"https:\/\/www.europesays.com\/fi\/wp-json\/wp\/v2\/categories?post=13061"},{"taxonomy":"post_tag","embeddable":true,"href":"https:\/\/www.europesays.com\/fi\/wp-json\/wp\/v2\/tags?post=13061"}],"curies":[{"name":"wp","href":"https:\/\/api.w.org\/{rel}","templated":true}]}}