{"id":130612,"date":"2026-01-01T10:11:07","date_gmt":"2026-01-01T10:11:07","guid":{"rendered":"https:\/\/www.europesays.com\/fi\/130612\/"},"modified":"2026-01-01T10:11:07","modified_gmt":"2026-01-01T10:11:07","slug":"saudi-arabiassa-kyseenalainen-ennatys-356-teloitettua-uutisia-lyhyesti","status":"publish","type":"post","link":"https:\/\/www.europesays.com\/fi\/130612\/","title":{"rendered":"Saudi-Arabiassa kyseenalainen enn\u00e4tys: 356 teloitettua | Uutisia lyhyesti"},"content":{"rendered":"<p class=\"aw-1gybjub aw-5vja16 kEtdKx kmuxyA yle__article__paragraph\">Uutistoimisto AFP on koostanut tilaston teloitetuista ihmisist\u00e4.<\/p>\n<p><img decoding=\"async\" alt=\"Yl\u00e4kulmasta kuvattu kaupunkin\u00e4kym\u00e4.\" src=\"https:\/\/www.europesays.com\/fi\/wp-content\/uploads\/2026\/01\/39-15762646956353c05926.jpeg\" class=\"aw-1l9m598 hKVVvP\"\/><\/p>\n<p>Avaa kuvien katselu<\/p>\n<p>Saudi-Arabian p\u00e4\u00e4kaupunki Riad arkistokuvassa. Maan viranomaiset teloittivat viime vuonna yhteens\u00e4 356 ihmist\u00e4. Kuva: Johannes Sadek \/ AOP<\/p>\n<p class=\"aw-1gybjub aw-1p7kakr kEtdKx cEmitX yle__article__paragraph\">Saudi-Arabian viranomaiset teloittivat viime vuonna yhteens\u00e4 356 ihmist\u00e4, uutistoimisto AFP:n koostama tilasto osoittaa.<\/p>\n<p class=\"aw-1gybjub aw-1p7kakr kEtdKx cEmitX yle__article__paragraph\">Se on AFP:n mukaan korkein teloitusten m\u00e4\u00e4r\u00e4, joka Saudi-Arabiassa on pantu t\u00e4yt\u00e4nt\u00f6\u00f6n yhden vuoden aikana.<\/p>\n<p class=\"aw-1gybjub aw-1p7kakr kEtdKx cEmitX yle__article__paragraph\">Hallinnon julkaisemien virallisten tietojen mukaan suurin osa teloituksista liittyi huumerikoksista annettuihin tuomioihin. Huumeiden vuoksi teloitettiin 243 ihmist\u00e4.<\/p>\n<p class=\"aw-1gybjub aw-1p7kakr kEtdKx cEmitX yle__article__paragraph\">Saudi-Arabia asetti kyseenalaisen enn\u00e4tyksen jo toista vuotta per\u00e4kk\u00e4in. Toissavuonna siell\u00e4 teloitettiin 338 ihmist\u00e4.<\/p>\n<p class=\"aw-1gybjub aw-1p7kakr kEtdKx cEmitX yle__article__paragraph\">Amnesty International on dokumentoinut teloituksia Saudi-Arabiassa vuodesta 1990 l\u00e4htien. Sit\u00e4 aiemmat tilastot ovat p\u00e4\u00e4osin ep\u00e4selvi\u00e4, AFP kertoo.<\/p>\n<p class=\"aw-1gybjub aw-1p7kakr kEtdKx cEmitX yle__article__paragraph\">L\u00e4hde: AFP<\/p>\n","protected":false},"excerpt":{"rendered":"Uutistoimisto AFP on koostanut tilaston teloitetuista ihmisist\u00e4. Avaa kuvien katselu Saudi-Arabian p\u00e4\u00e4kaupunki Riad arkistokuvassa. Maan viranomaiset teloittivat viime&hellip;\n","protected":false},"author":2,"featured_media":130613,"comment_status":"","ping_status":"","sticky":false,"template":"","format":"standard","meta":{"footnotes":""},"categories":[14],"tags":[22,23,26,27,33,31,30,17,5022,992,24,25,28,29,15,18,21,3745,32,19,20,56,16,59,60,61],"class_list":{"0":"post-130612","1":"post","2":"type-post","3":"status-publish","4":"format-standard","5":"has-post-thumbnail","7":"category-ulkomaat","8":"tag-breaking-news","9":"tag-breakingnews","10":"tag-featured-news","11":"tag-featurednews","12":"tag-fi","13":"tag-finland","14":"tag-finnish","15":"tag-headlines","16":"tag-kuolemanrangaistus","17":"tag-lahi-ita","18":"tag-latest-news","19":"tag-latestnews","20":"tag-main-news","21":"tag-mainnews","22":"tag-news","23":"tag-otsikot","24":"tag-paauutiset","25":"tag-saudi-arabia","26":"tag-suomi","27":"tag-top-stories","28":"tag-topstories","29":"tag-ulkomaat","30":"tag-uutiset","31":"tag-world","32":"tag-world-news","33":"tag-worldnews"},"share_on_mastodon":{"url":"https:\/\/pubeurope.com\/@fi\/115819307662266314","error":""},"_links":{"self":[{"href":"https:\/\/www.europesays.com\/fi\/wp-json\/wp\/v2\/posts\/130612","targetHints":{"allow":["GET"]}}],"collection":[{"href":"https:\/\/www.europesays.com\/fi\/wp-json\/wp\/v2\/posts"}],"about":[{"href":"https:\/\/www.europesays.com\/fi\/wp-json\/wp\/v2\/types\/post"}],"author":[{"embeddable":true,"href":"https:\/\/www.europesays.com\/fi\/wp-json\/wp\/v2\/users\/2"}],"replies":[{"embeddable":true,"href":"https:\/\/www.europesays.com\/fi\/wp-json\/wp\/v2\/comments?post=130612"}],"version-history":[{"count":0,"href":"https:\/\/www.europesays.com\/fi\/wp-json\/wp\/v2\/posts\/130612\/revisions"}],"wp:featuredmedia":[{"embeddable":true,"href":"https:\/\/www.europesays.com\/fi\/wp-json\/wp\/v2\/media\/130613"}],"wp:attachment":[{"href":"https:\/\/www.europesays.com\/fi\/wp-json\/wp\/v2\/media?parent=130612"}],"wp:term":[{"taxonomy":"category","embeddable":true,"href":"https:\/\/www.europesays.com\/fi\/wp-json\/wp\/v2\/categories?post=130612"},{"taxonomy":"post_tag","embeddable":true,"href":"https:\/\/www.europesays.com\/fi\/wp-json\/wp\/v2\/tags?post=130612"}],"curies":[{"name":"wp","href":"https:\/\/api.w.org\/{rel}","templated":true}]}}