{"id":130614,"date":"2026-01-01T10:12:10","date_gmt":"2026-01-01T10:12:10","guid":{"rendered":"https:\/\/www.europesays.com\/fi\/130614\/"},"modified":"2026-01-01T10:12:10","modified_gmt":"2026-01-01T10:12:10","slug":"sydamellisena-ajattelijana-ja-puhujana-tunnettu-rovasti-matti-j-kuronen-on-kuollut-etela-karjala","status":"publish","type":"post","link":"https:\/\/www.europesays.com\/fi\/130614\/","title":{"rendered":"Syd\u00e4mellisen\u00e4 ajattelijana ja puhujana tunnettu rovasti Matti J. Kuronen on kuollut | Etel\u00e4-Karjala"},"content":{"rendered":"<p class=\"aw-1gybjub aw-5vja16 kEtdKx kmuxyA yle__article__paragraph\">Lappeenrantalainen Matti J. Kuronen on toiminut muun muassa vankilapappina, seksuaaliterapeuttina ja mielenterveysseuran puheenjohtajana.<\/p>\n<p><img decoding=\"async\" alt=\"Mies istuu ulkona syysp\u00e4iv\u00e4n\u00e4, taustalla kaupunkimaisema ja ravintolalaiva.\" src=\"https:\/\/www.europesays.com\/fi\/wp-content\/uploads\/2026\/01\/39-1555930691d6ccf52fd9.jpeg\" class=\"aw-1l9m598 hKVVvP\"\/><\/p>\n<p>Avaa kuvien katselu<\/p>\n<p>Matti J. Kuronen  oli tunnettu vaikuttaja kotikaupungissaan Lappenrannassa. Kuva: Yle<\/p>\n<p class=\"aw-1gybjub aw-1p7kakr kEtdKx cEmitX yle__article__paragraph\">Rovasti, perheneuvoja ja kirjailija <strong class=\"aw-ak79eh KyCXm yle__article__strong\">Matti Juhani Kuronen<\/strong> on kuollut.<\/p>\n<p class=\"aw-1gybjub aw-1p7kakr kEtdKx cEmitX yle__article__paragraph\">Matti J. Kuronen kuoli eilen keskiviikkona 31. joulukuuta sairaalassa pitk\u00e4aikaisen sairauden uuvuttamana. Asian vahvistaa Ylelle h\u00e4nen poikansa <strong class=\"aw-ak79eh KyCXm yle__article__strong\">Jyri Kuronen<\/strong>.<\/p>\n<p class=\"aw-1gybjub aw-1p7kakr kEtdKx cEmitX yle__article__paragraph\">Kuronen syntyi vuonna 1940 Lappeenrannassa. H\u00e4n valmistui teologian kandidaatiksi Helsingin yliopistosta vuonna 1964. Silloin h\u00e4net my\u00f6s vihittiin papiksi.<\/p>\n<p class=\"aw-1gybjub aw-1p7kakr kEtdKx cEmitX yle__article__paragraph\">Kuronen toimi muun muassa vankilapappina Konnunsuon vankilassa Lappeenrannassa, seksuaaliterapeuttina, mielenterveysseuran puheenjohtajana ja perheasiain neuvottelukeskuksen johtajana.<\/p>\n<p class=\"aw-1gybjub aw-1p7kakr kEtdKx cEmitX yle__article__paragraph\">Kuronen piti pitk\u00e4\u00e4n my\u00f6s aamuhartauksia Yle Radio 1:ss\u00e4.<\/p>\n<p><img decoding=\"async\" alt=\"Mustavalkoiseen paitaan pukeutunut mies puhuu p\u00f6yd\u00e4ss\u00e4 istuvalle yleis\u00f6lle.\" src=\"https:\/\/www.europesays.com\/fi\/wp-content\/uploads\/2026\/01\/39-15544976919b7276adbc.jpeg\" loading=\"lazy\" class=\"aw-1l9m598 hKVVvP\"\/><\/p>\n<p>Avaa kuvien katselu<\/p>\n<p>Matti J. Kuronen (vas.) puhumassa Kirjaty\u00f6ntekij\u00e4in liiton liittojuhlassa vuonna 1987. Kuva: Teppo Rinne \/ Ty\u00f6v\u00e4en arkisto, Finna<\/p>\n<p class=\"aw-1gybjub aw-1p7kakr kEtdKx cEmitX yle__article__paragraph\">Lappeenrannassa Kuronen oli tunnettu keskustelija ja ajattelija.<\/p>\n<p class=\"aw-1gybjub aw-1p7kakr kEtdKx cEmitX yle__article__paragraph\">H\u00e4n toimi my\u00f6s kaupunginvaltuuston ja -hallituksen j\u00e4senen\u00e4. Kuronen oli yksi 1990-luvulla perustetun My\u00f6-liikkeen perustajaj\u00e4senist\u00e4.<\/p>\n<p class=\"aw-1gybjub aw-1p7kakr kEtdKx cEmitX yle__article__paragraph\"><strong class=\"aw-ak79eh KyCXm yle__article__strong\">N\u00e4in Matti J. Kuronen puhuu toivosta vuonna 2017:<\/strong><\/p>\n<p><img decoding=\"async\" alt=\"\" src=\"https:\/\/www.europesays.com\/fi\/wp-content\/uploads\/2026\/01\/13-1-4150698.jpeg\" class=\"aw-1l9m598 hKVVvP\"\/>Laaja kirjallinen tuotanto<\/p>\n<p class=\"aw-1gybjub aw-1p7kakr kEtdKx cEmitX yle__article__paragraph\">Julkisuudessa Kuronen tuli tunnetuksi erityisesti suorapuheisena ja humoristisena pappina ja perheneuvojana.<\/p>\n<p class=\"aw-1gybjub aw-1p7kakr kEtdKx cEmitX yle__article__paragraph\">Kurosella on laaja kirjallinen tuotanto. H\u00e4n on kirjoittanut useita kirjoja sek\u00e4 lukuisia lehtiartikkeleja ja kolumneja.<\/p>\n<p class=\"aw-1gybjub aw-1p7kakr kEtdKx cEmitX yle__article__paragraph\">H\u00e4nelle el\u00e4m\u00e4ss\u00e4 oli t\u00e4rke\u00e4\u00e4 muun muassa j\u00e4\u00e4pallo ja jazz-musiikki.<\/p>\n<p class=\"aw-1gybjub aw-1p7kakr kEtdKx cEmitX yle__article__paragraph\"><strong class=\"aw-ak79eh KyCXm yle__article__strong\">Matti J. Kuronen on ehtinyt el\u00e4m\u00e4ss\u00e4\u00e4n paljon. N\u00e4in h\u00e4n kertoo el\u00e4m\u00e4st\u00e4\u00e4n toimittaja Sirkka Haveriselle vuonna 2017:<\/strong><\/p>\n<p><img decoding=\"async\" alt=\"\" src=\"https:\/\/www.europesays.com\/fi\/wp-content\/uploads\/2026\/01\/13-1-3401056-1559825906693.png\" class=\"aw-1l9m598 hKVVvP\"\/><\/p>\n","protected":false},"excerpt":{"rendered":"Lappeenrantalainen Matti J. Kuronen on toiminut muun muassa vankilapappina, seksuaaliterapeuttina ja mielenterveysseuran puheenjohtajana. Avaa kuvien katselu Matti J.&hellip;\n","protected":false},"author":2,"featured_media":130615,"comment_status":"","ping_status":"","sticky":false,"template":"","format":"standard","meta":{"footnotes":""},"categories":[12],"tags":[23124,22,23,1302,26,27,33,31,30,17,2001,71,4223,1446,24,25,28,29,15,18,21,4624,23125,32,19,20,1437,16],"class_list":{"0":"post-130614","1":"post","2":"type-post","3":"status-publish","4":"format-standard","5":"has-post-thumbnail","7":"category-suomi","8":"tag-ajattelija","9":"tag-breaking-news","10":"tag-breakingnews","11":"tag-etela-karjala","12":"tag-featured-news","13":"tag-featurednews","14":"tag-fi","15":"tag-finland","16":"tag-finnish","17":"tag-headlines","18":"tag-kirjailijat","19":"tag-kotimaa","20":"tag-kuolleet","21":"tag-lappeenranta","22":"tag-latest-news","23":"tag-latestnews","24":"tag-main-news","25":"tag-mainnews","26":"tag-news","27":"tag-otsikot","28":"tag-paauutiset","29":"tag-papit","30":"tag-rovastit","31":"tag-suomi","32":"tag-top-stories","33":"tag-topstories","34":"tag-uskonto","35":"tag-uutiset"},"share_on_mastodon":{"url":"https:\/\/pubeurope.com\/@fi\/115819311790318578","error":""},"_links":{"self":[{"href":"https:\/\/www.europesays.com\/fi\/wp-json\/wp\/v2\/posts\/130614","targetHints":{"allow":["GET"]}}],"collection":[{"href":"https:\/\/www.europesays.com\/fi\/wp-json\/wp\/v2\/posts"}],"about":[{"href":"https:\/\/www.europesays.com\/fi\/wp-json\/wp\/v2\/types\/post"}],"author":[{"embeddable":true,"href":"https:\/\/www.europesays.com\/fi\/wp-json\/wp\/v2\/users\/2"}],"replies":[{"embeddable":true,"href":"https:\/\/www.europesays.com\/fi\/wp-json\/wp\/v2\/comments?post=130614"}],"version-history":[{"count":0,"href":"https:\/\/www.europesays.com\/fi\/wp-json\/wp\/v2\/posts\/130614\/revisions"}],"wp:featuredmedia":[{"embeddable":true,"href":"https:\/\/www.europesays.com\/fi\/wp-json\/wp\/v2\/media\/130615"}],"wp:attachment":[{"href":"https:\/\/www.europesays.com\/fi\/wp-json\/wp\/v2\/media?parent=130614"}],"wp:term":[{"taxonomy":"category","embeddable":true,"href":"https:\/\/www.europesays.com\/fi\/wp-json\/wp\/v2\/categories?post=130614"},{"taxonomy":"post_tag","embeddable":true,"href":"https:\/\/www.europesays.com\/fi\/wp-json\/wp\/v2\/tags?post=130614"}],"curies":[{"name":"wp","href":"https:\/\/api.w.org\/{rel}","templated":true}]}}