{"id":130630,"date":"2026-01-01T10:39:07","date_gmt":"2026-01-01T10:39:07","guid":{"rendered":"https:\/\/www.europesays.com\/fi\/130630\/"},"modified":"2026-01-01T10:39:07","modified_gmt":"2026-01-01T10:39:07","slug":"iivo-niskanen-kymppisakkiin-jattaa-tourin-kesken-yle-seuraa-urheilu","status":"publish","type":"post","link":"https:\/\/www.europesays.com\/fi\/130630\/","title":{"rendered":"Iivo Niskanen kymppisakkiin, j\u00e4tt\u00e4\u00e4 Tourin kesken \u2013 Yle seuraa | Urheilu"},"content":{"rendered":"<p>T\u00e4ss\u00e4 miesten takaa-ajon lopputulokset<\/p>\n<p class=\"aw-lzd4tw hrgmTi\">Toblach, Italia<br \/>\nMiehet, 20 km (p) \/ Takaa-ajo<\/p>\n<p class=\"aw-lzd4tw hrgmTi\">  1. Johannes H. Kl\u00e4bo      NOR 46.01,7<br \/>\n  2. Mattis Stenshagen    NOR +  51,1<br \/>\n  3. Edvin Anger                     SWE +  59,8<br \/>\n  4. Federico Pellegrino    ITA +  59,8<br \/>\n  5. Emil Iversen                    NOR +1.00,2<br \/>\n  6. Gus Schumacher         USA +1.00,2<br \/>\n  7. Lars Heggen                    NOR +1.00,3<br \/>\n  8. Benjamin Moser           AUT +1.00,8<br \/>\n  9. Harald \u00d6. Amundsen NOR +1.03,1<br \/>\n10. Iivo Niskanen                 FIN +1.53,6<\/p>\n<p class=\"aw-lzd4tw hrgmTi\">18. Perttu Hyv\u00e4rinen       FIN +1.59,8<br \/>\n24. Petteri Koivisto           FIN +2.45,6<br \/>\n36. Joni M\u00e4ki                          FIN +3.34,0<br \/>\n40. Niilo Moilanen              FIN +3.46,3<\/p>\n","protected":false},"excerpt":{"rendered":"T\u00e4ss\u00e4 miesten takaa-ajon lopputulokset Toblach, Italia Miehet, 20 km (p) \/ Takaa-ajo 1. Johannes H. Kl\u00e4bo NOR 46.01,7&hellip;\n","protected":false},"author":2,"featured_media":130631,"comment_status":"","ping_status":"","sticky":false,"template":"","format":"standard","meta":{"footnotes":""},"categories":[5],"tags":[22,23,26,27,33,31,30,17,2095,24,25,28,29,15,18,21,32,19,20,160,16],"class_list":{"0":"post-130630","1":"post","2":"type-post","3":"status-publish","4":"format-standard","5":"has-post-thumbnail","7":"category-otsikot","8":"tag-breaking-news","9":"tag-breakingnews","10":"tag-featured-news","11":"tag-featurednews","12":"tag-fi","13":"tag-finland","14":"tag-finnish","15":"tag-headlines","16":"tag-hiihto","17":"tag-latest-news","18":"tag-latestnews","19":"tag-main-news","20":"tag-mainnews","21":"tag-news","22":"tag-otsikot","23":"tag-paauutiset","24":"tag-suomi","25":"tag-top-stories","26":"tag-topstories","27":"tag-urheilu","28":"tag-uutiset"},"share_on_mastodon":{"url":"https:\/\/pubeurope.com\/@fi\/115819417624888190","error":""},"_links":{"self":[{"href":"https:\/\/www.europesays.com\/fi\/wp-json\/wp\/v2\/posts\/130630","targetHints":{"allow":["GET"]}}],"collection":[{"href":"https:\/\/www.europesays.com\/fi\/wp-json\/wp\/v2\/posts"}],"about":[{"href":"https:\/\/www.europesays.com\/fi\/wp-json\/wp\/v2\/types\/post"}],"author":[{"embeddable":true,"href":"https:\/\/www.europesays.com\/fi\/wp-json\/wp\/v2\/users\/2"}],"replies":[{"embeddable":true,"href":"https:\/\/www.europesays.com\/fi\/wp-json\/wp\/v2\/comments?post=130630"}],"version-history":[{"count":0,"href":"https:\/\/www.europesays.com\/fi\/wp-json\/wp\/v2\/posts\/130630\/revisions"}],"wp:featuredmedia":[{"embeddable":true,"href":"https:\/\/www.europesays.com\/fi\/wp-json\/wp\/v2\/media\/130631"}],"wp:attachment":[{"href":"https:\/\/www.europesays.com\/fi\/wp-json\/wp\/v2\/media?parent=130630"}],"wp:term":[{"taxonomy":"category","embeddable":true,"href":"https:\/\/www.europesays.com\/fi\/wp-json\/wp\/v2\/categories?post=130630"},{"taxonomy":"post_tag","embeddable":true,"href":"https:\/\/www.europesays.com\/fi\/wp-json\/wp\/v2\/tags?post=130630"}],"curies":[{"name":"wp","href":"https:\/\/api.w.org\/{rel}","templated":true}]}}