{"id":130648,"date":"2026-01-01T11:17:09","date_gmt":"2026-01-01T11:17:09","guid":{"rendered":"https:\/\/www.europesays.com\/fi\/130648\/"},"modified":"2026-01-01T11:17:09","modified_gmt":"2026-01-01T11:17:09","slug":"linnea-leino-ja-anssi-heikkila-avoimina-tanssi-ja-suhdeasioista","status":"publish","type":"post","link":"https:\/\/www.europesays.com\/fi\/130648\/","title":{"rendered":"Linnea Leino ja Anssi Heikkil\u00e4 avoimina tanssi- ja suhdeasioista"},"content":{"rendered":"<p>            Timo Korhonen\n        <\/p>\n<p class=\"subtitle \">Linnea Leino toi puvullaan ja meikill\u00e4\u00e4n mieleen vanhan ajan Hollywood-t\u00e4hden s\u00e4dehtiess\u00e4\u00e4n kuin elokuvien &#8221;femme fatale&#8221;.<\/p>\n<p class=\"article-content article-content-width !bg-background\">Kultainen Venla -gaalaa juhlittiin 17. helmikuuta.<\/p>\n<p class=\"article-content article-content-width !bg-background\">Ei niin yll\u00e4tt\u00e4v\u00e4\u00e4 oli se, ett\u00e4 Tanssii T\u00e4htien Kanssa voitti j\u00e4lleen parhaan kilpailurealityn Venla-palkinnon.<\/p>\n<p class=\"article-content article-content-width !bg-background\">Jo ennen gaalan virallista osuutta punaisella matolla edellisen TTK-kauden voittajat  ja  olivat yht\u00e4 hymy\u00e4.<\/p>\n<p class=\"article-content article-content-width !bg-background\">Linnea toi puvullaan ja meikill\u00e4\u00e4n mieleen vanhan ajan Hollywood-t\u00e4hden s\u00e4dehtiess\u00e4\u00e4n kuin elokuvien &#8221;femme fatale&#8221;.<\/p>\n<p class=\"article-content article-content-width !bg-background\">Anssilla taas oli tummansininen puku ja kokonaisuuden kruunasi alati l\u00e4sn\u00e4 oleva viikarimainen hymy.<\/p>\n<p>        <a itemprop=\"url\" href=\"https:\/\/www.seiska.fi\/kotimaa\/anssi-heikkila-mystisena-muutostaan\/1584886\" rel=\"nofollow noopener\" target=\"_blank\"><\/p>\n<p class=\"section-date\">\n        <strong class=\"article-section\" data-section=\"kotimaa\"><br \/>\n            kotimaa<br \/>\n        <\/strong><br \/>\n        19.1.2025 18:50\n    <\/p>\n<p>Anssi Heikkil\u00e4 mystisen\u00e4 muutostaan\n    <\/p>\n<p itemprop=\"description\" class=\"subtitle \">\n    Anssi kertoo my\u00f6s, ettei uskalla ottaa kantaa ranskalaisten perunoiden alkuper\u00e4\u00e4n, sill\u00e4 ei sanojensa mukaan halua sotaa Ranskan ja Belgian v\u00e4lille.\n<\/p>\n<p>        <\/a><\/p>\n<p>&#8221;Selvi\u00e4\u00e4 jonkun ajan kuluttua&#8221;<\/p>\n<p class=\"article-content article-content-width !bg-background\">Anssi kertoi sosiaalisessa mediassa taannoin muuttaneensa Belgian p\u00e4\u00e4kaupunkiin Brysseliin.<\/p>\n<p class=\"article-content article-content-width !bg-background\">Seiskalle mies ei asiasta kysytt\u00e4ess\u00e4 juuri hiiskunut, mutta paljasti kuitenkin jotain.<\/p>\n<p class=\"article-content article-content-width !bg-background\">\u2013 Siell\u00e4 on jotain, miss\u00e4 olen mukana, hyv\u00e4ntuulinen Anssi velmuili salaper\u00e4isen\u00e4.<\/p>\n<p class=\"article-content article-content-width !bg-background\">\u2013 Selvi\u00e4\u00e4 jonkun ajan kuluttua, sanotaanko kahden kuukauden sis\u00e4\u00e4n.<\/p>\n<p class=\"article-content article-content-width !bg-background\">Anssi kertoi olevansa Brysseliss\u00e4 aina loppukev\u00e4\u00e4seen asti ja ilmoitti palaavansa Suomeen pysyv\u00e4sti kes\u00e4kuussa.<\/p>\n<p class=\"article-content article-content-width !bg-background\">My\u00f6hemmin selvisi, ett\u00e4 mies oli mukana Belgian Tanssii t\u00e4htien kanssa -tuotannossa.<\/p>\n<p class=\"article-content article-content-width !bg-background\">Mahdollisista suhdesutinoista komea mies vaikeni kuin muuri.<\/p>\n<p class=\"article-content article-content-width !bg-background\">\u2013 En puhu n\u00e4ist\u00e4 asioista, Anssi kakisteli.<\/p>\n<p>                <img decoding=\"async\" src=\"https:\/\/www.europesays.com\/fi\/wp-content\/uploads\/2026\/01\/1587128.webp.jpeg\" width=\"576\" height=\"720\" alt=\"Anssi Heikkil\u00e4 teki t\u00e4sm\u00e4iskun Venla-gaalaan Brysselist\u00e4.\" loading=\"lazy\" \/>            <\/p>\n<p>\n            Anssi Heikkil\u00e4 teki t\u00e4sm\u00e4iskun Venla-gaalaan Brysselist\u00e4.<br \/>\n            Timo Korhonen\n        <\/p>\n<p>&#8221;Ei ole tanssijalka vipattanut <\/p>\n<p class=\"article-content article-content-width !bg-background\">N\u00e4yttelij\u00e4 Linnea Leino kertoi, ett\u00e4 h\u00e4net pit\u00e4\u00e4 helmikuusta alkaen kiireisen\u00e4 huhtikuussa Kansallisteatterissa ensi-iltansa saava Kaarlo Bergbomin kootut k\u00e4rsimykset -n\u00e4ytelm\u00e4.<\/p>\n<p class=\"article-content article-content-width !bg-background\">Klassisen kauniina edustanut Linnea kertoi, ettei ole viime aikoina tanssiparketille astunut.<\/p>\n<p class=\"article-content article-content-width !bg-background\">\u2013 Ei ole jatkunut tanssit, t\u00e4ss\u00e4 on ollut ihan vain lepoa.<\/p>\n<p class=\"article-content article-content-width !bg-background\">\u2013 Ei ole tanssijalka vipattanut viel\u00e4 ainakaan.<\/p>\n<p>                <img decoding=\"async\" src=\"https:\/\/www.europesays.com\/fi\/wp-content\/uploads\/2026\/01\/1587150.webp.jpeg\" width=\"576\" height=\"274\" alt=\"Linnea ja Anssi pokkasivat voiton viimeisimm\u00e4ll\u00e4 TTK-kaudella.\" loading=\"lazy\" \/>            <\/p>\n<p>\n            Linnea ja Anssi pokkasivat voiton viimeisimm\u00e4ll\u00e4 TTK-kaudella.<br \/>\n            Timo Korhonen\n        <\/p>\n<p>        <a itemprop=\"url\" href=\"https:\/\/www.seiska.fi\/kotimaa\/anssi-heikkila-raivostui\/1992294\" rel=\"nofollow noopener\" target=\"_blank\"><\/p>\n<p>\nAnssi Heikkil\u00e4\n<\/p>\n<p class=\"section-date\">\n        <strong class=\"article-section\" data-section=\"kotimaa\"><br \/>\n            kotimaa<br \/>\n        <\/strong><br \/>\n        13.11.2025 14:26\n    <\/p>\n<p>Anssi Heikkil\u00e4 raivostui\n    <\/p>\n<p itemprop=\"description\" class=\"subtitle \">\n    Anssi Heikkil\u00e4n omaisuus koki kovia. Miest\u00e4 ymm\u00e4rrett\u00e4v\u00e4sti harmittaa \u2013 ja paljon.\n<\/p>\n<p>        <\/a><\/p>\n<p>&#8221;Olisi hauska yll\u00e4pit\u00e4\u00e4&#8221;<\/p>\n<p class=\"article-content article-content-width !bg-background\">Tanssista j\u00e4i kuitenkin hyv\u00e4 fiilis, ja Linnea toivookin pit\u00e4v\u00e4ns\u00e4 sen harrastuksena.<\/p>\n<p class=\"article-content article-content-width !bg-background\">\u2013 Olisi hauska yll\u00e4pit\u00e4\u00e4 niit\u00e4 taitoja, joita TTK:ssa oppi. Toivon, ett\u00e4 jossain kohtaa menisin tanssitunnille katsomaan, mit\u00e4 sielt\u00e4 muistuu mieleen.<\/p>\n<p class=\"article-content article-content-width !bg-background\">Linnea ei maininnut Anssia mahdollisissa tulevissa tanssiasioissa nimelt\u00e4, toisin kuin Anssi Linnean.<\/p>\n<p class=\"article-content article-content-width !bg-background\">\u2013 V\u00e4h\u00e4n on puhuttu, ett\u00e4 jossain vaiheessa vedett\u00e4isiin ProAm-kilpailut l\u00e4pi, mutta katsotaan, Anssi ruoti.<\/p>\n<p>                <img decoding=\"async\" src=\"https:\/\/www.europesays.com\/fi\/wp-content\/uploads\/2026\/01\/1587151.webp.jpeg\" width=\"576\" height=\"720\" alt=\"Linnea Leino edusti upeana.\" loading=\"lazy\" \/>            <\/p>\n<p>\n            Linnea Leino edusti upeana.<br \/>\n            Timo Korhonen\n        <\/p>\n<p>&#8221;Tunnettu siit\u00e4, ett\u00e4 en puhu&#8221;<\/p>\n<p class=\"article-content article-content-width !bg-background\">ProAm on TTK:sta tuttu harrastusmuoto, jossa kilpatansseja harjoitellaan huippuopettajan parina.<\/p>\n<p>        <a itemprop=\"url\" href=\"https:\/\/www.seiska.fi\/kotimaa\/linnea-leinolta-rakkausavautuminen\/1972601\" rel=\"nofollow noopener\" target=\"_blank\"><\/p>\n<p>\nLinnea Leino\n<\/p>\n<p class=\"section-date\">\n        <strong class=\"article-section\" data-section=\"kotimaa\"><br \/>\n            kotimaa<br \/>\n        <\/strong><br \/>\n        28.10.2025 06:00\n    <\/p>\n<p>Linnea Leinolta rakkausavautuminen\n    <\/p>\n<p itemprop=\"description\" class=\"subtitle \">\n    Linnea kertoo Seiskalle senkin, mik\u00e4 on el\u00e4m\u00e4ntarkoitus.\n<\/p>\n<p>        <\/a><\/p>\n<p class=\"article-content article-content-width !bg-background\">Suhdekysymykset saivat Linnealta naurun ja kerta kaikkiaan suoran vastauksen:<\/p>\n<p class=\"article-content article-content-width !bg-background\">\u2013 Olen tunnettu siit\u00e4, ett\u00e4 en puhu suhdeasioista, enk\u00e4 ole koskaan puhunutkaan.<\/p>\n<p class=\"article-content article-content-width !bg-background\">\u2013 Suhdeasiat j\u00e4\u00e4v\u00e4t ikuisesti h\u00e4m\u00e4r\u00e4n peittoon, Linnea naurahti.<\/p>\n<p>                <img decoding=\"async\" src=\"https:\/\/www.europesays.com\/fi\/wp-content\/uploads\/2026\/01\/1587159.webp.jpeg\" width=\"576\" height=\"720\" alt=\"Linnean ja Anssin v\u00e4lilt\u00e4 ei s\u00e4hk\u00f6\u00e4 puttunut.\" loading=\"lazy\" \/>            <\/p>\n<p>\n            Linnean ja Anssin v\u00e4lilt\u00e4 ei s\u00e4hk\u00f6\u00e4 puttunut.<br \/>\n            Timo Korhonen\n        <\/p>\n<p class=\"italic m-italic article-content article-content-width !bg-background\">Seiska julkaisee uudelleen vuoden luetuimpia juttujaan. T\u00e4m\u00e4 artikkeli on julkaistu alun perin 21.1.2025.<\/p>\n","protected":false},"excerpt":{"rendered":"Timo Korhonen Linnea Leino toi puvullaan ja meikill\u00e4\u00e4n mieleen vanhan ajan Hollywood-t\u00e4hden s\u00e4dehtiess\u00e4\u00e4n kuin elokuvien &#8221;femme fatale&#8221;. Kultainen&hellip;\n","protected":false},"author":2,"featured_media":130649,"comment_status":"","ping_status":"","sticky":false,"template":"","format":"standard","meta":{"footnotes":""},"categories":[136],"tags":[2832,10923,407,137,33,31,30,408,5602,212,2833,32,903,109],"class_list":{"0":"post-130648","1":"post","2":"type-post","3":"status-publish","4":"format-standard","5":"has-post-thumbnail","7":"category-julkkikset","8":"tag-anssi-heikkila","9":"tag-bryssel","10":"tag-celebrities","11":"tag-entertainment","12":"tag-fi","13":"tag-finland","14":"tag-finnish","15":"tag-julkkikset","16":"tag-kultainen-venla","17":"tag-lifestyle","18":"tag-linnea-leino","19":"tag-suomi","20":"tag-tanssii-tahtien-kanssa","21":"tag-viihde"},"share_on_mastodon":{"url":"https:\/\/pubeurope.com\/@fi\/115819567066489482","error":""},"_links":{"self":[{"href":"https:\/\/www.europesays.com\/fi\/wp-json\/wp\/v2\/posts\/130648","targetHints":{"allow":["GET"]}}],"collection":[{"href":"https:\/\/www.europesays.com\/fi\/wp-json\/wp\/v2\/posts"}],"about":[{"href":"https:\/\/www.europesays.com\/fi\/wp-json\/wp\/v2\/types\/post"}],"author":[{"embeddable":true,"href":"https:\/\/www.europesays.com\/fi\/wp-json\/wp\/v2\/users\/2"}],"replies":[{"embeddable":true,"href":"https:\/\/www.europesays.com\/fi\/wp-json\/wp\/v2\/comments?post=130648"}],"version-history":[{"count":0,"href":"https:\/\/www.europesays.com\/fi\/wp-json\/wp\/v2\/posts\/130648\/revisions"}],"wp:featuredmedia":[{"embeddable":true,"href":"https:\/\/www.europesays.com\/fi\/wp-json\/wp\/v2\/media\/130649"}],"wp:attachment":[{"href":"https:\/\/www.europesays.com\/fi\/wp-json\/wp\/v2\/media?parent=130648"}],"wp:term":[{"taxonomy":"category","embeddable":true,"href":"https:\/\/www.europesays.com\/fi\/wp-json\/wp\/v2\/categories?post=130648"},{"taxonomy":"post_tag","embeddable":true,"href":"https:\/\/www.europesays.com\/fi\/wp-json\/wp\/v2\/tags?post=130648"}],"curies":[{"name":"wp","href":"https:\/\/api.w.org\/{rel}","templated":true}]}}