{"id":130657,"date":"2026-01-01T11:30:08","date_gmt":"2026-01-01T11:30:08","guid":{"rendered":"https:\/\/www.europesays.com\/fi\/130657\/"},"modified":"2026-01-01T11:30:08","modified_gmt":"2026-01-01T11:30:08","slug":"tyottomaksi-jaanyt-heidi-ruohola-sai-kaskyn-lopeta-opintosi","status":"publish","type":"post","link":"https:\/\/www.europesays.com\/fi\/130657\/","title":{"rendered":"Ty\u00f6tt\u00f6m\u00e4ksi j\u00e4\u00e4nyt Heidi Ruohola sai k\u00e4skyn: Lopeta opintosi"},"content":{"rendered":"<p>Heidi Ruohola sisuuntui saamastaan ilmoituksestaan niin, ett\u00e4 ryhtyi reklamoimaan. Se kannatti.<\/p>\n<p class=\"article-body mb-nof-24 px-nof-16\">Pori<\/p>\n<p class=\"article-body mb-nof-24 px-nof-16\">J\u00e4it ty\u00f6tt\u00f6m\u00e4ksi, joten sinun on pakko p\u00e4\u00e4tt\u00e4\u00e4 opinnot. Ty\u00f6tt\u00f6myystukea et voi muuten saada.<\/p>\n<p class=\"article-body mb-nof-24 px-nof-16\">Mit\u00e4 ihmett\u00e4, ajatteli ulvilalainen <a class=\"font-bold underline-offset-[0.12em] [text-decoration:var(--person-link-text-decoration)] ![text-decoration-color:var(--person-link-text-decoration-color)]\" href=\"https:\/\/www.satakunnankansa.fi\/haku\/?query=Heidi%20Ruohola\" rel=\"nofollow noopener\" target=\"_blank\">Heidi Ruohola<\/a> kuunnellessaan ty\u00f6voimaviranomaista.<\/p>\n<p class=\"article-body mb-nof-24 px-nof-16\">\u201dEnsin iski ep\u00e4usko. Ik\u00e4\u00e4n kuin ei olisi ollut tarpeeksi, ett\u00e4 ty\u00f6t loppuvat, ja sitten viel\u00e4 t\u00e4m\u00e4\u201d, Ruohola kertaa.<\/p>\n","protected":false},"excerpt":{"rendered":"Heidi Ruohola sisuuntui saamastaan ilmoituksestaan niin, ett\u00e4 ryhtyi reklamoimaan. Se kannatti. Pori J\u00e4it ty\u00f6tt\u00f6m\u00e4ksi, joten sinun on pakko&hellip;\n","protected":false},"author":2,"featured_media":130658,"comment_status":"","ping_status":"","sticky":false,"template":"","format":"standard","meta":{"footnotes":""},"categories":[12],"tags":[22,23,26,27,33,31,30,17,24,25,28,29,15,18,21,80,32,19,20,16],"class_list":{"0":"post-130657","1":"post","2":"type-post","3":"status-publish","4":"format-standard","5":"has-post-thumbnail","7":"category-suomi","8":"tag-breaking-news","9":"tag-breakingnews","10":"tag-featured-news","11":"tag-featurednews","12":"tag-fi","13":"tag-finland","14":"tag-finnish","15":"tag-headlines","16":"tag-latest-news","17":"tag-latestnews","18":"tag-main-news","19":"tag-mainnews","20":"tag-news","21":"tag-otsikot","22":"tag-paauutiset","23":"tag-satakunnan-kansa","24":"tag-suomi","25":"tag-top-stories","26":"tag-topstories","27":"tag-uutiset"},"share_on_mastodon":{"url":"https:\/\/pubeurope.com\/@fi\/115819618251522293","error":""},"_links":{"self":[{"href":"https:\/\/www.europesays.com\/fi\/wp-json\/wp\/v2\/posts\/130657","targetHints":{"allow":["GET"]}}],"collection":[{"href":"https:\/\/www.europesays.com\/fi\/wp-json\/wp\/v2\/posts"}],"about":[{"href":"https:\/\/www.europesays.com\/fi\/wp-json\/wp\/v2\/types\/post"}],"author":[{"embeddable":true,"href":"https:\/\/www.europesays.com\/fi\/wp-json\/wp\/v2\/users\/2"}],"replies":[{"embeddable":true,"href":"https:\/\/www.europesays.com\/fi\/wp-json\/wp\/v2\/comments?post=130657"}],"version-history":[{"count":0,"href":"https:\/\/www.europesays.com\/fi\/wp-json\/wp\/v2\/posts\/130657\/revisions"}],"wp:featuredmedia":[{"embeddable":true,"href":"https:\/\/www.europesays.com\/fi\/wp-json\/wp\/v2\/media\/130658"}],"wp:attachment":[{"href":"https:\/\/www.europesays.com\/fi\/wp-json\/wp\/v2\/media?parent=130657"}],"wp:term":[{"taxonomy":"category","embeddable":true,"href":"https:\/\/www.europesays.com\/fi\/wp-json\/wp\/v2\/categories?post=130657"},{"taxonomy":"post_tag","embeddable":true,"href":"https:\/\/www.europesays.com\/fi\/wp-json\/wp\/v2\/tags?post=130657"}],"curies":[{"name":"wp","href":"https:\/\/api.w.org\/{rel}","templated":true}]}}