{"id":130659,"date":"2026-01-01T11:31:09","date_gmt":"2026-01-01T11:31:09","guid":{"rendered":"https:\/\/www.europesays.com\/fi\/130659\/"},"modified":"2026-01-01T11:31:09","modified_gmt":"2026-01-01T11:31:09","slug":"miisa-nuorgam-sai-yllatysvauvan","status":"publish","type":"post","link":"https:\/\/www.europesays.com\/fi\/130659\/","title":{"rendered":"Miisa Nuorgam sai yll\u00e4tysvauvan"},"content":{"rendered":"<p>Somevaikuttaja kertoi ilouutisen seuraajilleen.<\/p>\n<p><img decoding=\"async\" class=\"image image-show image-preview\" src=\"https:\/\/www.europesays.com\/fi\/wp-content\/uploads\/2026\/01\/bfd0d186675133463fc9803ef0c31bf58bd2adbe9c08da0a723e15553eb87da0.jpg\" alt=\"\"\/><img decoding=\"async\" class=\"image image-show\" src=\"https:\/\/www.europesays.com\/fi\/wp-content\/uploads\/2026\/01\/1767267069_948_bfd0d186675133463fc9803ef0c31bf58bd2adbe9c08da0a723e15553eb87da0.jpg\" alt=\"\"\/><\/p>\n<p>Miisa Nuorgam sai toisen lapsen. Pete Anikari<\/p>\n<p class=\"paragraph\">Somevaikuttaja <strong>Miisa Nuorgam<\/strong> kertoi uudenvuodenaattona yll\u00e4tt\u00e4en tulleensa toistamiseen \u00e4idiksi. H\u00e4nen ensimm\u00e4inen lapsensa syntyi vuonna 2021.<\/p>\n<p class=\"paragraph\">Nuorgam on pit\u00e4nyt matalaa profiilia sosiaalisessa mediassa ja j\u00e4tt\u00e4nyt kertomatta raskaudestaan. Nyt h\u00e4n ilmoitti k\u00e4yneens\u00e4 synnytt\u00e4m\u00e4ss\u00e4.<\/p>\n<p class=\"paragraph\">\u2013 T\u00e4\u00e4ll\u00e4 on ollut viime aikoina viel\u00e4 tavallista hiljaisempaa; vietettiin joulua, k\u00e4ytiin v\u00e4liss\u00e4 synnytt\u00e4m\u00e4ss\u00e4 ja sen j\u00e4lkeen onkin l\u00e4hinn\u00e4 ihmetelty uutta perheenj\u00e4sent\u00e4, Nuorgam kertoo Instagramissa.<\/p>\n<p class=\"paragraph\">N\u00e4et p\u00e4ivityksen alta tai <a href=\"https:\/\/www.instagram.com\/p\/DS7VEixDAu0\/?utm_source=ig_embed\" rel=\"noopener nofollow\" target=\"_blank\">t\u00e4\u00e4lt\u00e4.<\/a><\/p>\n<p class=\"paragraph\">Nuorgamia onnitellaan sosiaalisessa mediassa ja monista onnitteluista k\u00e4y ilmi, ett\u00e4 vauvauutinen oli t\u00e4ysi yll\u00e4tys.<\/p>\n<p class=\"paragraph\">Nuorgam on n\u00e4hty viimeksi Petolliset-ohjelmassa. H\u00e4n nousi aikoinaan julkisuuteen <strong>Hjalliksen<\/strong> luotsaamasta Diili-ohjelmasta.<\/p>\n<p><script async src=\"\/\/www.instagram.com\/embed.js\"><\/script><\/p>\n","protected":false},"excerpt":{"rendered":"Somevaikuttaja kertoi ilouutisen seuraajilleen. Miisa Nuorgam sai toisen lapsen. Pete Anikari Somevaikuttaja Miisa Nuorgam kertoi uudenvuodenaattona yll\u00e4tt\u00e4en tulleensa&hellip;\n","protected":false},"author":2,"featured_media":130660,"comment_status":"","ping_status":"","sticky":false,"template":"","format":"standard","meta":{"footnotes":""},"categories":[5],"tags":[35,22,23,26,27,33,31,30,17,101,148,147,24,25,28,29,15,18,21,98,979,32,19,20,16],"class_list":{"0":"post-130659","1":"post","2":"type-post","3":"status-publish","4":"format-standard","5":"has-post-thumbnail","7":"category-otsikot","8":"tag-24h","9":"tag-breaking-news","10":"tag-breakingnews","11":"tag-featured-news","12":"tag-featurednews","13":"tag-fi","14":"tag-finland","15":"tag-finnish","16":"tag-headlines","17":"tag-ihmissuhteet","18":"tag-internet","19":"tag-internet-palvelut","20":"tag-latest-news","21":"tag-latestnews","22":"tag-main-news","23":"tag-mainnews","24":"tag-news","25":"tag-otsikot","26":"tag-paauutiset","27":"tag-perhe","28":"tag-sahkoinen-media","29":"tag-suomi","30":"tag-top-stories","31":"tag-topstories","32":"tag-uutiset"},"share_on_mastodon":{"url":"https:\/\/pubeurope.com\/@fi\/115819622100987968","error":""},"_links":{"self":[{"href":"https:\/\/www.europesays.com\/fi\/wp-json\/wp\/v2\/posts\/130659","targetHints":{"allow":["GET"]}}],"collection":[{"href":"https:\/\/www.europesays.com\/fi\/wp-json\/wp\/v2\/posts"}],"about":[{"href":"https:\/\/www.europesays.com\/fi\/wp-json\/wp\/v2\/types\/post"}],"author":[{"embeddable":true,"href":"https:\/\/www.europesays.com\/fi\/wp-json\/wp\/v2\/users\/2"}],"replies":[{"embeddable":true,"href":"https:\/\/www.europesays.com\/fi\/wp-json\/wp\/v2\/comments?post=130659"}],"version-history":[{"count":0,"href":"https:\/\/www.europesays.com\/fi\/wp-json\/wp\/v2\/posts\/130659\/revisions"}],"wp:featuredmedia":[{"embeddable":true,"href":"https:\/\/www.europesays.com\/fi\/wp-json\/wp\/v2\/media\/130660"}],"wp:attachment":[{"href":"https:\/\/www.europesays.com\/fi\/wp-json\/wp\/v2\/media?parent=130659"}],"wp:term":[{"taxonomy":"category","embeddable":true,"href":"https:\/\/www.europesays.com\/fi\/wp-json\/wp\/v2\/categories?post=130659"},{"taxonomy":"post_tag","embeddable":true,"href":"https:\/\/www.europesays.com\/fi\/wp-json\/wp\/v2\/tags?post=130659"}],"curies":[{"name":"wp","href":"https:\/\/api.w.org\/{rel}","templated":true}]}}