{"id":130661,"date":"2026-01-01T11:43:09","date_gmt":"2026-01-01T11:43:09","guid":{"rendered":"https:\/\/www.europesays.com\/fi\/130661\/"},"modified":"2026-01-01T11:43:09","modified_gmt":"2026-01-01T11:43:09","slug":"jorma-uotinen-leikattiin-olen-hengissa","status":"publish","type":"post","link":"https:\/\/www.europesays.com\/fi\/130661\/","title":{"rendered":"Jorma Uotinen leikattiin: \u201dOlen hengiss\u00e4\u201d"},"content":{"rendered":"<p class=\"has-drop-cap\"><strong>Jorma Uotinen,<\/strong> 75, aloitti uuden vuoden terveell\u00e4 lonkalla.<\/p>\n<p>Tanssii t\u00e4htien kanssa -tv-ohjelman suosikkituomari ja tanssitaiteitilija k\u00e4vi ohjelman kuvausten p\u00e4\u00e4tteeksi lonkkaleikkauksessa. Tanssiin.fi kertoi Jorman terveyshuolista lokakuussa.<\/p>\n<p>\u201dKaikkien tanssijoiden lonkat ovat s\u00e4p\u00e4lein\u00e4 ja niit\u00e4 pit\u00e4\u00e4 leikata. Minun oikea lonkkani leikataan joulukuussa\u201d, Uotinen sanoi tuolloin.<\/p>\n<p><strong>Lue my\u00f6s:<\/strong> <a href=\"https:\/\/www.tanssiin.fi\/jorma-uotinen-iso-leikkaus\/\" title=\"Jorma Uotinen: iso leikkaus\" rel=\"nofollow noopener\" target=\"_blank\">Jorma Uotinen: iso leikkaus<\/a><\/p>\n<p>Sairaanhoitaja kehui Jorman haavaa<\/p>\n<p>Nyt leikkaus on tehty.<\/p>\n<p class=\"article-body mb-nof-24 px-nof-16\">Uotinen kertoo<a class=\"underline underline-offset-[0.12em] [text-decoration-thickness:var(--generic-link-underline-thickness)] [text-decoration-color:var(--generic-link-underline-color)] [text-decoration-skip-ink:var(--generic-link-underline-skip-ink)] break-words article-em\" href=\"https:\/\/open.podimo.com\/podcast\/c57ed2c7-e782-4c73-8d17-2e969c5713fc\" rel=\"nofollow noopener\" target=\"_blank\">\u00a0Sami ja Jorma<\/a>\u00a0-podcastin uusimmassa jaksossa, ett\u00e4 leikkaus sujui hyvin. Toipuminen on t\u00e4ydess\u00e4 vauhdissa eik\u00e4 takapakkia ole tullut.<\/p>\n<p class=\"article-body mb-nof-24 px-nof-16\">&#8221;Leikkaus meni ihan laillisesti, olen hengiss\u00e4 ja k\u00e4velen&#8221;, h\u00e4n kuvailee podcastin kanssajuontaja<strong>\u00a0Sami Syk\u00f6lle\u00a0<\/strong>vointiaan.<\/p>\n<p class=\"article-body mb-nof-24 px-nof-16\">&#8221;Minulta on jo poistettu niin sanotut hakaset leikkaushaavasta, joka oli eritt\u00e4in kaunis, puhdas ja hienosti tehty. Sairaanhoitajakin katsoi, ett\u00e4 kyll\u00e4 t\u00e4m\u00e4 on hienosti laitettu.&#8221;<\/p>\n<p><strong>Lue my\u00f6s:<\/strong> <a href=\"https:\/\/www.tanssiin.fi\/hs-jorma-uotinen-haluaa-nyt-vetaa-kannit-vappu-pimian-kanssa\/\" title=\"HS: Jorma Uotinen haluaa nyt vet\u00e4\u00e4 k\u00e4nnit Vappu Pimi\u00e4n kanssa\" rel=\"nofollow noopener\" target=\"_blank\">HS: Jorma Uotinen haluaa nyt vet\u00e4\u00e4 k\u00e4nnit Vappu Pimi\u00e4n kanssa<\/a><\/p>\n<blockquote>\n<p>&#8221;Kipu on poissa&#8221;<\/p>\n<p>jorma uotinen podcastissa<\/p><\/blockquote>\n<p>Jorma ei en\u00e4\u00e4 tarvitse kyyn\u00e4rkeppi\u00e4k\u00e4\u00e4n liikkumiseen.<\/p>\n<p>&#8221;Se kipu, jonka takia leikkaukseen menin, on nyt poissa. Tietysti on viel\u00e4 leikkauksen j\u00e4lkeisi\u00e4 tuntemuksia. T\u00e4ss\u00e4 kest\u00e4\u00e4 varmaan muutaman viikon palautumisessa.&#8221;<\/p>\n<p>Uotisella on ollut terveyshuolia aiemminkin. H\u00e4n <a href=\"https:\/\/www.tanssiin.fi\/jorma-uotinen-72-sai-aivoinfarktin-aikoo-jatkaa-tanssii-tahtien-kanssa-tuomarina\/\" title=\"Jorma Uotinen, 72, sai  aivoinfarktin \u2013\u00a0aikoo jatkaa Tanssii t\u00e4htien kanssa -tuomarina\" rel=\"nofollow noopener\" target=\"_blank\">sai aivoinfarktin<\/a> kev\u00e4\u00e4ll\u00e4 2023.<\/p>\n<p>Kirjoittanut:<br \/>\n<img loading=\"lazy\" data-lazyloaded=\"1\" width=\"512\" height=\"512\" decoding=\"async\" class=\"aioseo-author-image\" src=\"https:\/\/www.europesays.com\/fi\/wp-content\/uploads\/2025\/10\/cropped-tanssiin-logo.jpg\" alt=\"author avatar\"\/><\/p>\n<p>Tanssiin.fi<\/p>\n<p>\nTanssi- ja iskelm\u00e4musiikin uutiset asiantuntevasti.<\/p>\n<p><img loading=\"lazy\" decoding=\"async\" data-lazyloaded=\"1\" width=\"512\" height=\"512\" class=\"aioseo-author-bio-compact-image\" src=\"https:\/\/www.europesays.com\/fi\/wp-content\/uploads\/2025\/10\/cropped-tanssiin-logo.jpg\" alt=\"author avatar\"\/><br \/>\nTanssi- ja iskelm\u00e4musiikin uutiset asiantuntevasti.<\/p>\n<p>50%<br \/>\nIhana<\/p>\n<p>0%<br \/>\nHauska<\/p>\n<p>13%<br \/>\nVau<\/p>\n<p>13%<br \/>\nSurullinen<\/p>\n<p>25%<br \/>\nVihainen\n<\/p>\n<p>Post navigation<\/p>\n","protected":false},"excerpt":{"rendered":"Jorma Uotinen, 75, aloitti uuden vuoden terveell\u00e4 lonkalla. Tanssii t\u00e4htien kanssa -tv-ohjelman suosikkituomari ja tanssitaiteitilija k\u00e4vi ohjelman kuvausten&hellip;\n","protected":false},"author":2,"featured_media":75880,"comment_status":"","ping_status":"","sticky":false,"template":"","format":"standard","meta":{"footnotes":""},"categories":[136],"tags":[407,137,33,31,30,4164,408,5939,16242,2923,32,903,167,16,109],"class_list":{"0":"post-130661","1":"post","2":"type-post","3":"status-publish","4":"format-standard","5":"has-post-thumbnail","7":"category-julkkikset","8":"tag-celebrities","9":"tag-entertainment","10":"tag-fi","11":"tag-finland","12":"tag-finnish","13":"tag-jorma-uotinen","14":"tag-julkkikset","15":"tag-leikkaus","16":"tag-lonkkaleikkaus","17":"tag-podcast","18":"tag-suomi","19":"tag-tanssii-tahtien-kanssa","20":"tag-terveys","21":"tag-uutiset","22":"tag-viihde"},"share_on_mastodon":{"url":"https:\/\/pubeurope.com\/@fi\/115819669307145947","error":""},"_links":{"self":[{"href":"https:\/\/www.europesays.com\/fi\/wp-json\/wp\/v2\/posts\/130661","targetHints":{"allow":["GET"]}}],"collection":[{"href":"https:\/\/www.europesays.com\/fi\/wp-json\/wp\/v2\/posts"}],"about":[{"href":"https:\/\/www.europesays.com\/fi\/wp-json\/wp\/v2\/types\/post"}],"author":[{"embeddable":true,"href":"https:\/\/www.europesays.com\/fi\/wp-json\/wp\/v2\/users\/2"}],"replies":[{"embeddable":true,"href":"https:\/\/www.europesays.com\/fi\/wp-json\/wp\/v2\/comments?post=130661"}],"version-history":[{"count":0,"href":"https:\/\/www.europesays.com\/fi\/wp-json\/wp\/v2\/posts\/130661\/revisions"}],"wp:featuredmedia":[{"embeddable":true,"href":"https:\/\/www.europesays.com\/fi\/wp-json\/wp\/v2\/media\/75880"}],"wp:attachment":[{"href":"https:\/\/www.europesays.com\/fi\/wp-json\/wp\/v2\/media?parent=130661"}],"wp:term":[{"taxonomy":"category","embeddable":true,"href":"https:\/\/www.europesays.com\/fi\/wp-json\/wp\/v2\/categories?post=130661"},{"taxonomy":"post_tag","embeddable":true,"href":"https:\/\/www.europesays.com\/fi\/wp-json\/wp\/v2\/tags?post=130661"}],"curies":[{"name":"wp","href":"https:\/\/api.w.org\/{rel}","templated":true}]}}