{"id":130670,"date":"2026-01-01T11:55:07","date_gmt":"2026-01-01T11:55:07","guid":{"rendered":"https:\/\/www.europesays.com\/fi\/130670\/"},"modified":"2026-01-01T11:55:07","modified_gmt":"2026-01-01T11:55:07","slug":"tanskan-posti-jakoi-tiistaina-viimeiset-kirjeensa","status":"publish","type":"post","link":"https:\/\/www.europesays.com\/fi\/130670\/","title":{"rendered":"Tanskan posti jakoi tiistaina viimeiset kirjeens\u00e4"},"content":{"rendered":"<p>Tanska|Tanskan postin yli 400 vuotta kest\u00e4nyt k\u00e4yt\u00e4nt\u00f6 p\u00e4\u00e4ttyi tiistaina.<\/p>\n<p>Lue tiivistelm\u00e4<\/p>\n<p class=\"article-body mb-nof-24 px-nof-16 sndp-summary-bullet-point-font\">Tanskan postipalvelu jakoi tiistaina viimeiset kirjeet ja lopetti yli 400 vuotta kest\u00e4neen perinteen.<\/p>\n<p class=\"article-body mb-nof-24 px-nof-16 sndp-summary-bullet-point-font\">Vuonna 1624 perustettu postipalvelu yhdistyi Ruotsin postin kanssa Postnordiksi vuonna 2009. Yhti\u00f6 keskittyy nyt Tanskassa pakettien jakamiseen.<\/p>\n<p class=\"article-body mb-nof-24 px-nof-16 sndp-summary-bullet-point-font\">Kirjeiden l\u00e4hett\u00e4minen on v\u00e4hentynyt yli 90 prosenttia 25 viime vuoden aikana, kun Tanska on digitalisoitunut.<\/p>\n<p class=\"article-body mb-nof-24 px-nof-16 sndp-summary-bullet-point-font\">L\u00e4hetyspalveluyritys Dao vastaa nyt kirjeiden toimittamisesta.<\/p>\n<p class=\"article-body mb-nof-24 px-nof-16\">Tanskan posti jakoi tiistaina viimeiset kirjeens\u00e4. T\u00e4m\u00e4 tarkoittaa loppua yli 400 vuotta kest\u00e4neelle perinteelle.<\/p>\n<p class=\"article-body mb-nof-24 px-nof-16\">Vuonna 1624 perustettu Tanskan kansallinen postipalvelu yhdistyi Ruotsin postin kanssa Postnordiksi vuonna 2009. Ruotsin valtio omistaa yhti\u00f6st\u00e4 60 prosenttia ja Tanska 40.<\/p>\n<p class=\"article-body mb-nof-24 px-nof-16\">Postnord aikoo nyt keskitty\u00e4 Tanskassa pakettien jakamiseen.<\/p>\n<p class=\"article-body mb-nof-24 px-nof-16\">Tanskaa on kutsuttu yhdeksi maailman digitalisoituneimmista maista. Kirjeiden l\u00e4hett\u00e4minen on v\u00e4hentynyt merkitt\u00e4v\u00e4sti, mutta samalla pakettipalvelut ovet lis\u00e4\u00e4ntyneet verkkokauppojen my\u00f6t\u00e4.<\/p>\n<p class=\"article-body mb-nof-24 px-nof-16\">K\u00f6\u00f6penhaminan postitalo muutettiin jo vuosia sitten ylelliseksi hotelliksi.<\/p>\n<p class=\"article-body mb-nof-24 px-nof-16\">Muutoksesta huolimatta kirjeit\u00e4 voi yh\u00e4 l\u00e4hett\u00e4\u00e4 Tanskassa. Siit\u00e4 on nyt vastuussa l\u00e4hetyspalveluyritys Dao.<\/p>\n<p class=\"article-body mb-nof-24 px-nof-16\">Kirjeit\u00e4 ei siis en\u00e4\u00e4 tiputeta punaisiin kirjelaatikkoihin, vaan ne vied\u00e4\u00e4n Daon toimipisteisiin. Lis\u00e4maksusta kirjeet voidaan hakea kotoa, mutta maksu pit\u00e4\u00e4 hoitaa digitaalisesti.<\/p>\n<p class=\"article-body mb-nof-24 px-nof-16\">Tanskan lain mukaan kirjeen l\u00e4hett\u00e4miseen on oltava mahdollisuus. Jos Dao lopettaisi kirjeiden jakelun, hallituksen olisi nimett\u00e4v\u00e4 joku muu hoitamaan sit\u00e4, brittilehti The Guardian <a class=\"underline underline-offset-[0.12em] [text-decoration-thickness:var(--generic-link-underline-thickness)] [text-decoration-color:var(--generic-link-underline-color)] [text-decoration-skip-ink:var(--generic-link-underline-skip-ink)] break-words\" href=\"https:\/\/www.theguardian.com\/world\/2025\/dec\/21\/denmark-postnord-postal-delivery-letters-society\" rel=\"nofollow noopener\" target=\"_blank\">kertoo.<\/a><\/p>\n<p class=\"article-body mb-nof-24 px-nof-16\">Suomessa Posti listautui p\u00f6rssiin viime lokakuussa. Postin toimitusjohtaja <a class=\"font-bold underline-offset-[0.12em] [text-decoration:var(--person-link-text-decoration)] ![text-decoration-color:var(--person-link-text-decoration-color)]\" href=\"https:\/\/www.hs.fi\/haku\/?query=Antti%20J%C3%A4%C3%A4skel%C3%A4inen\" rel=\"nofollow noopener\" target=\"_blank\">Antti J\u00e4\u00e4skel\u00e4inen<\/a> vakuutti silloin, ett\u00e4 t\u00e4ll\u00e4 ei olisi vaikutusta kirjejakelun hoitamiseen.<\/p>\n<p class=\"article-body mb-nof-24 px-nof-16\">Tanskassa yhteiskunta on jo pitk\u00e4lle digitalisoitunut. Yli 15-vuotiaista kansalaisista 97 prosenttia k\u00e4ytt\u00e4\u00e4 digitaalista j\u00e4rjestelm\u00e4\u00e4, jossa viranomaiskommunikointi tapahtuu digitaalisen postin v\u00e4lityksell\u00e4 eik\u00e4 kirjeitse.<\/p>\n<p class=\"article-body mb-nof-24 px-nof-16\">Kirjeiden l\u00e4hetys on v\u00e4hentynyt yli 90 prosenttia 25 viime vuoden aikana.<\/p>\n<p class=\"article-body mb-nof-24 px-nof-16\">The Guardian kuitenkin kertoo, ett\u00e4 on olemassa merkkej\u00e4 kirjeiden kirjoittamisen paluusta nuorempien ihmisten keskuudessa.<\/p>\n<p class=\"article-body mb-nof-24 px-nof-16\">Kirjeiden toimittamisesta vastaavan Daon mukaan 18\u201334-vuotiaat l\u00e4hett\u00e4v\u00e4t kaksi\u2013kolme kertaa enemm\u00e4n kirjeit\u00e4 kuin muut ik\u00e4ryhm\u00e4t.<\/p>\n<p class=\"article-body mb-nof-24 px-nof-16\">Taustalla on arvioitu olevan halu saada vastapainoa \u201ddigitaaliselle ylikuormitukselle\u201d.<\/p>\n","protected":false},"excerpt":{"rendered":"Tanska|Tanskan postin yli 400 vuotta kest\u00e4nyt k\u00e4yt\u00e4nt\u00f6 p\u00e4\u00e4ttyi tiistaina. Lue tiivistelm\u00e4 Tanskan postipalvelu jakoi tiistaina viimeiset kirjeet ja&hellip;\n","protected":false},"author":2,"featured_media":130671,"comment_status":"","ping_status":"","sticky":false,"template":"","format":"standard","meta":{"footnotes":""},"categories":[14],"tags":[22,23,26,27,33,31,30,17,46,24,25,28,29,15,18,21,32,19,20,56,16,59,60,61],"class_list":{"0":"post-130670","1":"post","2":"type-post","3":"status-publish","4":"format-standard","5":"has-post-thumbnail","7":"category-ulkomaat","8":"tag-breaking-news","9":"tag-breakingnews","10":"tag-featured-news","11":"tag-featurednews","12":"tag-fi","13":"tag-finland","14":"tag-finnish","15":"tag-headlines","16":"tag-helsingin-sanomat","17":"tag-latest-news","18":"tag-latestnews","19":"tag-main-news","20":"tag-mainnews","21":"tag-news","22":"tag-otsikot","23":"tag-paauutiset","24":"tag-suomi","25":"tag-top-stories","26":"tag-topstories","27":"tag-ulkomaat","28":"tag-uutiset","29":"tag-world","30":"tag-world-news","31":"tag-worldnews"},"share_on_mastodon":{"url":"https:\/\/pubeurope.com\/@fi\/115819716569846721","error":""},"_links":{"self":[{"href":"https:\/\/www.europesays.com\/fi\/wp-json\/wp\/v2\/posts\/130670","targetHints":{"allow":["GET"]}}],"collection":[{"href":"https:\/\/www.europesays.com\/fi\/wp-json\/wp\/v2\/posts"}],"about":[{"href":"https:\/\/www.europesays.com\/fi\/wp-json\/wp\/v2\/types\/post"}],"author":[{"embeddable":true,"href":"https:\/\/www.europesays.com\/fi\/wp-json\/wp\/v2\/users\/2"}],"replies":[{"embeddable":true,"href":"https:\/\/www.europesays.com\/fi\/wp-json\/wp\/v2\/comments?post=130670"}],"version-history":[{"count":0,"href":"https:\/\/www.europesays.com\/fi\/wp-json\/wp\/v2\/posts\/130670\/revisions"}],"wp:featuredmedia":[{"embeddable":true,"href":"https:\/\/www.europesays.com\/fi\/wp-json\/wp\/v2\/media\/130671"}],"wp:attachment":[{"href":"https:\/\/www.europesays.com\/fi\/wp-json\/wp\/v2\/media?parent=130670"}],"wp:term":[{"taxonomy":"category","embeddable":true,"href":"https:\/\/www.europesays.com\/fi\/wp-json\/wp\/v2\/categories?post=130670"},{"taxonomy":"post_tag","embeddable":true,"href":"https:\/\/www.europesays.com\/fi\/wp-json\/wp\/v2\/tags?post=130670"}],"curies":[{"name":"wp","href":"https:\/\/api.w.org\/{rel}","templated":true}]}}