{"id":130676,"date":"2026-01-01T12:09:07","date_gmt":"2026-01-01T12:09:07","guid":{"rendered":"https:\/\/www.europesays.com\/fi\/130676\/"},"modified":"2026-01-01T12:09:07","modified_gmt":"2026-01-01T12:09:07","slug":"shirly-karvinen-kokeili-kuivakuppausta-balilla-hyvinvointitrendi-jattaa-jalkensa","status":"publish","type":"post","link":"https:\/\/www.europesays.com\/fi\/130676\/","title":{"rendered":"Shirly Karvinen kokeili kuivakuppausta Balilla \u2013 hyvinvointitrendi j\u00e4tt\u00e4\u00e4 j\u00e4lkens\u00e4"},"content":{"rendered":"<p>            Timo Korhonen\n        <\/p>\n<p class=\"subtitle \">Shirly aloitti vuoden 2026 uudella kokemuksella, joka todella j\u00e4tti j\u00e4lkens\u00e4.<\/p>\n<p class=\"article-content article-content-width !bg-background\">Hyvinvointi ja sen huolto on ottanut melkoisia harppauksia luovempiin suuntiin. T\u00e4t\u00e4 nyky\u00e4 hierontojen ja jumppien rinnalla on monia keinoja yll\u00e4pit\u00e4\u00e4 kuntoa, heleytt\u00e4 ja vireytt\u00e4, ja yht\u00e4 n\u00e4ist\u00e4 l\u00e4hti kokeilemaan.<\/p>\n<p class=\"font-weight-bold m-font-weight-bold article-content article-content-width !bg-background\">Arkistovideo: Shirly ja Ahti viihtyv\u00e4t yhdess\u00e4<\/p>\n<p class=\"article-content article-content-width !bg-background\">Shirly on viett\u00e4nyt viime p\u00e4iv\u00e4t retriitill\u00e4 Balilla. Joogan ja luonnon helmassa el\u00e4misen on kruunannut kuivakuppaus, jonka Shirly p\u00e4\u00e4si kokemaan uudenvuodenaattona.<\/p>\n<p class=\"article-content article-content-width !bg-background\">Kuivakuppaus eli imukuppihieronta on <a href=\"https:\/\/www.saarentaika.com\/kuivakuppaus-eli-imukuppihieronta\/\" target=\"_blank\" rel=\"nofollow noopener\">Saaren taian<\/a> mukaan hoitomuoto, joka hoitaa lihaksia, niska-hartiaseudun kireytt\u00e4, iskiasvaivoja ja selk\u00e4kipuja. Sen historian kerrotaan ulottuvan aina muisnaiseen Egyptiin asti. Kiinassa sen taas uskottiin parantavan moniakin sairauksia.<\/p>\n<p class=\"article-content article-content-width !bg-background\">Kuivakuppauksen varjopuoli on se, ett\u00e4 hoidossa k\u00e4yminen on oikeastaan mahdoton pit\u00e4\u00e4 salaisuutena; se nimitt\u00e4in j\u00e4tt\u00e4\u00e4 selke\u00e4t j\u00e4ljet selk\u00e4\u00e4n.<\/p>\n<p>        <a itemprop=\"url\" href=\"https:\/\/www.seiska.fi\/vain-seiskassa\/yllatyssutinaa-shirly-karvinen-ja-rap-tahti-ahti-vaihtoivat-intohimoisia-suudelmia-kuvat-ja-video\/1862031\" rel=\"nofollow noopener\" target=\"_blank\"><\/p>\n<p>\nKuvat ja video!\n<\/p>\n<p class=\"section-date\">\n        <strong class=\"article-section\" data-section=\"vain seiskassa\"><br \/>\n            vain seiskassa<br \/>\n        <\/strong><br \/>\n        17.7.2025 05:00\n    <\/p>\n<p>Yll\u00e4tyssutinaa! Shirly Karvinen ja rap-t\u00e4hti Ahti vaihtoivat intohimoisia suudelmia \u2013 kuvat ja video!\n    <\/p>\n<p itemprop=\"description\" class=\"subtitle \">\n    Shirlyn ja Sannin suhteen tila on her\u00e4tt\u00e4nyt kysymyksi\u00e4 jo pitk\u00e4\u00e4n.\n<\/p>\n<p>        <\/a><\/p>\n<p>Hurja n\u00e4ky<\/p>\n<p class=\"article-content article-content-width !bg-background\">Shirly esittelee n\u00e4it\u00e4 j\u00e4lki\u00e4 uudenvuodenp\u00e4iv\u00e4n\u00e4 julkaisemassaan videossa. Videolla n\u00e4kyy, ett\u00e4 h\u00e4nen tatuoinnein koristeltu selk\u00e4ns\u00e4 on nyt kauttaaltaan punertavien, imukuppia muistuttavien muistelmien peitossa.<\/p>\n<p class=\"article-content article-content-width !bg-background\">\u2013\u00a0Kiva alottaa vuoden ensimm\u00e4inen p\u00e4iv\u00e4 niin, et ihmiset kysyy, ett\u00e4 mit\u00e4 mulle on k\u00e4yny,\u00a0Shirly kirjoittaa julkaisunsa ohessa.<\/p>\n<p class=\"article-content article-content-width !bg-background\">Vuoden vaihtuminen sujui Shirlyn osalta esimerkiksi cacao-seremonian parissa.<\/p>\n<p class=\"article-content article-content-width !bg-background\">\u2013\u00a0Ensin kerrottiin vuorotellen omasta vuodesta ja mist\u00e4 haluaa luopua sek\u00e4 mit\u00e4 toivoo tulevalta vuodelta. Kirjoitettiin paperille asiat mist\u00e4 halutaan p\u00e4\u00e4st\u00e4\u00e4 irti ja poltettiin,\u00a0Shirly kuvailee seremoniaa <a href=\"https:\/\/www.instagram.com\/stories\/shirlykarvinen\/3800403887686018775\/\" target=\"_blank\" rel=\"nofollow noopener\">Instagram-tarinoissaan<\/a>.<\/p>\n<p class=\"article-content article-content-width !bg-background\">\u2013\u00a0En tii\u00e4 mist\u00e4 tuli, mut itkin ku pieni vauva siin\u00e4 seremoniassa. Puhdistavaa,\u00a0h\u00e4n tunnustaa.<\/p>\n<p>        <a itemprop=\"url\" href=\"https:\/\/www.seiska.fi\/kotimaa\/shirly-karviselta-shokkipaljastus-podcastissa-ex-kumppani-kontrolloi-jarkyttavalla-tavalla\/1976850\" rel=\"nofollow noopener\" target=\"_blank\"><\/p>\n<p>\nPodcast:\n<\/p>\n<p class=\"section-date\">\n        <strong class=\"article-section\" data-section=\"kotimaa\"><br \/>\n            kotimaa<br \/>\n        <\/strong><br \/>\n        29.10.2025 14:57\n    <\/p>\n<p>Shirly Karviselta shokkipaljastus podcastissa: Ex-kumppani kontrolloi j\u00e4rkytt\u00e4v\u00e4ll\u00e4 tavalla\n    <\/p>\n<p itemprop=\"description\" class=\"subtitle \">\n    Shirly joutui pyyt\u00e4m\u00e4\u00e4n kumppaniltaan lupaa arkisiinkin asioihin.\n<\/p>\n<p>        <\/a><\/p>\n<p><script async src=\"\/\/www.instagram.com\/embed.js\"><\/script><\/p>\n","protected":false},"excerpt":{"rendered":"Timo Korhonen Shirly aloitti vuoden 2026 uudella kokemuksella, joka todella j\u00e4tti j\u00e4lkens\u00e4. Hyvinvointi ja sen huolto on ottanut&hellip;\n","protected":false},"author":2,"featured_media":130677,"comment_status":"","ping_status":"","sticky":false,"template":"","format":"standard","meta":{"footnotes":""},"categories":[136],"tags":[12510,23133,407,137,33,31,30,2233,408,23132,212,5457,32,109],"class_list":{"0":"post-130676","1":"post","2":"type-post","3":"status-publish","4":"format-standard","5":"has-post-thumbnail","7":"category-julkkikset","8":"tag-bali","9":"tag-cacao-seremonia","10":"tag-celebrities","11":"tag-entertainment","12":"tag-fi","13":"tag-finland","14":"tag-finnish","15":"tag-hyvinvointi","16":"tag-julkkikset","17":"tag-kuivakuppaus","18":"tag-lifestyle","19":"tag-shirly-karvinen","20":"tag-suomi","21":"tag-viihde"},"share_on_mastodon":{"url":"https:\/\/pubeurope.com\/@fi\/115819771527254552","error":""},"_links":{"self":[{"href":"https:\/\/www.europesays.com\/fi\/wp-json\/wp\/v2\/posts\/130676","targetHints":{"allow":["GET"]}}],"collection":[{"href":"https:\/\/www.europesays.com\/fi\/wp-json\/wp\/v2\/posts"}],"about":[{"href":"https:\/\/www.europesays.com\/fi\/wp-json\/wp\/v2\/types\/post"}],"author":[{"embeddable":true,"href":"https:\/\/www.europesays.com\/fi\/wp-json\/wp\/v2\/users\/2"}],"replies":[{"embeddable":true,"href":"https:\/\/www.europesays.com\/fi\/wp-json\/wp\/v2\/comments?post=130676"}],"version-history":[{"count":0,"href":"https:\/\/www.europesays.com\/fi\/wp-json\/wp\/v2\/posts\/130676\/revisions"}],"wp:featuredmedia":[{"embeddable":true,"href":"https:\/\/www.europesays.com\/fi\/wp-json\/wp\/v2\/media\/130677"}],"wp:attachment":[{"href":"https:\/\/www.europesays.com\/fi\/wp-json\/wp\/v2\/media?parent=130676"}],"wp:term":[{"taxonomy":"category","embeddable":true,"href":"https:\/\/www.europesays.com\/fi\/wp-json\/wp\/v2\/categories?post=130676"},{"taxonomy":"post_tag","embeddable":true,"href":"https:\/\/www.europesays.com\/fi\/wp-json\/wp\/v2\/tags?post=130676"}],"curies":[{"name":"wp","href":"https:\/\/api.w.org\/{rel}","templated":true}]}}