{"id":130678,"date":"2026-01-01T12:13:06","date_gmt":"2026-01-01T12:13:06","guid":{"rendered":"https:\/\/www.europesays.com\/fi\/130678\/"},"modified":"2026-01-01T12:13:06","modified_gmt":"2026-01-01T12:13:06","slug":"suomeen-tulossa-uusi-lavistys-ja-tatuointiliikekonsepti-taustalla-nightwishista-tuttu-muusikko","status":"publish","type":"post","link":"https:\/\/www.europesays.com\/fi\/130678\/","title":{"rendered":"Suomeen tulossa uusi l\u00e4vistys- ja tatuointiliikekonsepti &#8211; taustalla Nightwishist\u00e4 tuttu muusikko"},"content":{"rendered":"<p>Joensuulainen Prime Line Production Oy, jonka omistaja ja talousjohtaja on <strong>Nightwish<\/strong>-yhtyeen alkuper\u00e4isrumpalina tunnettu <strong>Jukka Nevalainen<\/strong>, tuo kev\u00e4\u00e4ll\u00e4 kansainv\u00e4lisesti tunnetun l\u00e4vistys-, tatuointi- ja korubr\u00e4ndi Wildcatin kivijalkaliikkeen Joensuun Iso Myy -kauppakeskukseen. Suomessa aiemmin vain verkkokauppana toimineen Wildcat Storen myym\u00e4l\u00e4 avataan asiakkaille huhtikuussa.<\/p>\n<p>\u201dOlemme odottaneet t\u00e4t\u00e4 hetke\u00e4 siit\u00e4 l\u00e4htien, kun avasimme Wildcat.fi-verkkokaupan vuonna 2023. Alusta asti oli selv\u00e4\u00e4, ett\u00e4 haluamme tuoda Wildcatin Suomeen my\u00f6s kivijalkaliikkeen muodossa. On hienoa ja merkityksellist\u00e4, ett\u00e4 Suomen ensimm\u00e4inen Wildcat Store avautuu juuri kotikaupungissani Joensuussa. Moderni myym\u00e4l\u00e4 ja kansainv\u00e4lisen huipputason osaaminen tuovat Joensuun l\u00e4vistys- ja tatuointitarjontaan uudenlaista laatua ja vaihtoehtoja\u201d, Nevalainen kommentoi.<\/p>\n<p>Wildcat on <strong>John Donoghuen<\/strong> Englannissa 1989 perustama br\u00e4ndi, jonka p\u00e4\u00e4konttori sijaitsee t\u00e4t\u00e4 nyky\u00e4 Saksassa. Lukuisissa maissa toimiva alan edell\u00e4k\u00e4vij\u00e4 valmistaa suuren osan l\u00e4vistyskoruistaan itse.<\/p>\n<p>Nevalainen toimi Nightwishin rumpalina perustamishetkest\u00e4 vuoteen 2014 asti, jolloin h\u00e4n j\u00e4i tauolle keikkakokoonpanosta vaikean unettomuuden vuoksi. H\u00e4nen tuuraajakseen pestattiin <strong>Kai Hahto<\/strong>. Vuonna 2019 tiedotettiin, ettei Nevalainen palaa riveihin ja Hahto otettiin b\u00e4ndin vakituiseksi j\u00e4seneksi.<\/p>\n<p>Nevalainen on mukana seitsem\u00e4ll\u00e4 levyll\u00e4 Angels Fall First -debyyttialbumista (1997) vuoden 2011 Imaginaerumiin saakka. Hahdon kanssa yhtye on julkaissut t\u00e4h\u00e4n menness\u00e4 kolme albumia.<\/p>\n<p>Lue my\u00f6s: <a href=\"https:\/\/www.inferno.fi\/uutiskirje\/\" title=\"Tilaa Infernon uutiskirje\" class=\"underline-custom !font-montserrat !font-bold !underline-offset-4 !decoration-4 !decoration-red-600 !text-md\" rel=\"nofollow noopener\" target=\"_blank\">Tilaa Infernon uutiskirje ja tied\u00e4t mist\u00e4 kahvitauolla puhutaan! Nappaa raskaan musiikin uutiset ja puheenaiheet suoraan s\u00e4hk\u00f6postiin t\u00e4st\u00e4.<\/a><\/p>\n","protected":false},"excerpt":{"rendered":"Joensuulainen Prime Line Production Oy, jonka omistaja ja talousjohtaja on Nightwish-yhtyeen alkuper\u00e4isrumpalina tunnettu Jukka Nevalainen, tuo kev\u00e4\u00e4ll\u00e4 kansainv\u00e4lisesti&hellip;\n","protected":false},"author":2,"featured_media":130679,"comment_status":"","ping_status":"","sticky":false,"template":"","format":"standard","meta":{"footnotes":""},"categories":[132],"tags":[3495,137,33,31,30,195,47,32,2926,109],"class_list":{"0":"post-130678","1":"post","2":"type-post","3":"status-publish","4":"format-standard","5":"has-post-thumbnail","7":"category-musiikki","8":"tag-bisnes","9":"tag-entertainment","10":"tag-fi","11":"tag-finland","12":"tag-finnish","13":"tag-music","14":"tag-musiikki","15":"tag-suomi","16":"tag-tatuointi","17":"tag-viihde"},"share_on_mastodon":{"url":"https:\/\/pubeurope.com\/@fi\/115819787502085163","error":""},"_links":{"self":[{"href":"https:\/\/www.europesays.com\/fi\/wp-json\/wp\/v2\/posts\/130678","targetHints":{"allow":["GET"]}}],"collection":[{"href":"https:\/\/www.europesays.com\/fi\/wp-json\/wp\/v2\/posts"}],"about":[{"href":"https:\/\/www.europesays.com\/fi\/wp-json\/wp\/v2\/types\/post"}],"author":[{"embeddable":true,"href":"https:\/\/www.europesays.com\/fi\/wp-json\/wp\/v2\/users\/2"}],"replies":[{"embeddable":true,"href":"https:\/\/www.europesays.com\/fi\/wp-json\/wp\/v2\/comments?post=130678"}],"version-history":[{"count":0,"href":"https:\/\/www.europesays.com\/fi\/wp-json\/wp\/v2\/posts\/130678\/revisions"}],"wp:featuredmedia":[{"embeddable":true,"href":"https:\/\/www.europesays.com\/fi\/wp-json\/wp\/v2\/media\/130679"}],"wp:attachment":[{"href":"https:\/\/www.europesays.com\/fi\/wp-json\/wp\/v2\/media?parent=130678"}],"wp:term":[{"taxonomy":"category","embeddable":true,"href":"https:\/\/www.europesays.com\/fi\/wp-json\/wp\/v2\/categories?post=130678"},{"taxonomy":"post_tag","embeddable":true,"href":"https:\/\/www.europesays.com\/fi\/wp-json\/wp\/v2\/tags?post=130678"}],"curies":[{"name":"wp","href":"https:\/\/api.w.org\/{rel}","templated":true}]}}