{"id":130692,"date":"2026-01-01T12:23:09","date_gmt":"2026-01-01T12:23:09","guid":{"rendered":"https:\/\/www.europesays.com\/fi\/130692\/"},"modified":"2026-01-01T12:23:09","modified_gmt":"2026-01-01T12:23:09","slug":"perttu-hyvarinen-mitta-taynna-ilta-sanomat","status":"publish","type":"post","link":"https:\/\/www.europesays.com\/fi\/130692\/","title":{"rendered":"Perttu Hyv\u00e4rinen: mitta t\u00e4ynn\u00e4 &#8211; Ilta-Sanomat"},"content":{"rendered":"<p>Torstain kisa ei ollut Hyv\u00e4risen mieleen.<\/p>\n<p class=\"article-body mb-nof-24 px-nof-16\">Toblach<\/p>\n<p class=\"article-body mb-nof-24 px-nof-16\">Suomen <a class=\"font-bold underline-offset-[0.12em] [text-decoration:var(--person-link-text-decoration)] ![text-decoration-color:var(--person-link-text-decoration-color)]\" href=\"https:\/\/www.is.fi\/haku\/?query=Perttu%20Hyv%C3%A4rinen\" rel=\"nofollow noopener\" target=\"_blank\">Perttu Hyv\u00e4rinen <\/a>ei viihtynyt ladulla uudenvuodenp\u00e4iv\u00e4n\u00e4, kun Tour de Skill\u00e4 kisattiin 20 kilometrin perinteisen takaa-ajo.<\/p>\n<p class=\"article-body mb-nof-24 px-nof-16\">Hyv\u00e4rinen py\u00f6ritteli maalissa p\u00e4\u00e4t\u00e4\u00e4n, ei varsinaisesti pettyneen\u00e4 mutta jokseenkin kyll\u00e4styneen\u00e4.<\/p>\n<p class=\"article-body mb-nof-24 px-nof-16\">\u2013 Tyls\u00e4 kisa. Helvetin tyls\u00e4.<\/p>\n<p class=\"article-body mb-nof-24 px-nof-16\">H\u00e4n l\u00e4hti ladulle 16:ntena ja tuli maaliin sijalla 18. Ero k\u00e4rkimies<a class=\"font-bold underline-offset-[0.12em] [text-decoration:var(--person-link-text-decoration)] ![text-decoration-color:var(--person-link-text-decoration-color)]\" href=\"https:\/\/www.is.fi\/haku\/?query=%20Johannes%20Kl%C3%A4boon\" rel=\"nofollow noopener\" target=\"_blank\"> Johannes Kl\u00e4boon<\/a> kasvoi noin kuudella sekunnilla.<\/p>\n<p class=\"article-body mb-nof-24 px-nof-16\">Hyv\u00e4rinen hiihteli l\u00e4hes koko matkan <a class=\"font-bold underline-offset-[0.12em] [text-decoration:var(--person-link-text-decoration)] ![text-decoration-color:var(--person-link-text-decoration-color)]\" href=\"https:\/\/www.is.fi\/haku\/?query=Iivo%20Niskasen\" rel=\"nofollow noopener\" target=\"_blank\">Iivo Niskasen<\/a> ja 6\u20138 muun miehen kanssa.<\/p>\n<p class=\"article-body mb-nof-24 px-nof-16\">H\u00e4n ajoi Niskasen porukan aikaisessa vaiheessa kiinni, mutta sen j\u00e4lkeen ei kummempia tapahtunut.<\/p>\n<p class=\"article-body mb-nof-24 px-nof-16\">\u2013 Oli hirmuinen peesihy\u00f6ty. Meid\u00e4n porukassa kenenk\u00e4\u00e4n ei kannattanut l\u00e4hte\u00e4 vet\u00e4m\u00e4\u00e4n, koska siit\u00e4 ei ollut mit\u00e4\u00e4n hy\u00f6ty\u00e4, jos laittoi kaasua. V\u00e4lill\u00e4 rupateltiin Iivon kanssa niit\u00e4 n\u00e4it\u00e4.<\/p>\n<p><img decoding=\"async\" src=\"https:\/\/www.europesays.com\/fi\/wp-content\/uploads\/2026\/01\/1767268208_988_468.jpg\" alt=\"Peesikisa turhautti Perttu Hyv\u00e4rist\u00e4.\" class=\"_Img_1rerz_1\" style=\"aspect-ratio:1.5011727912431587\" loading=\"eager\"\/><\/p>\n<p class=\"article-picture-caption\">Peesikisa turhautti Perttu Hyv\u00e4rist\u00e4. Kuva:\u00a0MAXIM THORE \/ Bildbyr\u00e5n \/ MVPhotos<\/p>\n<p class=\"article-body mb-nof-24 px-nof-16\">Hyv\u00e4rinen huokaisi syv\u00e4\u00e4n, kun h\u00e4n n\u00e4ki tulostaululla sijoituksensa.<\/p>\n<p class=\"article-body mb-nof-24 px-nof-16\">\u2013 Pikkaisen toivoisin parempaa \u2013 fiilist\u00e4 ja v\u00e4h\u00e4n edes tunnetta!<\/p>\n<p class=\"article-body mb-nof-24 px-nof-16\">Hyv\u00e4rinen oli osuusajoissa parhaana suomalaisena 15:s. H\u00e4n h\u00e4visi 29 sekuntia p\u00e4iv\u00e4n nopeimmalle, Ruotsin <a class=\"font-bold underline-offset-[0.12em] [text-decoration:var(--person-link-text-decoration)] ![text-decoration-color:var(--person-link-text-decoration-color)]\" href=\"https:\/\/www.is.fi\/haku\/?query=Edvin%20Angerille\" rel=\"nofollow noopener\" target=\"_blank\">Edvin Angerille<\/a>.<\/p>\n<p class=\"article-body mb-nof-24 px-nof-16\">Yll\u00e4tt\u00e4vimm\u00e4st\u00e4 suomalaissuorituksesta vastasi keskiviikkona <a class=\"font-bold underline-offset-[0.12em] [text-decoration:var(--person-link-text-decoration)] ![text-decoration-color:var(--person-link-text-decoration-color)]\" href=\"https:\/\/www.is.fi\/haku\/?query=Petteri%20Koivisto\" rel=\"nofollow noopener\" target=\"_blank\">Petteri Koivisto<\/a>, joka nosti sijoitustaan yhdeks\u00e4n pyk\u00e4l\u00e4\u00e4 24:nneksi.<\/p>\n<p class=\"article-body mb-nof-24 px-nof-16\">H\u00e4n h\u00e4visi osuusajoissa Hyv\u00e4riselle vain noin 15 sekuntia ollen 26. nopein. Niskanenkin j\u00e4i niukasti taakse.<\/p>\n<p class=\"article-body mb-nof-24 px-nof-16\">\u2013 Aamulla v\u00e4sytti aivan t\u00f6rke\u00e4sti. L\u00e4hdettiin silti hiiht\u00e4m\u00e4\u00e4n ja tiesin, ett\u00e4 t\u00e4m\u00e4 matka sopi minulle paremmin kuin aikaisemmat. Oli raskasta.<\/p>\n<p class=\"article-body mb-nof-24 px-nof-16\">Koivisto lykki suurimman osan matkasta yksin.<\/p>\n<p class=\"article-body mb-nof-24 px-nof-16\">\u2013 Jaksoin ty\u00f6st\u00e4\u00e4 niin, ettei kukaan tullut lopussa ohi. Suunta on oikea eli siin\u00e4 mieless\u00e4 meni ihan hyvin.<\/p>\n<p>20 km (p) takaa-ajo<\/p>\n<ol class=\"mb-nof-16 px-nof-16 article-ordered-list ordered-list\">\n<li class=\"ordered-list-item\">\n<p class=\"article-body\">Johannes Kl\u00e4bo, Norja 46.01,7<\/p>\n<\/li>\n<li class=\"ordered-list-item\">\n<p class=\"article-body\">Mattis Stenshagen, Norja +51,1<\/p>\n<\/li>\n<li class=\"ordered-list-item\">\n<p class=\"article-body\">Edvin Anger, Ruotsi +59,8<\/p>\n<\/li>\n<li class=\"ordered-list-item\">\n<p class=\"article-body\">Federico Pellegrino, Italia +59,8<\/p>\n<\/li>\n<li class=\"ordered-list-item\">\n<p class=\"article-body\">Emil Iversen, Norja +1.00,2<\/p>\n<\/li>\n<li class=\"ordered-list-item\">\n<p class=\"article-body\">Gus Schumacher, USA +1.00,2<\/p>\n<\/li>\n<li class=\"ordered-list-item\">\n<p class=\"article-body\">Lars Heggen, Norja +1.00,3<\/p>\n<\/li>\n<li class=\"ordered-list-item\">\n<p class=\"article-body\">Benjamin Moser, It\u00e4valta +1.00,8<\/p>\n<\/li>\n<li class=\"ordered-list-item\">\n<p class=\"article-body\">Harald Amundsen, Norja +1.03,1<\/p>\n<\/li>\n<li class=\"ordered-list-item\">\n<p class=\"article-body\">Iivo Niskanen, Suomi +1.53,6<\/p>\n<\/li>\n<\/ol>\n<p class=\"article-body mb-nof-24 px-nof-16\">18. Perttu Hyv\u00e4rinen +1.59,8<\/p>\n<p class=\"article-body mb-nof-24 px-nof-16\">24. Petteri Koivisto +2.45,6<\/p>\n<p class=\"article-body mb-nof-24 px-nof-16\">36. Joni M\u00e4ki +3.34,0<\/p>\n<p class=\"article-body mb-nof-24 px-nof-16\">40. Niilo Moilanen +3.46,3<\/p>\n<p class=\"article-body mb-nof-24 px-nof-16\">Etappi 5\/6 on perinteisen sprintti lauantaina Val di Fiemmess\u00e4.<\/p>\n","protected":false},"excerpt":{"rendered":"Torstain kisa ei ollut Hyv\u00e4risen mieleen. Toblach Suomen Perttu Hyv\u00e4rinen ei viihtynyt ladulla uudenvuodenp\u00e4iv\u00e4n\u00e4, kun Tour de Skill\u00e4&hellip;\n","protected":false},"author":2,"featured_media":130693,"comment_status":"","ping_status":"","sticky":false,"template":"","format":"standard","meta":{"footnotes":""},"categories":[5],"tags":[22,23,26,27,33,31,30,17,34,24,25,28,29,15,18,21,32,19,20,16],"class_list":{"0":"post-130692","1":"post","2":"type-post","3":"status-publish","4":"format-standard","5":"has-post-thumbnail","7":"category-otsikot","8":"tag-breaking-news","9":"tag-breakingnews","10":"tag-featured-news","11":"tag-featurednews","12":"tag-fi","13":"tag-finland","14":"tag-finnish","15":"tag-headlines","16":"tag-ilta-sanomat","17":"tag-latest-news","18":"tag-latestnews","19":"tag-main-news","20":"tag-mainnews","21":"tag-news","22":"tag-otsikot","23":"tag-paauutiset","24":"tag-suomi","25":"tag-top-stories","26":"tag-topstories","27":"tag-uutiset"},"share_on_mastodon":{"url":"https:\/\/pubeurope.com\/@fi\/115819826566794845","error":""},"_links":{"self":[{"href":"https:\/\/www.europesays.com\/fi\/wp-json\/wp\/v2\/posts\/130692","targetHints":{"allow":["GET"]}}],"collection":[{"href":"https:\/\/www.europesays.com\/fi\/wp-json\/wp\/v2\/posts"}],"about":[{"href":"https:\/\/www.europesays.com\/fi\/wp-json\/wp\/v2\/types\/post"}],"author":[{"embeddable":true,"href":"https:\/\/www.europesays.com\/fi\/wp-json\/wp\/v2\/users\/2"}],"replies":[{"embeddable":true,"href":"https:\/\/www.europesays.com\/fi\/wp-json\/wp\/v2\/comments?post=130692"}],"version-history":[{"count":0,"href":"https:\/\/www.europesays.com\/fi\/wp-json\/wp\/v2\/posts\/130692\/revisions"}],"wp:featuredmedia":[{"embeddable":true,"href":"https:\/\/www.europesays.com\/fi\/wp-json\/wp\/v2\/media\/130693"}],"wp:attachment":[{"href":"https:\/\/www.europesays.com\/fi\/wp-json\/wp\/v2\/media?parent=130692"}],"wp:term":[{"taxonomy":"category","embeddable":true,"href":"https:\/\/www.europesays.com\/fi\/wp-json\/wp\/v2\/categories?post=130692"},{"taxonomy":"post_tag","embeddable":true,"href":"https:\/\/www.europesays.com\/fi\/wp-json\/wp\/v2\/tags?post=130692"}],"curies":[{"name":"wp","href":"https:\/\/api.w.org\/{rel}","templated":true}]}}