{"id":130702,"date":"2026-01-01T12:47:07","date_gmt":"2026-01-01T12:47:07","guid":{"rendered":"https:\/\/www.europesays.com\/fi\/130702\/"},"modified":"2026-01-01T12:47:07","modified_gmt":"2026-01-01T12:47:07","slug":"jakautuneesta-saarivaltiosta-kyproksesta-tulee-tanaan-eun-puheenjohtajamaa-uutissuomalainen","status":"publish","type":"post","link":"https:\/\/www.europesays.com\/fi\/130702\/","title":{"rendered":"Jakautuneesta saarivaltiosta Kyproksesta tulee t\u00e4n\u00e4\u00e4n EU:n puheenjohtajamaa | Uutissuomalainen"},"content":{"rendered":"<p>EU-puheenjohtajamaan kapula siirtyy t\u00e4n\u00e4\u00e4n Tanskalta V\u00e4limeren saarivaltio Kyprokselle.<\/p>\n<p>Kypros on kertonut etuk\u00e4teen, ett\u00e4 sen prioriteetit puheenjohtajamaana ovat turvallisuus, Ukrainan tukeminen, EU:n autonomia ja maahanmuutto.<\/p>\n<p>EU:n puheenjohtajamaa vaihtuu puolen vuoden v\u00e4lein. Puheenjohtajamaan teht\u00e4v\u00e4n\u00e4 on vied\u00e4 eteenp\u00e4in EU:n lains\u00e4\u00e4d\u00e4nt\u00f6ty\u00f6t\u00e4 neuvostossa ja parlamentin ja komission kanssa k\u00e4yt\u00e4viss\u00e4 kolmikantaneuvotteluissa.<\/p>\n<p>\t\t\t\tJ\u00e4nnitteet Turkin kanssa pinnalla<\/p>\n<p>Kypros jakautui k\u00e4yt\u00e4nn\u00f6ss\u00e4 kahtia, kun Turkki miehitti saaren pohjoisosan vuonna 1974. Hy\u00f6kk\u00e4ys oli vastaus Kreikan sotilasjuntan tukemaan vallankaappausyritykseen Kyproksella. Saaren pohjoisosa julistautui itsen\u00e4iseksi vuonna 1983, mutta vain Turkki on tunnustanut alueen itsen\u00e4isyyden.<\/p>\n<p>Turkin, Kyproksen ja Kreikan j\u00e4nnitteiset suhteet ovat vaikuttaneet Turkin kanssa teht\u00e4v\u00e4\u00e4n puolustusyhteisty\u00f6h\u00f6n niin EU:n kuin Naton tasolla. Siksi sek\u00e4 Natossa ett\u00e4 EU:ssa on pohdittu jo etuk\u00e4teen, miten Kyproksen puheenjohtajuuskausi vaikuttaa mahdollisesti puolustukseen liittyv\u00e4\u00e4n yhteisty\u00f6h\u00f6n Turkin kanssa. <\/p>\n<p>Kreikka ja Kypros ovat esimerkiksi est\u00e4neet Turkkia liittym\u00e4st\u00e4 Euroopan puolustusvirastoon (EDA). Vastatoimena Turkki on est\u00e4nyt sotilasliitto Natoa jakamasta salassa pidett\u00e4v\u00e4\u00e4 tietoa EDA:n kanssa, vaikka virasto on viime aikoina vedonnut tiiviimpien suhteiden puolesta Natoon.<\/p>\n<p>Kreikka ja Kypros ovat suhtautuneet kriittisesti my\u00f6s ajatukseen, ett\u00e4 Turkki voisi liitty\u00e4 osaksi EU:n 150 miljardin euron <a href=\"https:\/\/www.is.fi\/politiikka\/art-2000011635939.html\" rel=\"nofollow noopener\" target=\"_blank\">puolustuslainav\u00e4line <\/a>Safea, vaikka v\u00e4line on haluttu pit\u00e4\u00e4 avoimena my\u00f6s EU:n kumppanimaille.<\/p>\n","protected":false},"excerpt":{"rendered":"EU-puheenjohtajamaan kapula siirtyy t\u00e4n\u00e4\u00e4n Tanskalta V\u00e4limeren saarivaltio Kyprokselle. Kypros on kertonut etuk\u00e4teen, ett\u00e4 sen prioriteetit puheenjohtajamaana ovat turvallisuus,&hellip;\n","protected":false},"author":2,"featured_media":130703,"comment_status":"","ping_status":"","sticky":false,"template":"","format":"standard","meta":{"footnotes":""},"categories":[14],"tags":[22,23,1617,2267,26,27,33,31,30,17,70,5679,24,25,28,29,2579,15,18,21,637,32,19,20,56,4385,16,59,60,61],"class_list":{"0":"post-130702","1":"post","2":"type-post","3":"status-publish","4":"format-standard","5":"has-post-thumbnail","7":"category-ulkomaat","8":"tag-breaking-news","9":"tag-breakingnews","10":"tag-euroopan-unioni","11":"tag-eurooppa","12":"tag-featured-news","13":"tag-featurednews","14":"tag-fi","15":"tag-finland","16":"tag-finnish","17":"tag-headlines","18":"tag-kansainvalinen-politiikka","19":"tag-kansainvaliset-organisaatiot-ja-sopimukset","20":"tag-latest-news","21":"tag-latestnews","22":"tag-main-news","23":"tag-mainnews","24":"tag-nato","25":"tag-news","26":"tag-otsikot","27":"tag-paauutiset","28":"tag-politiikka","29":"tag-suomi","30":"tag-top-stories","31":"tag-topstories","32":"tag-ulkomaat","33":"tag-ulkopolitiikka-ja-kansainvalinen-politiikka","34":"tag-uutiset","35":"tag-world","36":"tag-world-news","37":"tag-worldnews"},"share_on_mastodon":{"url":"","error":"Validation failed: Text character limit of 500 exceeded"},"_links":{"self":[{"href":"https:\/\/www.europesays.com\/fi\/wp-json\/wp\/v2\/posts\/130702","targetHints":{"allow":["GET"]}}],"collection":[{"href":"https:\/\/www.europesays.com\/fi\/wp-json\/wp\/v2\/posts"}],"about":[{"href":"https:\/\/www.europesays.com\/fi\/wp-json\/wp\/v2\/types\/post"}],"author":[{"embeddable":true,"href":"https:\/\/www.europesays.com\/fi\/wp-json\/wp\/v2\/users\/2"}],"replies":[{"embeddable":true,"href":"https:\/\/www.europesays.com\/fi\/wp-json\/wp\/v2\/comments?post=130702"}],"version-history":[{"count":0,"href":"https:\/\/www.europesays.com\/fi\/wp-json\/wp\/v2\/posts\/130702\/revisions"}],"wp:featuredmedia":[{"embeddable":true,"href":"https:\/\/www.europesays.com\/fi\/wp-json\/wp\/v2\/media\/130703"}],"wp:attachment":[{"href":"https:\/\/www.europesays.com\/fi\/wp-json\/wp\/v2\/media?parent=130702"}],"wp:term":[{"taxonomy":"category","embeddable":true,"href":"https:\/\/www.europesays.com\/fi\/wp-json\/wp\/v2\/categories?post=130702"},{"taxonomy":"post_tag","embeddable":true,"href":"https:\/\/www.europesays.com\/fi\/wp-json\/wp\/v2\/tags?post=130702"}],"curies":[{"name":"wp","href":"https:\/\/api.w.org\/{rel}","templated":true}]}}