{"id":130716,"date":"2026-01-01T13:10:10","date_gmt":"2026-01-01T13:10:10","guid":{"rendered":"https:\/\/www.europesays.com\/fi\/130716\/"},"modified":"2026-01-01T13:10:10","modified_gmt":"2026-01-01T13:10:10","slug":"avaruusvuosi-2026-avaruuden-hulabaloo-voi-alkaa-tana-vuonna","status":"publish","type":"post","link":"https:\/\/www.europesays.com\/fi\/130716\/","title":{"rendered":"Avaruusvuosi 2026 \u2013 avaruuden hulabaloo voi alkaa t\u00e4n\u00e4 vuonna"},"content":{"rendered":"<p class=\"is-style-dropcap\">Oletko huomannut, ett\u00e4 vuonna 2025 avaruuteen laukaistiin raketti l\u00e4hes joka p\u00e4iv\u00e4? Vaivihkaa avaruuslennoista on tullut rutiinia, kuten lentoasemalta ilmaan nousevista lentokoneista.<\/p>\n<p>Pelk\u00e4st\u00e4\u00e4n <strong>Elon Muskin <\/strong>SpaceX teki l\u00e4hes 170 Falcon 9 -raketin laukaisua vuonna 2025. Suuri osa niist\u00e4 vei avaruuteen yhti\u00f6n oman tietoliikennej\u00e4rjestelm\u00e4n Starlinkin satelliitteja. Starlink on SpaceX:n rahasampo, joka toi yhti\u00f6lle vuonna 2025 tuloja noin kahdeksan miljardia dollaria. Se on karkeasti kolmasosa Yhdysvaltain avaruusj\u00e4rjest\u00f6n Nasan koko budjetista.<\/p>\n<p>Vuonna 2026 Nasa joutunee tyytym\u00e4\u00e4n noin 19 miljardin dollarin budjettiin, mutta Starlink tuottaa yh\u00e4 enemm\u00e4n. Pian SpaceX on rikkaampi kuin maailman johtava avaruusj\u00e4rjest\u00f6.<\/p>\n<blockquote class=\"wp-block-quote is-layout-flow wp-block-quote-is-layout-flow\">\n<p>Vuoden 2026 odotetuin avaruuslento on Artemis 2, joka kiert\u00e4\u00e4 Kuun ymp\u00e4ri huhtikuussa.<\/p>\n<\/blockquote>\n<p>Kaikkiaan koko maailmassa rakettilaukaisuja oli viime vuonna noin 300 eli l\u00e4hes laukaisu p\u00e4iv\u00e4ss\u00e4. SpaceX:n j\u00e4lkeen aktiivisin oli Kiina noin 80 laukaisulla. Eurooppakin p\u00e4\u00e4si vuonna 2025 hyv\u00e4\u00e4n alkuun Ariane 6:n ja Vega-raketin kuudella laukaisulla. <\/p>\n<p>Vuonna 2025 kymmenen avaruusturistia lensi kiertoradalle saakka, lyhyen avaruushypp\u00e4yksen juuri ja juuri virallisen avaruuden puolelle teki yli 60 ihmist\u00e4. Vuonna 2026 luku nousee satoihin, etenkin jos Blue Origin -yhti\u00f6n lis\u00e4ksi Virgin Galactic p\u00e4\u00e4see aloittamaan lentonsa j\u00e4lleen, nyt uudella aluksellaan. <\/p>\n<p>Joukkopaluu Kuuhun jatkuu<\/p>\n<p>Vuoden 2026 odotetuin avaruuslento on Artemis 2, joka l\u00e4htee kiert\u00e4m\u00e4\u00e4n Kuun ymp\u00e4ri ehk\u00e4 jo helmikuussa. SLS-raketin kyyditt\u00e4m\u00e4 Orion-alus ja sen eurooppalainen huoltomoduuli tekiv\u00e4t automaattisen ensilentonsa Kuun ymp\u00e4ri marraskuussa 2022.<\/p>\n<p>Nyt vuorossa on astronauttilento, jota on odotettu kirjaimellisesti kuin Kuuta nousevaa. Lento on lykk\u00e4\u00e4ntynyt muun muassa siksi, ett\u00e4 Orionin l\u00e4mp\u00f6suojakilvest\u00e4 l\u00f6ytyi heikkouksia ensilennon j\u00e4lkeen.<\/p>\n<p>Nasan astronautti <strong>Reid Wiseman<\/strong> toimii lennon komentajana, lis\u00e4ksi mukana kymmenp\u00e4iv\u00e4isell\u00e4 lennolla ovat <strong>Victor Glover<\/strong>, <strong>Christina Koch<\/strong> sek\u00e4 Kanadan avaruusj\u00e4rjest\u00f6n <strong>Jeremy Hansen<\/strong>. Lennon t\u00e4rkein tarkoitus on todistaa, ett\u00e4 alus sopii kuulentoihin. Astronautit kiert\u00e4v\u00e4t Kuuta ja et\u00e4\u00e4ntyv\u00e4t siit\u00e4 enn\u00e4tyksellisen kauas ennen paluutaan takaisin Maahan. Nelikosta tulee kauimpana Maasta koskaan k\u00e4yneit\u00e4 ihmisi\u00e4.<\/p>\n<p>Tilaa Tekniikan Maailma ja saat jutun heti luettavaksesi.<\/p>\n","protected":false},"excerpt":{"rendered":"Oletko huomannut, ett\u00e4 vuonna 2025 avaruuteen laukaistiin raketti l\u00e4hes joka p\u00e4iv\u00e4? Vaivihkaa avaruuslennoista on tullut rutiinia, kuten lentoasemalta&hellip;\n","protected":false},"author":2,"featured_media":130717,"comment_status":"","ping_status":"","sticky":false,"template":"","format":"standard","meta":{"footnotes":""},"categories":[112],"tags":[33,31,30,118,32,119],"class_list":{"0":"post-130716","1":"post","2":"type-post","3":"status-publish","4":"format-standard","5":"has-post-thumbnail","7":"category-tiede","8":"tag-fi","9":"tag-finland","10":"tag-finnish","11":"tag-science","12":"tag-suomi","13":"tag-tiede"},"share_on_mastodon":{"url":"https:\/\/pubeurope.com\/@fi\/115820011388279328","error":""},"_links":{"self":[{"href":"https:\/\/www.europesays.com\/fi\/wp-json\/wp\/v2\/posts\/130716","targetHints":{"allow":["GET"]}}],"collection":[{"href":"https:\/\/www.europesays.com\/fi\/wp-json\/wp\/v2\/posts"}],"about":[{"href":"https:\/\/www.europesays.com\/fi\/wp-json\/wp\/v2\/types\/post"}],"author":[{"embeddable":true,"href":"https:\/\/www.europesays.com\/fi\/wp-json\/wp\/v2\/users\/2"}],"replies":[{"embeddable":true,"href":"https:\/\/www.europesays.com\/fi\/wp-json\/wp\/v2\/comments?post=130716"}],"version-history":[{"count":0,"href":"https:\/\/www.europesays.com\/fi\/wp-json\/wp\/v2\/posts\/130716\/revisions"}],"wp:featuredmedia":[{"embeddable":true,"href":"https:\/\/www.europesays.com\/fi\/wp-json\/wp\/v2\/media\/130717"}],"wp:attachment":[{"href":"https:\/\/www.europesays.com\/fi\/wp-json\/wp\/v2\/media?parent=130716"}],"wp:term":[{"taxonomy":"category","embeddable":true,"href":"https:\/\/www.europesays.com\/fi\/wp-json\/wp\/v2\/categories?post=130716"},{"taxonomy":"post_tag","embeddable":true,"href":"https:\/\/www.europesays.com\/fi\/wp-json\/wp\/v2\/tags?post=130716"}],"curies":[{"name":"wp","href":"https:\/\/api.w.org\/{rel}","templated":true}]}}