{"id":130726,"date":"2026-01-01T13:19:07","date_gmt":"2026-01-01T13:19:07","guid":{"rendered":"https:\/\/www.europesays.com\/fi\/130726\/"},"modified":"2026-01-01T13:19:07","modified_gmt":"2026-01-01T13:19:07","slug":"taivas-avartuu-mita-avaruus-kertoo-meille-jumalasta","status":"publish","type":"post","link":"https:\/\/www.europesays.com\/fi\/130726\/","title":{"rendered":"Taivas avartuu \u2013 mit\u00e4 avaruus kertoo meille Jumalasta?\u202f\u00a0"},"content":{"rendered":"<p class=\"wp-block-post-excerpt__excerpt\">T\u00e4htitieteen professori Petri V\u00e4is\u00e4nen muistuttaa, ett\u00e4 avaruuden valtavuus ei ainoastaan inspiroi tieteellist\u00e4 uteliaisuutta. Se kutsuu my\u00f6s pohtimaan omaa paikkaamme luomakunnassa.\u202f <\/p>\n<p>Kun nostamme katseemme t\u00e4htitaivaalle, kohtaamme sek\u00e4 luonnontieteen ihmeet ett\u00e4 el\u00e4m\u00e4n perimm\u00e4iset kysymykset.\u00a0<\/p>\n<p>\u2212\u00a0Kun katselen syksyist\u00e4 pimenev\u00e4\u00e4 taivasta\u00a0Maskussa, olen\u00a0yksi niist\u00e4 onnekkaista, joiden kotipihan\u00a0yll\u00e4 ei kokonaan hukuta valosaasteeseen, kertoo\u00a0Radio\u00a0Dein\u00a0Her\u00e4tyksen Aamuvieras\u00a0<strong>Petri V\u00e4is\u00e4nen<\/strong>\u00a0Turun yliopistosta.\u202f\u00a0<\/p>\n<p>Galaksitutkija pys\u00e4htyy usein,\u00a0v\u00e4lill\u00e4 perheenj\u00e4sentens\u00e4kin\u00a0kanssa,\u00a0ihailemaan revontulia ja t\u00e4htiloistoa.\u00a0\u00a0<\/p>\n<p>\u2013\u00a0Ihmetyksen\u00a0tunne on jatkuvasti l\u00e4sn\u00e4. Kun tiedostaa, miss\u00e4 asennossa maapallo on ja mihin\u00a0suuntaan taivaalla\u00a0me\u00a0koko aurinkokuntana\u00a0olemme matkalla,\u00a0huikaisee\u00a0\u2013 vaikka joku voisi luulla, ett\u00e4 t\u00e4ss\u00e4 ammatissa kaikkeen olisi tottunut, h\u00e4n naurahtaa.\u202f\u00a0<\/p>\n<p><strong>Tiede ja usko rinnakkain\u202f<\/strong>\u00a0<\/p>\n<p>V\u00e4is\u00e4nen vakuuttaa, ettei t\u00e4htitiede ole vain tieteellist\u00e4 numeropeli\u00e4. \u202f\u00a0<\/p>\n<p>\u2013 Sek\u00e4 uskonnolla ett\u00e4 tieteell\u00e4 on oma n\u00e4k\u00f6kulmansa, ja molempia tarvitaan ymm\u00e4rt\u00e4\u00e4ksemme,\u00a0mist\u00e4\u00a0ja miten\u00a0kaikki\u00a0on tullut,\u00a0ja miksi.\u202f\u00a0<\/p>\n<p>H\u00e4nen mukaansa juuri avaruuden valtavuus ja j\u00e4rjestelm\u00e4llisyys puhuttelevat.\u00a0<\/p>\n<p>\u2013\u00a0Maailmankaikkeuden kauneus, j\u00e4rjestys ja tarkoituksenmukaisuus \u2013 n\u00e4iss\u00e4 on\u00a0minulle\u00a0merkkej\u00e4\u00a0Luojasta. Fysiikan lait\u00a0ovat niin tarkkaan tietynlaiset, ettei mit\u00e4\u00e4n olisi olemassa ilman\u00a0niiden\u00a0t\u00e4sm\u00e4llist\u00e4 yhteispeli\u00e4.\u202f\u00a0<\/p>\n<p>V\u00e4is\u00e4nen\u00a0ei n\u00e4e mink\u00e4\u00e4nlaista ristiriitaa tieteen ja uskon v\u00e4lill\u00e4: \u202f\u00a0<\/p>\n<p>\u2013\u00a0Olen kristitty ja uskon Jumalan luoneen maailman. Siksi voin vapaasti ja rehellisesti tutkia maailmankaikkeuden\u00a0rakennetta\u00a0ja toimintaa\u00a0ilman sis\u00e4isi\u00e4 ristiriitoja. Jos tiede ja oma teologinen ymm\u00e4rrys eiv\u00e4t sovi yhteen, silloin on ehk\u00e4 ymm\u00e4rt\u00e4nyt jompaakumpaa v\u00e4\u00e4rin. Rehellinen tutkija korjaa k\u00e4sityksi\u00e4\u00e4n, jos uudet tulokset sit\u00e4 vaativat; samoin\u00a0teologisten tulkintojen kanssa pit\u00e4\u00e4 el\u00e4\u00e4 avoimin mielin.\u202f\u00a0<\/p>\n<p><strong>Galaksit opettavat n\u00f6yryytt\u00e4\u202f<\/strong>\u00a0<\/p>\n<p>Haastattelussa V\u00e4is\u00e4nen avaa my\u00f6s konkreettisia esimerkkej\u00e4 avaruuden suuruudesta.\u00a0\u202f\u00a0<\/p>\n<p>\u2013 Jos aurinko olisi appelsiini t\u00e4ss\u00e4 studiossa, maa olisi hiekanjyv\u00e4 tuolla parinkymmenen metrin p\u00e4\u00e4ss\u00e4. Seuraava\u00a0aurinko,\u00a0eli l\u00e4hin t\u00e4hti,\u00a0l\u00f6ytyisi\u00a0jo toisesta maanosasta asti saman mittakaavan mukaan!\u202f\u00a0<\/p>\n<p>Avaruus ei puhu V\u00e4is\u00e4sen mielest\u00e4 vain tieteellisest\u00e4 h\u00e4mm\u00e4styksest\u00e4, vaan my\u00f6s Jumalan henkil\u00f6kohtaisesta v\u00e4litt\u00e4misest\u00e4.\u202f\u00a0<\/p>\n<p>\u2013\u00a0Vaikka maailmankaikkeus on suunnaton, Jumala v\u00e4litt\u00e4\u00e4 siit\u00e4, milt\u00e4 minusta tuntuu.\u00a0Psalmi 8\u00a0kertoo sen\u00a0hienosti:\u00a0Kun min\u00e4 katselen sinun taivastasi\u2026 mik\u00e4 on ihminen, ett\u00e4 h\u00e4nt\u00e4 muistetaan?\u00a0Kaikkien galaksien keskell\u00e4 Jumala on silti l\u00e4hell\u00e4. H\u00e4n on\u00a0meid\u00e4t luonut siin\u00e4 miss\u00e4 galaksit jakoko\u00a0universumin.\u202f\u00a0<\/p>\n<p><strong>Toivoa kaikille taivaan alla\u202f<\/strong>\u00a0<\/p>\n<p>Modernin teknologian harppaukset eiv\u00e4t himmenn\u00e4 taivaan ihmett\u00e4. Tulevat valtavat kaukoputket avaavat uusia ikkunoita ja l\u00f6yd\u00f6kset\u00a0saattavat\u00a0jopa\u00a0antaa\u00a0viitteit\u00e4\u00a0el\u00e4m\u00e4st\u00e4 muuallakin. \u202f\u00a0<\/p>\n<blockquote class=\"wp-block-quote is-layout-flow wp-block-quote-is-layout-flow\">\n<p>\u201d\u00a0Tutkin Jumalan luomaa maailmankaikkeutta kristittyn\u00e4 t\u00e4ysin avoimin mielin.\u201d<\/p>\n<\/blockquote>\n<p><strong>Miikkapekka\u00a0Heikkil\u00e4n<\/strong>\u00a0kysyess\u00e4,\u00a0onko\u00a0t\u00e4htitieteilij\u00e4n mielest\u00e4 olemassa maapallon ulkopuolista el\u00e4m\u00e4\u00e4, V\u00e4is\u00e4nen toteaa: \u202f\u00a0<\/p>\n<p>\u2013\u00a0Oikea vastaus t\u00e4h\u00e4n tietysti on,\u00a0ett\u00e4 emme\u00a0viel\u00e4\u00a0tied\u00e4, mutta etsimme \u2013 sit\u00e4 tiede on.\u202fTutkin Jumalan luomaa maailmankaikkeutta kristittyn\u00e4 t\u00e4ysin avoimin mielin. T\u00e4m\u00e4 on iso paikka. Tutkitaan, millainen se on.\u202f\u00a0<\/p>\n<p>T\u00e4htitaivasta ei tarvitse j\u00e4tt\u00e4\u00e4 ammattilaisten yksinoikeudeksi. Kotikonstein lintukiikarilla voi l\u00f6yt\u00e4\u00e4\u00a0upean\u00a0Seulasten t\u00e4htijoukon, n\u00e4hd\u00e4\u00a0nelj\u00e4\u00a0Jupiterin\u00a0kuuta\u00a0tai etsi\u00e4\u00a0paljain silmin\u00a0Otavan avulla Pohjant\u00e4hden \u2013 ja samalla\u00a0ehk\u00e4 pohtia, mit\u00e4 kaikkea taivaan valtavuus meille puhuu.\u00a0\u00a0<br \/>\u00a0<br \/>** Kuuntele Petri V\u00e4is\u00e4sen haastattelu\u00a0<a href=\"https:\/\/deiplus.fi\/aamuvieras\/2025-aamuvieras\/petri-v%C3%A4is%C3%A4nen-262025\" target=\"_blank\" rel=\"noreferrer noopener nofollow\">Dei Plussasta<\/a>.\u202f\u00a0<br \/>\u00a0<br \/>Teksti: Eero Korhola,\u00a0Miikkapekka\u00a0Heikkil\u00e4n haastattelun pohjalta\u00a0<\/p>\n","protected":false},"excerpt":{"rendered":"T\u00e4htitieteen professori Petri V\u00e4is\u00e4nen muistuttaa, ett\u00e4 avaruuden valtavuus ei ainoastaan inspiroi tieteellist\u00e4 uteliaisuutta. Se kutsuu my\u00f6s pohtimaan omaa&hellip;\n","protected":false},"author":2,"featured_media":130727,"comment_status":"","ping_status":"","sticky":false,"template":"","format":"standard","meta":{"footnotes":""},"categories":[114],"tags":[23134,453,12764,33,31,30,23135,12770,118,452,32,119],"class_list":{"0":"post-130726","1":"post","2":"type-post","3":"status-publish","4":"format-standard","5":"has-post-thumbnail","7":"category-avaruus","8":"tag-aamuvieras-podcast","9":"tag-avaruus","10":"tag-dei-plus","11":"tag-fi","12":"tag-finland","13":"tag-finnish","14":"tag-petri-vaisanen","15":"tag-radio-dei","16":"tag-science","17":"tag-space","18":"tag-suomi","19":"tag-tiede"},"share_on_mastodon":{"url":"https:\/\/pubeurope.com\/@fi\/115820046735843534","error":""},"_links":{"self":[{"href":"https:\/\/www.europesays.com\/fi\/wp-json\/wp\/v2\/posts\/130726","targetHints":{"allow":["GET"]}}],"collection":[{"href":"https:\/\/www.europesays.com\/fi\/wp-json\/wp\/v2\/posts"}],"about":[{"href":"https:\/\/www.europesays.com\/fi\/wp-json\/wp\/v2\/types\/post"}],"author":[{"embeddable":true,"href":"https:\/\/www.europesays.com\/fi\/wp-json\/wp\/v2\/users\/2"}],"replies":[{"embeddable":true,"href":"https:\/\/www.europesays.com\/fi\/wp-json\/wp\/v2\/comments?post=130726"}],"version-history":[{"count":0,"href":"https:\/\/www.europesays.com\/fi\/wp-json\/wp\/v2\/posts\/130726\/revisions"}],"wp:featuredmedia":[{"embeddable":true,"href":"https:\/\/www.europesays.com\/fi\/wp-json\/wp\/v2\/media\/130727"}],"wp:attachment":[{"href":"https:\/\/www.europesays.com\/fi\/wp-json\/wp\/v2\/media?parent=130726"}],"wp:term":[{"taxonomy":"category","embeddable":true,"href":"https:\/\/www.europesays.com\/fi\/wp-json\/wp\/v2\/categories?post=130726"},{"taxonomy":"post_tag","embeddable":true,"href":"https:\/\/www.europesays.com\/fi\/wp-json\/wp\/v2\/tags?post=130726"}],"curies":[{"name":"wp","href":"https:\/\/api.w.org\/{rel}","templated":true}]}}