{"id":130728,"date":"2026-01-01T13:27:08","date_gmt":"2026-01-01T13:27:08","guid":{"rendered":"https:\/\/www.europesays.com\/fi\/130728\/"},"modified":"2026-01-01T13:27:08","modified_gmt":"2026-01-01T13:27:08","slug":"pirita-niemenmaa-erosi-ja-laihtui-vuosi-taynna-itkua-iloa-ja-muutoksia","status":"publish","type":"post","link":"https:\/\/www.europesays.com\/fi\/130728\/","title":{"rendered":"Pirita Niemenmaa erosi ja laihtui \u2013 vuosi t\u00e4ynn\u00e4 itkua, iloa ja muutoksia"},"content":{"rendered":"<p class=\"has-drop-cap\"><strong>Pirita Niemenmaa<\/strong>, 41, kertoo viett\u00e4neens\u00e4 p\u00e4\u00e4t\u00f6sten ja muutosten t\u00e4ytt\u00e4m\u00e4n vuoden.<\/p>\n<p>Tangokuningatar summaa vuoden 2025 tapahtumia ja tunnelmiaan tunteikkaassa somep\u00e4ivityksess\u00e4.<\/p>\n<p>\u201dKilometrej\u00e4, naurua, itkua ja p\u00e4\u00e4t\u00f6ksi\u00e4 ja muutoksia\u201d, h\u00e4n paaluttaa.<\/p>\n<p>Pirita nostaa suurimmaksi muutokseksi yksityisel\u00e4m\u00e4n puolella tapahtuneen<a href=\"https:\/\/www.tanssiin.fi\/pirita-niemenmaa-ja-mika-kihlattu-yllatysero\/\" title=\"Pirita Niemenmaa ja Mika-kihlattu: yll\u00e4tysero\" rel=\"nofollow noopener\" target=\"_blank\"> eron<\/a>. Laulaja erosi pitk\u00e4aikaisesta avopuolisostaan ja kihlatustaan <strong>Mika Poikolasta<\/strong> kev\u00e4\u00e4ll\u00e4: <a href=\"https:\/\/www.tanssiin.fi\/pirita-niemenmaa-eron-jalkeen-moni-miettii-mun-jaksamista\/\" title=\"Pirita Niemenmaa eron j\u00e4lkeen: \u201dMoni miettii mun jaksamista\u2026\u201d\" rel=\"nofollow noopener\" target=\"_blank\">Pirita Niemenmaa eron j\u00e4lkeen: \u201dMoni miettii mun jaksamista\u2026\u201d<\/a><\/p>\n<p>Rakkaus kesti kuutisen vuotta. He tutustuivat jo joulukuussa 2018, mutta toden teolla lempi alkoi leiskua Sein\u00e4joen Tangomarkkinoiden j\u00e4lkeen kes\u00e4ll\u00e4 2019.<\/p>\n<p>\u201dMullistavin asia t\u00e4ss\u00e4 vuodessa oli ero Mikan kanssa. Yhteistuumin p\u00e4\u00e4tettiin kuuden vuoden suhde. Me koettiin tosi paljon yhdess\u00e4 ja h\u00e4n tuli mun el\u00e4m\u00e4n suurimman muutoksen aikana mun kruunausvuotena 2019\u201d,  <a href=\"https:\/\/www.tanssiin.fi\/tag\/pirita-niemenmaa\/\" title=\"pirita niemenmaa\" rel=\"nofollow noopener\" target=\"_blank\">Pirita<\/a> muistelee.<\/p>\n<blockquote>\n<p>\u201dOlemme edelleen hyvi\u00e4 yst\u00e4vi\u00e4\u201d<\/p>\n<p>pirita niemenmaa ex-miehest\u00e4\u00e4n<\/p><\/blockquote>\n<p>\u201dMeid\u00e4n juttu alkoi yst\u00e4vyydest\u00e4 ja p\u00e4\u00e4ttyi samaan asiaan. Tavallaan mik\u00e4\u00e4n ei ole muuttunut. Olemme edelleen hyvi\u00e4 yst\u00e4vi\u00e4.\u201d<\/p>\n<p>Pirte\u00e4 tanssiartisti sanoo, ett\u00e4 vaikka h\u00e4nen el\u00e4m\u00e4st\u00e4\u00e4n l\u00e4hti ihmisi\u00e4, h\u00e4n my\u00f6s sai \u201dpaljon uusia ihania ihmisi\u00e4\u201d el\u00e4m\u00e4\u00e4ns\u00e4 2025.<\/p>\n<p>\u201dJa uskon el\u00e4m\u00e4ss\u00e4 siihen, kun yksi ovi sulkeutuu toinen ovi avautuu, se sama koskee ihmisten kanssa. Jotenkin olen huomannut, ett\u00e4 mulla on ollut tosi hyv\u00e4 olla ja aika kevyt olo olla juuri n\u00e4in.\u201d<\/p>\n<p>Pirita on &#8221;muutaman kilon kevyempi&#8221;<\/p>\n<p>Pirita toteaa, ett\u00e4 el\u00e4m\u00e4nmuutos my\u00f6s n\u00e4kyy ja puhututtaa.<\/p>\n<p>&#8221;Olen kuulemma muuttunut. Se muutos on tapahtunut varmasti suurimmaksi osaksi sis\u00e4lt\u00e4 p\u00e4in. Toki tukka on vaaleampi. Ja muutama kilo on kevyempi&#8221;, h\u00e4n tunnustaa.<\/p>\n<p>&#8221;Her\u00e4sin tammikuussa, ett\u00e4 jotain on teht\u00e4v\u00e4. Siit\u00e4 l\u00e4htien aloin miettim\u00e4\u00e4n mit\u00e4 sy\u00f6n, koska ja kuinka paljon. Lenkit tuli vasta v\u00e4h\u00e4n kev\u00e4\u00e4mm\u00e4ll\u00e4 mukaan, mutta aloin olemaan tyytyv\u00e4inen itseeni kes\u00e4n aikana. Nyt taas on alkanut homma lipsumaan, tammikuussa se taas alkaa, kun aurinko alkaa pilkahtamaan.&#8221;<\/p>\n<p><strong>Lue my\u00f6s:<\/strong> <a href=\"https:\/\/www.tanssiin.fi\/sinkkukuningatar-pirita-niemenmaa-vietti-jo-joulun-tassa-syy\/\" title=\"Sinkkukuningatar Pirita Niemenmaa vietti jo joulun \u2013 t\u00e4ss\u00e4 syy\" rel=\"nofollow noopener\" target=\"_blank\">Sinkkukuningatar Pirita Niemenmaa vietti jo joulun \u2013 t\u00e4ss\u00e4 syy<\/a><\/p>\n<p><strong>Kuuntele<\/strong> Pirita Niemenmaa Sain el\u00e4m\u00e4lle suunnan 2025:<\/p>\n<p>&#8221;Lupaan olla aito&#8221;<\/p>\n<p>Tangokuningatar teki my\u00f6s joukon uudenvuodenlupauksia.<\/p>\n<p>&#8221;Lupaan pit\u00e4\u00e4 itsest\u00e4ni huolta. Yrit\u00e4n olla terveellinen. Teen hyv\u00e4\u00e4 musiikkia ja lupaan olla aito. Teen ty\u00f6ni niin hyvin kuin voin&#8221;, Pirita listasi.<\/p>\n<p>&#8221;Yrit\u00e4n nauttia el\u00e4m\u00e4st\u00e4 niinkuin viimeist\u00e4 p\u00e4iv\u00e4\u00e4.&#8221;<\/p>\n<p>Pirita Niemenmaa on yksi tanssi- ja iskelm\u00e4kansan suosikkiartisteista:\u00a0Tanssiin.fi\u00a0julkaisi vastik\u00e4\u00e4n suuren Tanssin t\u00e4hdet -yleis\u00f6\u00e4\u00e4nestyksen tulokset, ja Pirita oli Vuoden naisartisti 2025 -listalla komeasti kolmantena:\u00a0<a href=\"https:\/\/www.tanssiin.fi\/tanssikansa-aanesti-tassa-ovat-suomen-10-suosituinta-naisartistia\/\" rel=\"nofollow noopener\" target=\"_blank\">Tanssikansa \u00e4\u00e4nesti: t\u00e4ss\u00e4 ovat Suomen 10 suosituinta naisartistia<\/a><\/p>\n<p>Katso Pirita Niemenmaan <a href=\"https:\/\/www.tanssiin.fi\/artistit\/naistahdet\/pirita-niemenmaa\/\" title=\"\" rel=\"nofollow noopener\" target=\"_blank\">keikat t\u00e4st\u00e4<\/a>.<\/p>\n<p>Kirjoittanut:<br \/>\n<img loading=\"lazy\" data-lazyloaded=\"1\" width=\"512\" height=\"512\" decoding=\"async\" class=\"aioseo-author-image\" src=\"https:\/\/www.europesays.com\/fi\/wp-content\/uploads\/2025\/10\/cropped-tanssiin-logo.jpg\" alt=\"author avatar\"\/><\/p>\n<p>Tanssiin.fi<\/p>\n<p>\nTanssi- ja iskelm\u00e4musiikin uutiset asiantuntevasti.<\/p>\n<p><img loading=\"lazy\" decoding=\"async\" data-lazyloaded=\"1\" width=\"512\" height=\"512\" class=\"aioseo-author-bio-compact-image\" src=\"https:\/\/www.europesays.com\/fi\/wp-content\/uploads\/2025\/10\/cropped-tanssiin-logo.jpg\" alt=\"author avatar\"\/><br \/>\nTanssi- ja iskelm\u00e4musiikin uutiset asiantuntevasti.<\/p>\n<p>0%<br \/>\nIhana<\/p>\n<p>0%<br \/>\nHauska<\/p>\n<p>50%<br \/>\nVau<\/p>\n<p>0%<br \/>\nSurullinen<\/p>\n<p>50%<br \/>\nVihainen\n<\/p>\n<p>Post navigation<\/p>\n","protected":false},"excerpt":{"rendered":"Pirita Niemenmaa, 41, kertoo viett\u00e4neens\u00e4 p\u00e4\u00e4t\u00f6sten ja muutosten t\u00e4ytt\u00e4m\u00e4n vuoden. Tangokuningatar summaa vuoden 2025 tapahtumia ja tunnelmiaan tunteikkaassa&hellip;\n","protected":false},"author":2,"featured_media":130729,"comment_status":"","ping_status":"","sticky":false,"template":"","format":"standard","meta":{"footnotes":""},"categories":[136],"tags":[3757,407,3096,137,1664,33,31,30,408,13455,13445,32,6188,4049,167,16,109],"class_list":{"0":"post-130728","1":"post","2":"type-post","3":"status-publish","4":"format-standard","5":"has-post-thumbnail","7":"category-julkkikset","8":"tag-3757","9":"tag-celebrities","10":"tag-elamanmuutos","11":"tag-entertainment","12":"tag-ero","13":"tag-fi","14":"tag-finland","15":"tag-finnish","16":"tag-julkkikset","17":"tag-laihtuminen","18":"tag-pirita-niemenmaa","19":"tag-suomi","20":"tag-tangokuningatar","21":"tag-tanssitahdet","22":"tag-terveys","23":"tag-uutiset","24":"tag-viihde"},"share_on_mastodon":{"url":"https:\/\/pubeurope.com\/@fi\/115820078286885520","error":""},"_links":{"self":[{"href":"https:\/\/www.europesays.com\/fi\/wp-json\/wp\/v2\/posts\/130728","targetHints":{"allow":["GET"]}}],"collection":[{"href":"https:\/\/www.europesays.com\/fi\/wp-json\/wp\/v2\/posts"}],"about":[{"href":"https:\/\/www.europesays.com\/fi\/wp-json\/wp\/v2\/types\/post"}],"author":[{"embeddable":true,"href":"https:\/\/www.europesays.com\/fi\/wp-json\/wp\/v2\/users\/2"}],"replies":[{"embeddable":true,"href":"https:\/\/www.europesays.com\/fi\/wp-json\/wp\/v2\/comments?post=130728"}],"version-history":[{"count":0,"href":"https:\/\/www.europesays.com\/fi\/wp-json\/wp\/v2\/posts\/130728\/revisions"}],"wp:featuredmedia":[{"embeddable":true,"href":"https:\/\/www.europesays.com\/fi\/wp-json\/wp\/v2\/media\/130729"}],"wp:attachment":[{"href":"https:\/\/www.europesays.com\/fi\/wp-json\/wp\/v2\/media?parent=130728"}],"wp:term":[{"taxonomy":"category","embeddable":true,"href":"https:\/\/www.europesays.com\/fi\/wp-json\/wp\/v2\/categories?post=130728"},{"taxonomy":"post_tag","embeddable":true,"href":"https:\/\/www.europesays.com\/fi\/wp-json\/wp\/v2\/tags?post=130728"}],"curies":[{"name":"wp","href":"https:\/\/api.w.org\/{rel}","templated":true}]}}