{"id":130732,"date":"2026-01-01T13:34:09","date_gmt":"2026-01-01T13:34:09","guid":{"rendered":"https:\/\/www.europesays.com\/fi\/130732\/"},"modified":"2026-01-01T13:34:09","modified_gmt":"2026-01-01T13:34:09","slug":"hameen-poliisi-kirjoitti-yhdeksan-sakkoa-ilotulitteista-pelastuslaitoksella-tavanomaisia-tehtavia-etela-suomen-sanomat","status":"publish","type":"post","link":"https:\/\/www.europesays.com\/fi\/130732\/","title":{"rendered":"H\u00e4meen poliisi kirjoitti yhdeks\u00e4n sakkoa ilotulitteista, pelastuslaitoksella tavanomaisia teht\u00e4vi\u00e4 &#8211; Etel\u00e4-Suomen Sanomat"},"content":{"rendered":"<ol>\n<li><a href=\"https:\/\/news.google.com\/rss\/articles\/CBMiT0FVX3lxTFBoZWVUVi10QkstMF9WWlVkaVdLb1ZyT0szcFhMQkwwNnN0YWI1YVBFZGxnRlVCYkNOVGhObmphc0dZOTAzT2xWVWZpWlFfYVU?oc=5\" target=\"_blank\" rel=\"nofollow noopener\">H\u00e4meen poliisi kirjoitti yhdeks\u00e4n sakkoa ilotulitteista, pelastuslaitoksella tavanomaisia teht\u00e4vi\u00e4<\/a>&nbsp;&nbsp;Etel\u00e4-Suomen Sanomat<\/li>\n<li><a href=\"https:\/\/news.google.com\/rss\/articles\/CBMiW0FVX3lxTE9jdGhTWmd0WDFDUGZJSENTWERXLXJ6MjlaSURIazhjd0NwTGRkWGxZZXJvRmxKOXNPeXY4blQzMTl0S2o5M2dGcGRkLTh3UFRHSHhwMUF3QjFjS1U?oc=5\" target=\"_blank\" rel=\"nofollow noopener\">KYSiin ei hoitoon yht\u00e4 ilotulitteen aiheuttamaa silm\u00e4vammaa \u2013 My\u00f6s muualla tilanne poikkeuksellisen hyv\u00e4<\/a>&nbsp;&nbsp;Savon Sanomat<\/li>\n<li><a href=\"https:\/\/news.google.com\/rss\/articles\/CBMiT0FVX3lxTE93a21tUlprbXN2X2swQVdtWWJjd0lVR0QtU0k1bjJ0elM2bDdDVDhDcXYxem5hTzFTbFpfYmNocEphOXdtOXphbFRpaEVpZ0k?oc=5\" target=\"_blank\" rel=\"nofollow noopener\">Raimo Helminen n\u00e4kee KalPalle n\u00f6yrtyneen SaiPan kadottaneen identiteetti\u00e4\u00e4n: &#8221;Se on tietenkin meik\u00e4l\u00e4isen syy&#8221;<\/a>&nbsp;&nbsp;Etel\u00e4-Saimaa<\/li>\n<li><a href=\"https:\/\/news.google.com\/rss\/articles\/CBMiiwFBVV95cUxNcHY1LUx5UUlCcW9wckNvNzdYaDdMcGk3S25Qb0x4ZDBtcUNpMVNhSFV5cHdyMTBFcGZxdDNzUGNyWjg2aUtDdEViSkx0bXhBaWl6My1MT0N2N0VlSHk3bXhsVG9UZ3oweVBSQUlwOVJiR0RUeXB1SEIzOVNHU3RrYUp2Qkh4OWFwNlpF?oc=5\" target=\"_blank\" rel=\"nofollow noopener\">Raimo Helmiselt\u00e4 karu ulostulo SaiPasta<\/a>&nbsp;&nbsp;mtvuutiset.fi<\/li>\n<li><a href=\"https:\/\/news.google.com\/rss\/articles\/CBMiT0FVX3lxTFB5TFFUVmFMOE5LOEZOc2FRSnIwTmEyYTNBVTRHY1VmNHR0cEpRSXA4N0ZnODR5bm9lZmI2UXJ2Mzd6ZDNGaHpuWWFqNUJ0cmc?oc=5\" target=\"_blank\" rel=\"nofollow noopener\">Stiina Saariston teokset haastavat k\u00e4sityst\u00e4 naiseudesta<\/a>&nbsp;&nbsp;Etel\u00e4-Suomen Sanomat<\/li>\n<\/ol>\n","protected":false},"excerpt":{"rendered":"H\u00e4meen poliisi kirjoitti yhdeks\u00e4n sakkoa ilotulitteista, pelastuslaitoksella tavanomaisia teht\u00e4vi\u00e4&nbsp;&nbsp;Etel\u00e4-Suomen Sanomat KYSiin ei hoitoon yht\u00e4 ilotulitteen aiheuttamaa silm\u00e4vammaa \u2013&hellip;\n","protected":false},"author":2,"featured_media":130733,"comment_status":"","ping_status":"","sticky":false,"template":"","format":"standard","meta":{"footnotes":""},"categories":[158],"tags":[33,31,30,7352,15764,159,32,160,22485],"class_list":{"0":"post-130732","1":"post","2":"type-post","3":"status-publish","4":"format-standard","5":"has-post-thumbnail","7":"category-urheilu","8":"tag-fi","9":"tag-finland","10":"tag-finnish","11":"tag-hameen-poliisi","12":"tag-paijat-hameen-pelastuslaitos","13":"tag-sports","14":"tag-suomi","15":"tag-urheilu","16":"tag-uusivuosi"},"share_on_mastodon":{"url":"https:\/\/pubeurope.com\/@fi\/115820105894903524","error":""},"_links":{"self":[{"href":"https:\/\/www.europesays.com\/fi\/wp-json\/wp\/v2\/posts\/130732","targetHints":{"allow":["GET"]}}],"collection":[{"href":"https:\/\/www.europesays.com\/fi\/wp-json\/wp\/v2\/posts"}],"about":[{"href":"https:\/\/www.europesays.com\/fi\/wp-json\/wp\/v2\/types\/post"}],"author":[{"embeddable":true,"href":"https:\/\/www.europesays.com\/fi\/wp-json\/wp\/v2\/users\/2"}],"replies":[{"embeddable":true,"href":"https:\/\/www.europesays.com\/fi\/wp-json\/wp\/v2\/comments?post=130732"}],"version-history":[{"count":0,"href":"https:\/\/www.europesays.com\/fi\/wp-json\/wp\/v2\/posts\/130732\/revisions"}],"wp:featuredmedia":[{"embeddable":true,"href":"https:\/\/www.europesays.com\/fi\/wp-json\/wp\/v2\/media\/130733"}],"wp:attachment":[{"href":"https:\/\/www.europesays.com\/fi\/wp-json\/wp\/v2\/media?parent=130732"}],"wp:term":[{"taxonomy":"category","embeddable":true,"href":"https:\/\/www.europesays.com\/fi\/wp-json\/wp\/v2\/categories?post=130732"},{"taxonomy":"post_tag","embeddable":true,"href":"https:\/\/www.europesays.com\/fi\/wp-json\/wp\/v2\/tags?post=130732"}],"curies":[{"name":"wp","href":"https:\/\/api.w.org\/{rel}","templated":true}]}}