{"id":130742,"date":"2026-01-01T13:41:08","date_gmt":"2026-01-01T13:41:08","guid":{"rendered":"https:\/\/www.europesays.com\/fi\/130742\/"},"modified":"2026-01-01T13:41:08","modified_gmt":"2026-01-01T13:41:08","slug":"mikko-ketonen-on-kuollut","status":"publish","type":"post","link":"https:\/\/www.europesays.com\/fi\/130742\/","title":{"rendered":"Mikko Ketonen on kuollut"},"content":{"rendered":"<p>TS-Yhtym\u00e4n johtoteht\u00e4viss\u00e4 pitk\u00e4\u00e4n toiminut Ketonen oli kuollessaan 80-vuotias. Asiasta uutisoi ensimm\u00e4isen\u00e4 Turun Sanomat.<\/p>\n<p><img decoding=\"async\" class=\"image image-show image-preview\" src=\"https:\/\/www.europesays.com\/fi\/wp-content\/uploads\/2026\/01\/5acc8ded1d8503191828e5a995353b0d5b9c5ca81903237411f3f187ec9d6960.jpg\" alt=\"\"\/><img decoding=\"async\" class=\"image image-show\" src=\"https:\/\/www.europesays.com\/fi\/wp-content\/uploads\/2026\/01\/1767274868_868_5acc8ded1d8503191828e5a995353b0d5b9c5ca81903237411f3f187ec9d6960.jpg\" alt=\"\"\/><\/p>\n<p>Mikko Ketonen toimi pitk\u00e4\u00e4n johtoteht\u00e4viss\u00e4 TS-yhtym\u00e4ss\u00e4. Handout \/Rami Salle<\/p>\n<p class=\"paragraph\">Toimitusjohtaja ja ekonomi <a href=\"https:\/\/www.iltalehti.fi\/henkilot\/Mikko Ketonen\" class=\"article-link-person-page\" rel=\"nofollow noopener\" target=\"_blank\">Mikko Ketonen<\/a> on kuollut, uutisoi <a href=\"https:\/\/www.ts.fi\/uutiset\/6863927\" target=\"_blank\" rel=\"noopener nofollow\">Turun Sanomat<\/a>. Ketonen oli kuollessaan 80-vuotias.<\/p>\n<p class=\"paragraph\">Ketonen toimi Turun Sanomien ja TS-Yhtym\u00e4n palveluksessa johtoteht\u00e4viss\u00e4 vuodesta 1969 alkaen. H\u00e4n el\u00e4k\u00f6ityi vuonna 2012. Ty\u00f6ns\u00e4 ohella Ketonen oli tunnettu luottamusteht\u00e4vist\u00e4\u00e4n kulttuurin, urheilun ja koulutuksen saralla. H\u00e4n muun muassa Suomen kulttuurirahaston Varsinais-Suomen rahaston hoitokunnan puheenjohtajana. Lis\u00e4ksi h\u00e4net kutsuttiin Ruotsin konsuliksi vuonna 1980.<\/p>\n<p class=\"paragraph\">Mikko Ketosen veli on Ketosen tavoin TS-Yhtym\u00e4n johdossa kauan toiminut Keijo Ketonen.<\/p>\n","protected":false},"excerpt":{"rendered":"TS-Yhtym\u00e4n johtoteht\u00e4viss\u00e4 pitk\u00e4\u00e4n toiminut Ketonen oli kuollessaan 80-vuotias. Asiasta uutisoi ensimm\u00e4isen\u00e4 Turun Sanomat. Mikko Ketonen toimi pitk\u00e4\u00e4n johtoteht\u00e4viss\u00e4&hellip;\n","protected":false},"author":2,"featured_media":130743,"comment_status":"","ping_status":"","sticky":false,"template":"","format":"standard","meta":{"footnotes":""},"categories":[5],"tags":[35,22,23,26,27,33,31,30,17,1511,24,25,28,29,1616,15,18,21,721,7799,32,19,20,16],"class_list":{"0":"post-130742","1":"post","2":"type-post","3":"status-publish","4":"format-standard","5":"has-post-thumbnail","7":"category-otsikot","8":"tag-24h","9":"tag-breaking-news","10":"tag-breakingnews","11":"tag-featured-news","12":"tag-featurednews","13":"tag-fi","14":"tag-finland","15":"tag-finnish","16":"tag-headlines","17":"tag-joukkoviestinta","18":"tag-latest-news","19":"tag-latestnews","20":"tag-main-news","21":"tag-mainnews","22":"tag-media-viestinta","23":"tag-news","24":"tag-otsikot","25":"tag-paauutiset","26":"tag-rahoitus","27":"tag-sanoma-ja-aikakauslehdet","28":"tag-suomi","29":"tag-top-stories","30":"tag-topstories","31":"tag-uutiset"},"share_on_mastodon":{"url":"https:\/\/pubeurope.com\/@fi\/115820133309642545","error":""},"_links":{"self":[{"href":"https:\/\/www.europesays.com\/fi\/wp-json\/wp\/v2\/posts\/130742","targetHints":{"allow":["GET"]}}],"collection":[{"href":"https:\/\/www.europesays.com\/fi\/wp-json\/wp\/v2\/posts"}],"about":[{"href":"https:\/\/www.europesays.com\/fi\/wp-json\/wp\/v2\/types\/post"}],"author":[{"embeddable":true,"href":"https:\/\/www.europesays.com\/fi\/wp-json\/wp\/v2\/users\/2"}],"replies":[{"embeddable":true,"href":"https:\/\/www.europesays.com\/fi\/wp-json\/wp\/v2\/comments?post=130742"}],"version-history":[{"count":0,"href":"https:\/\/www.europesays.com\/fi\/wp-json\/wp\/v2\/posts\/130742\/revisions"}],"wp:featuredmedia":[{"embeddable":true,"href":"https:\/\/www.europesays.com\/fi\/wp-json\/wp\/v2\/media\/130743"}],"wp:attachment":[{"href":"https:\/\/www.europesays.com\/fi\/wp-json\/wp\/v2\/media?parent=130742"}],"wp:term":[{"taxonomy":"category","embeddable":true,"href":"https:\/\/www.europesays.com\/fi\/wp-json\/wp\/v2\/categories?post=130742"},{"taxonomy":"post_tag","embeddable":true,"href":"https:\/\/www.europesays.com\/fi\/wp-json\/wp\/v2\/tags?post=130742"}],"curies":[{"name":"wp","href":"https:\/\/api.w.org\/{rel}","templated":true}]}}