{"id":130746,"date":"2026-01-01T13:56:09","date_gmt":"2026-01-01T13:56:09","guid":{"rendered":"https:\/\/www.europesays.com\/fi\/130746\/"},"modified":"2026-01-01T13:56:09","modified_gmt":"2026-01-01T13:56:09","slug":"kylma-kausi-ylen-uutuussarja-on-draamatrilleri-suomen-maajoukkueen-hiihtajista","status":"publish","type":"post","link":"https:\/\/www.europesays.com\/fi\/130746\/","title":{"rendered":"Kylm\u00e4 kausi: Ylen uutuussarja on draamatrilleri Suomen maajoukkueen hiiht\u00e4jist\u00e4"},"content":{"rendered":"<p>Kolmekymppinen maajoukkuehiiht\u00e4j\u00e4 Anna joutuu ratkaisevien valintojen eteen laadukkaassa kotimaisessa uutuussarjassa.<\/p>\n<p class=\"article-body mb-nof-24 px-nof-16\">TV-lehti arvioi: Tosiel\u00e4m\u00e4n toisiaan vastaan kilvoitelleet suomalaiset hiihtokuningattaret tulevat mieleen katsoessa Kylm\u00e4 kausi -uutuussarjan avausjaksoa.<\/p>\n<p class=\"article-body mb-nof-24 px-nof-16\">Kultainen Venla -palkitun (Toinen tuleminen -sarja) k\u00e4sikirjoittajan <a class=\"font-bold underline-offset-[0.12em] [text-decoration:var(--person-link-text-decoration)] ![text-decoration-color:var(--person-link-text-decoration-color)]\" href=\"https:\/\/www.is.fi\/haku\/?query=Jemina%20Jokisalon\" rel=\"nofollow noopener\" target=\"_blank\">Jemina Jokisalon <\/a>luoman psykologisen draamatrillerin keski\u00f6ss\u00e4 on 32-vuotias maajoukkuehiiht\u00e4j\u00e4 Anna Kilpi (<a class=\"font-bold underline-offset-[0.12em] [text-decoration:var(--person-link-text-decoration)] ![text-decoration-color:var(--person-link-text-decoration-color)]\" href=\"https:\/\/www.is.fi\/haku\/?query=Roosa%20S%C3%B6derholm\" rel=\"nofollow noopener\" target=\"_blank\">Roosa S\u00f6derholm<\/a>).<\/p>\n<p class=\"article-body mb-nof-24 px-nof-16\">H\u00e4n on urallaan kriittisess\u00e4 pisteess\u00e4: mit\u00e4 tehd\u00e4 toisin, radikaalistikin, jotta voisi viel\u00e4 nousta mestariksi?<\/p>\n<p class=\"article-body mb-nof-24 px-nof-16\">Kilvoittelu hiihtoladuilla paljastuu kuitenkin vain sarjan ulkokuoreksi.<\/p>\n<p><img decoding=\"async\" src=\"https:\/\/www.europesays.com\/fi\/wp-content\/uploads\/2026\/01\/1767275768_465_468.jpg\" alt=\"Riitta Havukainen n\u00e4yttelee Annan (Roosa S\u00f6derholm) Lilja-\u00e4iti\u00e4.\" class=\"_Img_1rerz_1\" style=\"aspect-ratio:1.5\" loading=\"eager\"\/><\/p>\n<p class=\"article-picture-caption\">Riitta Havukainen n\u00e4yttelee Annan (Roosa S\u00f6derholm) Lilja-\u00e4iti\u00e4. Kuva:\u00a0Petri Mast<\/p>\n<p class=\"article-body mb-nof-24 px-nof-16\">P\u00e4\u00e4osaan nousevat moninaiset ihmissuhteet ja kuohuvat tunteet: maajoukkueen hiiht\u00e4jien, is\u00e4n ja tytt\u00e4ren sek\u00e4 \u00e4idin ja siskosten v\u00e4lit sek\u00e4 my\u00f6s kuvaus rakkauden ensihuumasta.<\/p>\n<p class=\"article-body mb-nof-24 px-nof-16\">Kuten parin vuoden takaisessa Lahti 2001 -sarjassa, t\u00e4ss\u00e4kin katsoja vertailee v\u00e4\u00e4j\u00e4\u00e4m\u00e4tt\u00e4, pystyv\u00e4tk\u00f6 n\u00e4yttelij\u00e4t esitt\u00e4m\u00e4\u00e4n huippu-urheilijoita eli hiiht\u00e4m\u00e4\u00e4n uskottavasti huippuvauhtia.<\/p>\n<p class=\"article-body mb-nof-24 px-nof-16\">Varsinaiset kilpahiihdot on kuvattu yhteisl\u00e4ht\u00f6in\u00e4, jotta kohtauksiin saadaan p\u00e4\u00e4osan\u00e4yttelij\u00f6iden ponnisteluja, kasvojenilmeit\u00e4 ja kisaamista muiden maiden hiiht\u00e4ji\u00e4 vastaan.<\/p>\n<p class=\"article-body mb-nof-24 px-nof-16\">Slovenialaisia n\u00e4yttelij\u00f6it\u00e4 n\u00e4hd\u00e4\u00e4n sarjassa runsaasti, ja heit\u00e4 k\u00e4ytet\u00e4\u00e4n hiihto-osuuksissa my\u00f6s sijaisn\u00e4yttelij\u00f6in\u00e4.<\/p>\n<p class=\"article-body mb-nof-24 px-nof-16\">P\u00e4\u00e4osan\u00e4yttelij\u00e4t paneutuivat rooleihinsa harjoittelemalla hiihtoa kahden vuoden ajan.<\/p>\n<p><img decoding=\"async\" src=\"https:\/\/www.europesays.com\/fi\/wp-content\/uploads\/2026\/01\/1767275768_311_468.jpg\" alt=\"Karim Rapatti esitt\u00e4\u00e4 Annan (Roosa S\u00f6derholm) puolisoa ja pitk\u00e4aikaista valmentajaa.\" class=\"_Img_1rerz_1\" style=\"aspect-ratio:1.5\" loading=\"eager\"\/><\/p>\n<p class=\"article-picture-caption\">Karim Rapatti esitt\u00e4\u00e4 Annan (Roosa S\u00f6derholm) puolisoa ja pitk\u00e4aikaista valmentajaa. Kuva:\u00a0Numi Nummelin \/ Just Republic \/ Yle<\/p>\n<p class=\"article-body mb-nof-24 px-nof-16\">Vakuuttavasti S\u00f6derholm henkil\u00f6hahmoaan n\u00e4ytteleekin. T\u00e4ss\u00e4 onkin yksi sarjan ytimist\u00e4: kasvaako altavastaajasta sankari ja menestyj\u00e4 \u2013 ja mill\u00e4 hinnalla?<\/p>\n<p class=\"article-body mb-nof-24 px-nof-16\">Alusta l\u00e4htien k\u00e4sikirjoituksen taso on laadukas, mik\u00e4 antaa n\u00e4yttelij\u00f6ille vankan pohjan henkil\u00f6hahmoilleen. Sarja antaa kuvitteellisen n\u00e4kemyksen naisten hiihtomaajoukkueen dynamiikasta ja henkil\u00f6suhteista.<\/p>\n<p class=\"article-body mb-nof-24 px-nof-16\">Huipulla hiihtokuningattarena mahtailee Maria Laukka (<a class=\"font-bold underline-offset-[0.12em] [text-decoration:var(--person-link-text-decoration)] ![text-decoration-color:var(--person-link-text-decoration-color)]\" href=\"https:\/\/www.is.fi\/haku\/?query=Sannah%20Nederg%C3%A5rd\" rel=\"nofollow noopener\" target=\"_blank\">Sannah Nederg\u00e5rd<\/a> my\u00f6s paneutuneessa roolity\u00f6ss\u00e4). H\u00e4nt\u00e4 valmentaa armoton piiskuri Kim Aarnio (<a class=\"font-bold underline-offset-[0.12em] [text-decoration:var(--person-link-text-decoration)] ![text-decoration-color:var(--person-link-text-decoration-color)]\" href=\"https:\/\/www.is.fi\/haku\/?query=Antti%20Virmavirta\" rel=\"nofollow noopener\" target=\"_blank\">Antti Virmavirta<\/a>).<\/p>\n<p class=\"article-body mb-nof-24 px-nof-16\">Mariasta ilmenee erikoinen piirre: h\u00e4n tarvitsee kiritt\u00e4j\u00e4n, ellei suorastaan alamaisen, pysty\u00e4kseen itse p\u00e4\u00e4sem\u00e4\u00e4n parhaimpaansa.<\/p>\n<p class=\"article-body mb-nof-24 px-nof-16\">Edellinen kiritt\u00e4j\u00e4 Ada Nieminen (<a class=\"font-bold underline-offset-[0.12em] [text-decoration:var(--person-link-text-decoration)] ![text-decoration-color:var(--person-link-text-decoration-color)]\" href=\"https:\/\/www.is.fi\/haku\/?query=Saana%20Koivisto\" rel=\"nofollow noopener\" target=\"_blank\">Saana Koivisto<\/a>) on mystisesti kadonnut, mutta ilmestyy k\u00e4rsivin kasvoin kuvaan avausjakson lopulla.<\/p>\n<p class=\"article-body mb-nof-24 px-nof-16\">\u2013\u2009Minulle tehtiin kamalia asioita, Ada kertoo ja viittaa sek\u00e4 Mariaan ett\u00e4 Kimiin.<\/p>\n<p><img decoding=\"async\" src=\"https:\/\/www.europesays.com\/fi\/wp-content\/uploads\/2026\/01\/1767275768_467_468.jpg\" alt=\"Maajoukkueeseen nousee nuori lahjakkuus Julia (Reetta Yl\u00e4-Rautio, vas.), joka yst\u00e4vystyy Helmin (Edit Williams) kanssa.\" class=\"_Img_1rerz_1\" style=\"aspect-ratio:1.5\" loading=\"eager\"\/><\/p>\n<p class=\"article-picture-caption\">Maajoukkueeseen nousee nuori lahjakkuus Julia (Reetta Yl\u00e4-Rautio, vas.), joka yst\u00e4vystyy Helmin (Edit Williams) kanssa. Kuva:\u00a0Numi Nummelin \/ Just Republic \/ Yle<\/p>\n<p class=\"article-body mb-nof-24 px-nof-16\">Viimeist\u00e4\u00e4n t\u00e4ss\u00e4 vaiheessa katsoja aavistelee, ett\u00e4 sarjassa sukelletaan urheilua syvemm\u00e4lle ihmissuhteisiin ja psykologisiin valtapeleihin.<\/p>\n<p class=\"article-body mb-nof-24 px-nof-16\">Adan mysteeri sek\u00e4 Annan ja Marian ihmissuhdevyyhti alkavat koukuttaa katsojaa jakso jaksolta, joita ovat ohjanneet <a class=\"font-bold underline-offset-[0.12em] [text-decoration:var(--person-link-text-decoration)] ![text-decoration-color:var(--person-link-text-decoration-color)]\" href=\"https:\/\/www.is.fi\/haku\/?query=Akseli%20Tuomivaara\" rel=\"nofollow noopener\" target=\"_blank\">Akseli Tuomivaara<\/a> ja <a class=\"font-bold underline-offset-[0.12em] [text-decoration:var(--person-link-text-decoration)] ![text-decoration-color:var(--person-link-text-decoration-color)]\" href=\"https:\/\/www.is.fi\/haku\/?query=Petra%20Lumioksa\" rel=\"nofollow noopener\" target=\"_blank\">Petra Lumioksa<\/a>.<\/p>\n<p class=\"article-body mb-nof-24 px-nof-16\">Annan Lilja-\u00e4iti (<a class=\"font-bold underline-offset-[0.12em] [text-decoration:var(--person-link-text-decoration)] ![text-decoration-color:var(--person-link-text-decoration-color)]\" href=\"https:\/\/www.is.fi\/haku\/?query=Riitta%20Havukainen\" rel=\"nofollow noopener\" target=\"_blank\">Riitta Havukainen<\/a>) kannustaa, mutta sanoissa kuultaa my\u00f6s pettymys tytt\u00e4ren menestym\u00e4tt\u00f6myyteen.<\/p>\n<p class=\"article-body mb-nof-24 px-nof-16\">\u2013\u2009J\u00e4isi jotain kerrottavaa niist\u00e4 vuosista, kun sinuun satsattiin, \u00e4iti tokaisee.<\/p>\n<p class=\"article-body mb-nof-24 px-nof-16\">Hintana on my\u00f6s s\u00e4r\u00f6 omaan avioliittoon: Annaa on jo kymmenen vuotta valmentanut puoliso Otto (<a class=\"font-bold underline-offset-[0.12em] [text-decoration:var(--person-link-text-decoration)] ![text-decoration-color:var(--person-link-text-decoration-color)]\" href=\"https:\/\/www.is.fi\/haku\/?query=Karim%20Rapatti\" rel=\"nofollow noopener\" target=\"_blank\">Karim Rapatti<\/a>), jolle Anna ilmoittaa p\u00e4\u00e4tt\u00e4neens\u00e4 siirty\u00e4 Kimin valmennukseen.<\/p>\n<p><img decoding=\"async\" src=\"https:\/\/www.europesays.com\/fi\/wp-content\/uploads\/2026\/01\/1767275769_499_468.jpg\" alt=\"Sannah Nederg\u00e5rd (vas.) ja Roosa S\u00f6derholm valmistautuivat parin vuoden ajan sarjan hiihtokohtauksiin.\" class=\"_Img_1rerz_1\" style=\"aspect-ratio:1.4988290398126465\" loading=\"eager\"\/><\/p>\n<p class=\"article-picture-caption\">Sannah Nederg\u00e5rd (vas.) ja Roosa S\u00f6derholm valmistautuivat parin vuoden ajan sarjan hiihtokohtauksiin. Kuva:\u00a0Mitja Licen \/ Just Republic \/ Yle<\/p>\n<p class=\"article-body mb-nof-24 px-nof-16\">Annan el\u00e4m\u00e4 on romahtaa, kun uusi p\u00e4\u00e4valmentaja Henrik Wallin (<a class=\"font-bold underline-offset-[0.12em] [text-decoration:var(--person-link-text-decoration)] ![text-decoration-color:var(--person-link-text-decoration-color)]\" href=\"https:\/\/www.is.fi\/haku\/?query=Viktor%20Nystr%C3%B6m%20Sk%C3%B6ld\" rel=\"nofollow noopener\" target=\"_blank\">Viktor Nystr\u00f6m Sk\u00f6ld<\/a>) p\u00e4\u00e4tt\u00e4\u00e4 pudottaa h\u00e4net maajoukkueesta.<\/p>\n<p class=\"article-body mb-nof-24 px-nof-16\">Tilalle nousee nuori lahjakkuus Julia Helenius (<a class=\"font-bold underline-offset-[0.12em] [text-decoration:var(--person-link-text-decoration)] ![text-decoration-color:var(--person-link-text-decoration-color)]\" href=\"https:\/\/www.is.fi\/haku\/?query=Reetta%20Yl%C3%A4-Rautio\" rel=\"nofollow noopener\" target=\"_blank\">Reetta Yl\u00e4-Rautio<\/a>), joka yst\u00e4vystyy maajoukkueessa varsinkin Helmi Holopaisen (<a class=\"font-bold underline-offset-[0.12em] [text-decoration:var(--person-link-text-decoration)] ![text-decoration-color:var(--person-link-text-decoration-color)]\" href=\"https:\/\/www.is.fi\/haku\/?query=Edit%20Williams\" rel=\"nofollow noopener\" target=\"_blank\">Edit Williams<\/a>) kanssa.<\/p>\n<p class=\"article-body mb-nof-24 px-nof-16\">Tv-haastattelussa p\u00e4\u00e4valmentajan vierell\u00e4 hymyilee Maria, joka on saanut tarvitsemansa uuden kiritt\u00e4j\u00e4n.<\/p>\n<p class=\"article-body mb-nof-24 px-nof-16\">Hiihtoladulla Maria on jo n\u00e4ytt\u00e4nyt tylyytens\u00e4.<\/p>\n<p class=\"article-body mb-nof-24 px-nof-16\">Slovenian Planicassa edelliskauden maailmancupin finaalihiihdossa Maria turvautuu katalaan temppuun Annaa kohtaan.<\/p>\n<p class=\"article-body mb-nof-24 px-nof-16\">Kest\u00e4\u00e4k\u00f6 Anna paineet, kun harjoittelur\u00e4\u00e4kki uuden kauden MM-kisoihin kovenee, ja el\u00e4m\u00e4ss\u00e4 myllert\u00e4\u00e4 entist\u00e4 enemm\u00e4n?<\/p>\n<p class=\"article-body nof-ui-body-medium mb-nof-24 px-nof-16\">Kylm\u00e4 kausi TV1 klo 21.00 &amp; Yle Areena 1.1. alkaen<\/p>\n","protected":false},"excerpt":{"rendered":"Kolmekymppinen maajoukkuehiiht\u00e4j\u00e4 Anna joutuu ratkaisevien valintojen eteen laadukkaassa kotimaisessa uutuussarjassa. TV-lehti arvioi: Tosiel\u00e4m\u00e4n toisiaan vastaan kilvoitelleet suomalaiset hiihtokuningattaret&hellip;\n","protected":false},"author":2,"featured_media":130747,"comment_status":"","ping_status":"","sticky":false,"template":"","format":"standard","meta":{"footnotes":""},"categories":[133],"tags":[137,33,31,30,34,32,206,156,109],"class_list":{"0":"post-130746","1":"post","2":"type-post","3":"status-publish","4":"format-standard","5":"has-post-thumbnail","7":"category-televisiot","8":"tag-entertainment","9":"tag-fi","10":"tag-finland","11":"tag-finnish","12":"tag-ilta-sanomat","13":"tag-suomi","14":"tag-televisiot","15":"tag-tv","16":"tag-viihde"},"share_on_mastodon":{"url":"https:\/\/pubeurope.com\/@fi\/115820192274155280","error":""},"_links":{"self":[{"href":"https:\/\/www.europesays.com\/fi\/wp-json\/wp\/v2\/posts\/130746","targetHints":{"allow":["GET"]}}],"collection":[{"href":"https:\/\/www.europesays.com\/fi\/wp-json\/wp\/v2\/posts"}],"about":[{"href":"https:\/\/www.europesays.com\/fi\/wp-json\/wp\/v2\/types\/post"}],"author":[{"embeddable":true,"href":"https:\/\/www.europesays.com\/fi\/wp-json\/wp\/v2\/users\/2"}],"replies":[{"embeddable":true,"href":"https:\/\/www.europesays.com\/fi\/wp-json\/wp\/v2\/comments?post=130746"}],"version-history":[{"count":0,"href":"https:\/\/www.europesays.com\/fi\/wp-json\/wp\/v2\/posts\/130746\/revisions"}],"wp:featuredmedia":[{"embeddable":true,"href":"https:\/\/www.europesays.com\/fi\/wp-json\/wp\/v2\/media\/130747"}],"wp:attachment":[{"href":"https:\/\/www.europesays.com\/fi\/wp-json\/wp\/v2\/media?parent=130746"}],"wp:term":[{"taxonomy":"category","embeddable":true,"href":"https:\/\/www.europesays.com\/fi\/wp-json\/wp\/v2\/categories?post=130746"},{"taxonomy":"post_tag","embeddable":true,"href":"https:\/\/www.europesays.com\/fi\/wp-json\/wp\/v2\/tags?post=130746"}],"curies":[{"name":"wp","href":"https:\/\/api.w.org\/{rel}","templated":true}]}}