{"id":130749,"date":"2026-01-01T14:01:12","date_gmt":"2026-01-01T14:01:12","guid":{"rendered":"https:\/\/www.europesays.com\/fi\/130749\/"},"modified":"2026-01-01T14:01:12","modified_gmt":"2026-01-01T14:01:12","slug":"keikka-arvio-ja-kuvat-pepe-saimaa-paattivat-keikkavuoden-spektaakkelimaisesti-liki-taydessa-tampere-talossa-willbergin-aani-ei-osoita-vasymisen-merkkeja-paikalliset","status":"publish","type":"post","link":"https:\/\/www.europesays.com\/fi\/130749\/","title":{"rendered":"Keikka-arvio ja kuvat | Pepe &#038; Saimaa p\u00e4\u00e4ttiv\u00e4t keikkavuoden spektaakkelimaisesti liki t\u00e4ydess\u00e4 Tampere-talossa \u2013 &#8221;Willbergin \u00e4\u00e4ni ei osoita v\u00e4symisen merkkej\u00e4&#8221; | Paikalliset"},"content":{"rendered":"<p>\t\t<a class=\"diks-gallery__link\" href=\"https:\/\/www.europesays.com\/fi\/wp-content\/uploads\/2026\/01\/11224044.jpg\" data-thumbnail=\"https:\/\/i.media.fi\/incoming\/uu7ak5\/11224044.jpg\/alternates\/SQUARE_240\/11224044.jpg\" data-sub-html=\"Pepe Willbergill\u00e4 koittaa vuonna 2026 80-juhlavuosi, jonka l\u00e4ht\u00f6laukauksena illan Pepe &amp; Saimaa -konsertti toimi viisi tuntia etuajassa. Ville Laine\" aria-label=\"Katso isompi kuva\"><br \/>\n\t\t\t\t<img class=\"diks-figure__image\" src=\"https:\/\/www.europesays.com\/fi\/wp-content\/uploads\/2026\/01\/11224044.jpg\" loading=\"lazy\" decoding=\"sync\" alt=\"\"\/><\/p>\n<p>\t\t\t<\/a><br \/>\n\t\t\t\t\tPepe Willbergill\u00e4 koittaa vuonna 2026 80-juhlavuosi, jonka l\u00e4ht\u00f6laukauksena illan Pepe &amp; Saimaa -konsertti toimi viisi tuntia etuajassa. Ville Laine<\/p>\n<p class=\"diks-article__lead\">Keikan lopuksi Pepe Willberg paljasti uutisen, jolle ei ainakaan heti l\u00f6ytynyt vahvistusta. Keikan arvioineen Ville Laineen mieless\u00e4 illan aikana k\u00e4vi jopa Blues Brothers -komediaklassikko.<\/p>\n<p class=\"diks-byline__author\">Ville Laine<\/p>\n<p>\n\t\tT\u00e4n\u00e4\u00e4n 15:17<\/p>\n<p>Yksi 2000-luvun kovimmista suomalaisista musiikkialbumeista on Pepe &amp; Saimaa vuodelta 2014, joka samalla toimi sek\u00e4 <strong>Matti Mikkolan<\/strong> luotsaamaan Saimaa-yhtyeen ensilevytyksen\u00e4 ett\u00e4 legendaarisen<strong> Pepe Willbergin<\/strong> ansaittuna paluuna yhdeksi suomalaisen kevyen musiikin t\u00e4htitaivaan kirkkaimmiksi tulkitsijoiksi.<\/p>\n<p>Toisin kuin Saimaalle Pepe Willbergille levytys ei ollut ensimm\u00e4inen vaan h\u00e4nen uransa levytt\u00e4v\u00e4n\u00e4 artistina alkoi jo vuonna 1966 Jormas-yhtyeen kanssa. Vuosituhannen vaihteesta h\u00e4net muistetaan erityisesti Mestarit-kokoonpanosta, jossa h\u00e4n <strong>Hectorin, Pave Maijasen<\/strong> ja <strong>Kirkan<\/strong> kanssa valloitti Suomen suurimmat lavat ja areenat aina Olympiastadionia my\u00f6ten. Mestarit-produktion j\u00e4lkeen yksitt\u00e4iset urat eiv\u00e4t v\u00e4ltt\u00e4m\u00e4tt\u00e4 l\u00e4hteneet nousuun ja Willberginkin ura lojui hiatuksessa toistakymment\u00e4 vuotta.<\/p>\n<p><strong class=\"diks-storyline__impact\">Pepe &amp; Saimaa -albumi<\/strong> kuitenkin sai kertarys\u00e4yksell\u00e4 sek\u00e4 Willbergin ett\u00e4 Saimaan kaikkien huulille. Albumi toi Willbergille siihen menness\u00e4 l\u00e4hes 50 vuotta kest\u00e4neen uran ensimm\u00e4isen myyntilistojen k\u00e4rkisijan ja my\u00f6s uran ensimm\u00e4isen kultalevyn. Emma-gaalassa sek\u00e4 albumi ett\u00e4 Willberg putsasivat palkintop\u00f6yd\u00e4n. Albumin syntyvaiheisiin kannattaa tutustua enemm\u00e4n esimerkiksi Pepe -dokumenttielokuvan merkeiss\u00e4, joka l\u00f6ytyy Yle Areenasta. Kaiken kaikkiaan isoin hatunnosto albumin syntymiseen kuulunee Mikkolalle.<\/p>\n<p>\t\t<a class=\"diks-gallery__link\" href=\"https:\/\/i.media.fi\/incoming\/p6fnwl\/11224042.jpg\/alternates\/FREE_1440\/11224042.jpg\" data-thumbnail=\"\" data-sub-html=\"Pepe &amp; Saimaa sek\u00e4 Vantaan Viihdeorkesteri ja Vaskivuoren lukion alumnikuoro p\u00e4\u00e4ttiv\u00e4t keikkavuoden 2025 spektaakkelimaisesti. Ville Laine\" aria-label=\"Katso isompi kuva\" rel=\"nofollow noopener\" target=\"_blank\"><br \/>\n\t\t\t\t<img class=\"diks-figure__image\" src=\"https:\/\/www.europesays.com\/fi\/wp-content\/uploads\/2026\/01\/11224042.jpg\" loading=\"lazy\" decoding=\"sync\" alt=\"\"\/><\/p>\n<p>\t\t\t<\/a><br \/>\n\t\t\t\t\tPepe &amp; Saimaa sek\u00e4 Vantaan Viihdeorkesteri ja Vaskivuoren lukion alumnikuoro p\u00e4\u00e4ttiv\u00e4t keikkavuoden 2025 spektaakkelimaisesti. Ville Laine<\/p>\n<p>\t\t<a class=\"diks-gallery__link\" href=\"https:\/\/i.media.fi\/incoming\/xdkh3y\/11224051.jpg\/alternates\/FREE_1440\/11224051.jpg\" data-thumbnail=\"\" data-sub-html=\"Matti Mikkola on mastermind koko Pepe &amp; Saimaa -projektin taustalla. Ville Laine\" aria-label=\"Katso isompi kuva\" rel=\"nofollow noopener\" target=\"_blank\"><br \/>\n\t\t\t\t<img class=\"diks-figure__image\" src=\"https:\/\/www.europesays.com\/fi\/wp-content\/uploads\/2026\/01\/11224051.jpg\" loading=\"lazy\" decoding=\"sync\" alt=\"\"\/><\/p>\n<p>\t\t\t<\/a><br \/>\n\t\t\t\t\tMatti Mikkola on mastermind koko Pepe &amp; Saimaa -projektin taustalla. Ville Laine<\/p>\n<p>Pepe &amp; Saimaa -albumilla massiivista soundia luovat Willbergin ja Saimaan lis\u00e4ksi my\u00f6s sinfoniaorkesteri ja kuoro. T\u00e4ll\u00e4 suurella kokoonpanolla albumia on esitetty vuosien saatossa harvakseltaan noin puolen kymment\u00e4 kertaa, joten t\u00e4n\u00e4\u00e4n Tampere-talon uudenvuodenaaton, parven aivan takimmaisia rivej\u00e4 lukuun ottamatta, loppuunmyydyn Ison salin yleis\u00f6lle oli tarjolla varsin harvinaista herkkua.<\/p>\n<p>Willbergin ja Saimaan kanssa lavalla n\u00e4htiin, ja ennen kaikkea kuultiin, my\u00f6s viime viikolla Star Wars -musiikkia samassa salissa ansiokkaasti esitt\u00e4nyt Vantaan Viihdeorkesteri (VVO) sek\u00e4 Vaskivuoren lukion alumnikuoro. T\u00e4m\u00e4 kokonaisuus vy\u00f6rytti kuulijoille korvia hivelev\u00e4n musiikkinautinnon, jonka todisti heti illan aloittanut Lyhyen\u00e4 hetken\u00e4, joka oli my\u00f6s aikoinaan albumin ensisingle jo vuonna 2011. Willbergin tenori\u00e4\u00e4ni p\u00e4\u00e4si heti oikeuksiinsa t\u00e4m\u00e4n progressiivisen j\u00e4rk\u00e4leen k\u00e4sittelyss\u00e4, jonka iskelm\u00e4llinen alku p\u00e4\u00e4ttyi noin seitsem\u00e4n minuuttia my\u00f6hemmin viulistien armottomassa soittimiensa sahauksessa tauon j\u00e4lkeen Saimaan kanssa lavalle palanneen <strong>Juho Kanervon<\/strong> basson ja Mikkolan sek\u00e4 <strong>Petri Kauton<\/strong> kitaroiden esiinmarssin kautta yleis\u00f6n pauhaaviin aplodeihin.<\/p>\n<p>\t\t<a class=\"diks-gallery__link\" href=\"https:\/\/i.media.fi\/incoming\/2iihh6\/11224045.jpg\/alternates\/FREE_1440\/11224045.jpg\" data-thumbnail=\"\" data-sub-html=\"Lavalle oli pakkautunut runsaasti v\u00e4ke\u00e4 aikaansaaden massiivisen tyydytt\u00e4v\u00e4n kuuntelijakokemuksen. Ville Laine\" aria-label=\"Katso isompi kuva\" rel=\"nofollow noopener\" target=\"_blank\"><br \/>\n\t\t\t\t<img class=\"diks-figure__image\" src=\"https:\/\/www.europesays.com\/fi\/wp-content\/uploads\/2026\/01\/11224045.jpg\" loading=\"lazy\" decoding=\"sync\" alt=\"\"\/><\/p>\n<p>\t\t\t<\/a><br \/>\n\t\t\t\t\tLavalle oli pakkautunut runsaasti v\u00e4ke\u00e4 aikaansaaden massiivisen tyydytt\u00e4v\u00e4n kuuntelijakokemuksen. Ville Laine<\/p>\n<p><strong class=\"diks-storyline__impact\">Illan k\u00e4sikirjoitus<\/strong> oli ennalta selv\u00e4, sill\u00e4 tiedossa oli Pepe &amp; Saimaa -albumi kokonaisuudessaan. Jos Lyhyen\u00e4 hetken\u00e4 toi soittajista esiin kielisoittajat, niin seurannut Leikit\u00e4\u00e4n toi erityisesti parrasvaloihin kosketinsoittajat<strong> Juha Kuoppalan <\/strong>ja <strong>Mikael Myrskogin<\/strong> sek\u00e4 <strong>Jari Kankareen <\/strong>huiluineen. Muuttuvat tiet puolestaan oli inspiroinut kuulemma Willbergin pukeutumaan Beatles-paitaan.<\/p>\n<p>Kappaleen nimest\u00e4 Mikkola puolestaan veti langat Willbergiin viimeaikaiseen otsikoissakin olleeseen liikennek\u00e4ytt\u00e4ytymiseen. Kaiken kaikkiaan Willberg ja Mikkola tuntuivat kilpailevan v\u00e4lispiikeiss\u00e4\u00e4n is\u00e4vitsien kertomisessa, mutta Mikkola kuulutti asiaan liittyen armollisuutta, jos joku \u201dyritt\u00e4\u00e4 heitt\u00e4\u00e4 jotain tsoukkia\u201d. P\u00e4\u00e4dyttiinkin siihen, ett\u00e4 armollisuus voisi olla alkavan vuoden teema, joka kuulostaa kaikkiaan varsin hyv\u00e4lt\u00e4 idealta.<\/p>\n<p>\t\t<a class=\"diks-gallery__link\" href=\"https:\/\/i.media.fi\/incoming\/7xp75w\/11224050.jpg\/alternates\/FREE_1440\/11224050.jpg\" data-thumbnail=\"\" data-sub-html=\"Pepe Willberg on yksi Suomen legendaarisimmista laulujen tulkitsijoista. Ville Laine\" aria-label=\"Katso isompi kuva\" rel=\"nofollow noopener\" target=\"_blank\"><br \/>\n\t\t\t\t<img class=\"diks-figure__image\" src=\"https:\/\/www.europesays.com\/fi\/wp-content\/uploads\/2026\/01\/11224050.jpg\" loading=\"lazy\" decoding=\"sync\" alt=\"\"\/><\/p>\n<p>\t\t\t<\/a><br \/>\n\t\t\t\t\tPepe Willberg on yksi Suomen legendaarisimmista laulujen tulkitsijoista. Ville Laine<\/p>\n<p>\t\t<a class=\"diks-gallery__link\" href=\"https:\/\/i.media.fi\/incoming\/jr591j\/11224043.jpg\/alternates\/FREE_1440\/11224043.jpg\" data-thumbnail=\"\" data-sub-html=\"Illan kapellimestarina oli t\u00e4n\u00e4\u00e4n Tommi Suutarinen. Ville Laine\" aria-label=\"Katso isompi kuva\" rel=\"nofollow noopener\" target=\"_blank\"><br \/>\n\t\t\t\t<img class=\"diks-figure__image\" src=\"https:\/\/www.europesays.com\/fi\/wp-content\/uploads\/2026\/01\/11224043.jpg\" loading=\"lazy\" decoding=\"sync\" alt=\"\"\/><\/p>\n<p>\t\t\t<\/a><br \/>\n\t\t\t\t\tIllan kapellimestarina oli t\u00e4n\u00e4\u00e4n Tommi Suutarinen. Ville Laine<\/p>\n<p><strong class=\"diks-storyline__impact\">Ajan sis\u00e4ll\u00e4 oli<\/strong> seuraavana kuultu mestariteos, joka korosti t\u00e4n\u00e4\u00e4n kapellimestarina toimineen <strong>Tommi Suutarisen <\/strong>johtaman VVOn soittamana sinfoniaorkesterin merkityst\u00e4 koko projektin t\u00e4ytel\u00e4isess\u00e4 kokonaissoundissa. Ihan t\u00e4ysimittaista sinfoniaorkesteria ei toki ollut mukana, mutta viuluosaston sointi toimi kuin se kuuluisa junan vessa konserttimestari<strong> Ilkka Lehtosen<\/strong> johdolla. \u201dToista viulua soittamaan\u201d ei j\u00e4\u00e4nyt t\u00e4ss\u00e4 my\u00f6sk\u00e4\u00e4n kuoro ja Willberg totesikin kappaleen j\u00e4lkeen, ett\u00e4 \u201dMahtavaa kuunnella nuorten ihmisten laulua\u201d.<\/p>\n<p>Yksin\u00e4ni ei tarvinnut ihmetell\u00e4 t\u00e4m\u00e4nk\u00e4\u00e4n kappaleen erinomaisuutta, vaan sen p\u00e4\u00e4tteeksi yleis\u00f6 puhkesi raivoisiin aplodeihin, kuten toisaalta kaikkien muidenkin kappaleiden j\u00e4lkeen, joten erinomaisuudesta vallitsi illan yleis\u00f6n kesken syv\u00e4 konsensus.<\/p>\n<p>\t\t<a class=\"diks-gallery__link\" href=\"https:\/\/i.media.fi\/incoming\/ikwfs6\/11224054.jpg\/alternates\/FREE_1440\/11224054.jpg\" data-thumbnail=\"\" data-sub-html=\"Pepe Willbergiin ja Matti Mikkolaan henkil\u00f6ityy koko Pepe &amp; Saimaa. T\u00e4n\u00e4\u00e4n he kilpailivat lavalla my\u00f6s is\u00e4vitseill\u00e4\u00e4n ja hauskaa oli. Ville Laine\" aria-label=\"Katso isompi kuva\" rel=\"nofollow noopener\" target=\"_blank\"><br \/>\n\t\t\t\t<img class=\"diks-figure__image\" src=\"https:\/\/www.europesays.com\/fi\/wp-content\/uploads\/2026\/01\/11224054.jpg\" loading=\"lazy\" decoding=\"sync\" alt=\"\"\/><\/p>\n<p>\t\t\t<\/a><br \/>\n\t\t\t\t\tPepe Willbergiin ja Matti Mikkolaan henkil\u00f6ityy koko Pepe &amp; Saimaa. T\u00e4n\u00e4\u00e4n he kilpailivat lavalla my\u00f6s is\u00e4vitseill\u00e4\u00e4n ja hauskaa oli. Ville Laine<\/p>\n<p>\t\t<a class=\"diks-gallery__link\" href=\"https:\/\/i.media.fi\/incoming\/6q367g\/11224056.jpg\/alternates\/FREE_1440\/11224056.jpg\" data-thumbnail=\"\" data-sub-html=\"Vantaan Viihdeorkesterin jousisoittajat loistivat konserttimestari Ilkka Lehtosen johdolla. Ville Laine\" aria-label=\"Katso isompi kuva\" rel=\"nofollow noopener\" target=\"_blank\"><br \/>\n\t\t\t\t<img class=\"diks-figure__image\" src=\"https:\/\/www.europesays.com\/fi\/wp-content\/uploads\/2026\/01\/11224056.jpg\" loading=\"lazy\" decoding=\"sync\" alt=\"\"\/><\/p>\n<p>\t\t\t<\/a><br \/>\n\t\t\t\t\tVantaan Viihdeorkesterin jousisoittajat loistivat konserttimestari Ilkka Lehtosen johdolla. Ville Laine<\/p>\n<p>\t\t<a class=\"diks-gallery__link\" href=\"https:\/\/i.media.fi\/incoming\/nksnd9\/11224055.jpg\/alternates\/FREE_1440\/11224055.jpg\" data-thumbnail=\"\" data-sub-html=\"Vaskivuoren lukion alumnikuoro t\u00e4ydensi upeasti Pepe Willbergin tenorilaulua. Ville Laine\" aria-label=\"Katso isompi kuva\" rel=\"nofollow noopener\" target=\"_blank\"><br \/>\n\t\t\t\t<img class=\"diks-figure__image\" src=\"https:\/\/www.europesays.com\/fi\/wp-content\/uploads\/2026\/01\/11224055.jpg\" loading=\"lazy\" decoding=\"sync\" alt=\"\"\/><\/p>\n<p>\t\t\t<\/a><br \/>\n\t\t\t\t\tVaskivuoren lukion alumnikuoro t\u00e4ydensi upeasti Pepe Willbergin tenorilaulua. Ville Laine<\/p>\n<p><strong class=\"diks-storyline__impact\">Leikkis\u00e4ll\u00e4 kitaralla <\/strong>ja rouheilla puhaltimilla liikkeelle l\u00e4hti Sin\u00e4 lupasit, kappaleen rytmin saadessa yleis\u00f6n taputtamaan tahtia mukana. Kappaleen tiimellyksess\u00e4 Mikkola esitteli illan esiintyj\u00e4t eli Saimaan, josta viel\u00e4 ovat mainitsematta rytmist\u00e4 huolta pit\u00e4neet rumpalit <strong>Mooses Kuloniemi <\/strong>ja<strong> Thomas R\u00f6nnholm <\/strong>sek\u00e4 trumpetisti<strong> Janne Toivonen<\/strong>, Vaskivuoren lukion alumnikuoron, VVOn sek\u00e4 tietysti Pepen. Willberg taisi n\u00e4ist\u00e4 saada ne kovimmat aplodit, mutta kokonaisuus on osiensa summa ja jokainen palanen illan musiikin tuomisessa kuulijoiden korviin on mielest\u00e4ni aivan yht\u00e4 t\u00e4rke\u00e4 onnistuneen lopputuloksen kannalta. Esittelyn ajan ja siit\u00e4 jatkuen tunnelma oli suorastaan riehakas gospelmessun tapaan kuorolaisten iskiess\u00e4 k\u00e4sill\u00e4\u00e4n tahtia. Mieleen juolahti kohtaus The Blues Brothers -elokuvasta, josta en\u00e4\u00e4 puuttui kuvasta Jake Blues heitt\u00e4m\u00e4ss\u00e4 k\u00e4rrynpy\u00f6r\u00e4\u00e4 ja julistamassa valon n\u00e4kemist\u00e4.<\/p>\n<p>\t\t<a class=\"diks-gallery__link\" href=\"https:\/\/i.media.fi\/incoming\/sq8ed2\/11224053.jpg\/alternates\/FREE_1440\/11224053.jpg\" data-thumbnail=\"\" data-sub-html=\"Esittely riehaantui gospelmaiseksi riemujuhlaksi. Ville Laine\" aria-label=\"Katso isompi kuva\" rel=\"nofollow noopener\" target=\"_blank\"><br \/>\n\t\t\t\t<img class=\"diks-figure__image\" src=\"https:\/\/www.europesays.com\/fi\/wp-content\/uploads\/2026\/01\/11224053.jpg\" loading=\"lazy\" decoding=\"sync\" alt=\"\"\/><\/p>\n<p>\t\t\t<\/a><br \/>\n\t\t\t\t\tEsittely riehaantui gospelmaiseksi riemujuhlaksi. Ville Laine<\/p>\n<p>\t\t<a class=\"diks-gallery__link\" href=\"https:\/\/i.media.fi\/incoming\/t17sym\/11224048.jpg\/alternates\/FREE_1440\/11224048.jpg\" data-thumbnail=\"\" data-sub-html=\"Matti Mikkola toivoi armollisuutta, jos &quot;joku yritt\u00e4\u00e4 heitt\u00e4\u00e4 jotain tsoukkia&quot;. Armollisuus kaikkiaan toimii hyv\u00e4n\u00e4 uudenvuodenlupauksena. Ville Laine\" aria-label=\"Katso isompi kuva\" rel=\"nofollow noopener\" target=\"_blank\"><br \/>\n\t\t\t\t<img class=\"diks-figure__image\" src=\"https:\/\/www.europesays.com\/fi\/wp-content\/uploads\/2026\/01\/11224048.jpg\" loading=\"lazy\" decoding=\"sync\" alt=\"\"\/><\/p>\n<p>\t\t\t<\/a><br \/>\n\t\t\t\t\tMatti Mikkola toivoi armollisuutta, jos &#8221;joku yritt\u00e4\u00e4 heitt\u00e4\u00e4 jotain tsoukkia&#8221;. Armollisuus kaikkiaan toimii hyv\u00e4n\u00e4 uudenvuodenlupauksena. Ville Laine<\/p>\n<p>Aivan sama mulle m\u00e4 oon onnellinen jatkoi menev\u00e4n riehakkaasti popilotulitusta. Kappale onkin yksi albumin suurimmista ja tunnetuimmista hiteist\u00e4. Yleis\u00f6 oli p\u00e4\u00e4ssyt my\u00f6s taputtamisen makuun ja jatkoi esiintyjien kannustamista rytmikk\u00e4ill\u00e4 taputuksillaan. Tunnelmallisimman palan iltaan tarjosi puolestaan Uneton, jonka sanoituksen Willberg esitteli olevan t\u00e4k\u00e4l\u00e4isi\u00e4, siis <strong>Johanna Vuoksenmaan<\/strong> kyn\u00e4st\u00e4 l\u00e4ht\u00f6isin. Vuoksenmaa on sanoittanut my\u00f6s hetke\u00e4 aiemmin kuullun Sin\u00e4 lupasit. Vaikka kappaleen nimi on Uneton se kuljetti unenomaiseen rauhalliseen tunnelmaan viulistien n\u00e4pp\u00e4illess\u00e4 soittimiensa kieli\u00e4 ja kuoron tukiessa Willbergin niin hele\u00e4\u00e4 tenori\u00e4\u00e4nt\u00e4. Willbergin \u00e4\u00e4ni ei osoita v\u00e4symisen merkkej\u00e4, vaikka nyt alkavana vuonna ik\u00e4\u00e4 tulee h\u00e4nelle mittariin jo 80 vuotta. Juhlallisuudet alkoivat siis jo viisi tuntia etuajassa ennen alkavaa juhlavuotta.<\/p>\n<p>\t\t<a class=\"diks-gallery__link\" href=\"https:\/\/i.media.fi\/incoming\/d16z70\/11224052.jpg\/alternates\/FREE_1440\/11224052.jpg\" data-thumbnail=\"\" data-sub-html=\"Juho Kanervon antama t\u00f6lkki toimi Pepe Willbergin pelastuksena, kun ei l\u00f6ytynyt vesipulloa maestrolle lavalta. Juho Kanervo toi iltaan my\u00f6s paikallisv\u00e4ri\u00e4 onhan h\u00e4n musiikkiuran lis\u00e4ksi my\u00f6s muun muassa mukana vahvasti Lemp\u00e4\u00e4l\u00e4n kunnallispolitiikassa. Ville Laine\" aria-label=\"Katso isompi kuva\" rel=\"nofollow noopener\" target=\"_blank\"><br \/>\n\t\t\t\t<img class=\"diks-figure__image\" src=\"https:\/\/www.europesays.com\/fi\/wp-content\/uploads\/2026\/01\/11224052.jpg\" loading=\"lazy\" decoding=\"sync\" alt=\"\"\/><\/p>\n<p>\t\t\t<\/a><br \/>\n\t\t\t\t\tJuho Kanervon antama t\u00f6lkki toimi Pepe Willbergin pelastuksena, kun ei l\u00f6ytynyt vesipulloa maestrolle lavalta. Juho Kanervo toi iltaan my\u00f6s paikallisv\u00e4ri\u00e4 onhan h\u00e4n musiikkiuran lis\u00e4ksi my\u00f6s muun muassa mukana vahvasti Lemp\u00e4\u00e4l\u00e4n kunnallispolitiikassa. Ville Laine<\/p>\n<p><strong class=\"diks-storyline__impact\">Uneton sai<\/strong> Willbergin kurkun kuivaksi ja h\u00e4n kuuluttikin kappaleen j\u00e4lkeen, josko jostain l\u00f6ytyisi juotavaa \u201dtai edes huulirasvaa\u201d. Ilmeisesti lavalle oli viem\u00e4tt\u00e4 tarvittavat vesipullot, mutta Kanervo tarjosi ensiavuksi auttavan k\u00e4tens\u00e4 juomat\u00f6lkin muodossa ja pian vesipullokin jo lavalle kiid\u00e4tettiin. \u00c4\u00e4nij\u00e4nteiden tultua voidelluksi olikin hyv\u00e4 aloittaa El\u00e4m\u00e4n seppeleet. Kappale l\u00e4hti liikkeelle herk\u00e4ll\u00e4 kitaralla, viulujen ja puhaltimien liittyess\u00e4 mukaan melko rauhalliseen aloitukseen, kunnes kappale p\u00e4\u00e4tyi massiiviseen koko esiintyj\u00e4joukon loppunostatukseen palatakseen j\u00e4lleen alun herkk\u00e4\u00e4n kitaraan. Joskin viel\u00e4 t\u00e4m\u00e4nkin j\u00e4lkeen kappale l\u00e4hti uuteen nousuun, jonka p\u00e4\u00e4osassa oli upeasti laulava kuoro.<\/p>\n<p>\t\t<a class=\"diks-gallery__link\" href=\"https:\/\/i.media.fi\/incoming\/4uzd62\/11224047.jpg\/alternates\/FREE_1440\/11224047.jpg\" data-thumbnail=\"\" data-sub-html=\"Pepe &amp; Saimaa esiintyv\u00e4t yhdess\u00e4 todella harvoin, joten t\u00e4n\u00e4\u00e4n oli tarjolla Tampereella todella harvinaista herkkua. Ville Laine\" aria-label=\"Katso isompi kuva\" rel=\"nofollow noopener\" target=\"_blank\"><br \/>\n\t\t\t\t<img class=\"diks-figure__image\" src=\"https:\/\/www.europesays.com\/fi\/wp-content\/uploads\/2026\/01\/11224047.jpg\" loading=\"lazy\" decoding=\"sync\" alt=\"\"\/><\/p>\n<p>\t\t\t<\/a><br \/>\n\t\t\t\t\tPepe &amp; Saimaa esiintyv\u00e4t yhdess\u00e4 todella harvoin, joten t\u00e4n\u00e4\u00e4n oli tarjolla Tampereella todella harvinaista herkkua. Ville Laine<\/p>\n<p><strong class=\"diks-storyline__impact\">Loppuun oli s\u00e4\u00e4stetty<\/strong> se koko albumin kenties tunnetuin kappale eli T\u00e4ll\u00e4 kadulla. Viel\u00e4k\u00e4\u00e4n ei ollut huulirasvaa l\u00f6ytynyt Willbergille, mutta se ei menoa haitannut, vaan t\u00e4m\u00e4 The Beach Boys -henkinen popj\u00e4rk\u00e4le jatkoi edelleen Willbergin ja koko joukon mahtavaa ulosantia ja p\u00e4\u00e4tti setin mahtavaan spektaakkeliin, jota oli pohjustanut jo edelt\u00e4nyt El\u00e4m\u00e4n seppeleet. Kappaleen p\u00e4\u00e4tteeksi seisovat aplodit olivat selvi\u00f6, eik\u00e4 esiintyjille j\u00e4\u00e4nyt muuta vaihtoehtoja kuin palata lavalle suosionosoitusten pauhatessa.<\/p>\n<p>\t\t<a class=\"diks-gallery__link\" href=\"https:\/\/i.media.fi\/incoming\/z3qu95\/11224049.jpg\/alternates\/FREE_1440\/11224049.jpg\" data-thumbnail=\"\" data-sub-html=\"Lopuksi Pepe Willberg toivotti yleis\u00f6lle hyv\u00e4\u00e4 uutta vuotta ja vihjaili tulevasta juhlavuodesta. Ville Laine\" aria-label=\"Katso isompi kuva\" rel=\"nofollow noopener\" target=\"_blank\"><br \/>\n\t\t\t\t<img class=\"diks-figure__image\" src=\"https:\/\/www.europesays.com\/fi\/wp-content\/uploads\/2026\/01\/11224049.jpg\" loading=\"lazy\" decoding=\"sync\" alt=\"\"\/><\/p>\n<p>\t\t\t<\/a><br \/>\n\t\t\t\t\tLopuksi Pepe Willberg toivotti yleis\u00f6lle hyv\u00e4\u00e4 uutta vuotta ja vihjaili tulevasta juhlavuodesta. Ville Laine<\/p>\n<p>Jos T\u00e4ll\u00e4 kadulla oli The Beach Boys -henkinen, niin siihen per\u00e4\u00e4n sopikin saumattomasti The Beach Boys -cover Taivas vain tiet\u00e4\u00e4 (orig. God Only Knows). T\u00e4m\u00e4 toimi t\u00e4ydellisen\u00e4 p\u00e4\u00e4t\u00f6ksen\u00e4 koko illalle. Loppukumarrukset toki viel\u00e4 suoritettiin useampaan kertaan yleis\u00f6n taputtaessa suosikkinsa takaisin lavalle yh\u00e4 uudestaan. Lopuksi Willberg toivotti yleis\u00f6lle hyv\u00e4\u00e4 uutta vuotta ja kehotti tulemaan tapaamaan h\u00e4nt\u00e4\u2026 \u201d\u2026maaliskuussa t\u00e4ss\u00e4 samassa paikassa\u201d. Ainakaan t\u00e4t\u00e4 kirjoittaessa ei Tampere-talon tapahtumakalenterista Willbergi\u00e4 kev\u00e4\u00e4lt\u00e4 l\u00f6ydy, mutta ilmeisesti siis tulevan 80-juhlavuoden esiintymiset l\u00f6yt\u00e4v\u00e4t tiens\u00e4 viel\u00e4 n\u00e4ille seuduille. T\u00e4n\u00e4\u00e4n salista tuskin poistui yht\u00e4\u00e4n pettynytt\u00e4 katsojaa, joten tilausta varmaan l\u00f6ytyy.<\/p>\n<p>\t\t<a class=\"diks-gallery__link\" href=\"https:\/\/i.media.fi\/incoming\/jti9pk\/11224046.jpg\/alternates\/FREE_1440\/11224046.jpg\" data-thumbnail=\"\" data-sub-html=\"Loppukumarrukset kelpasi suorittaa yleis\u00f6n osoittaessa seisaaltaan suosiota l\u00e4hes loppuunmyydyss\u00e4 Tampere-talon Isossa salissa. Ville Laine\" aria-label=\"Katso isompi kuva\" rel=\"nofollow noopener\" target=\"_blank\"><br \/>\n\t\t\t\t<img class=\"diks-figure__image\" src=\"https:\/\/www.europesays.com\/fi\/wp-content\/uploads\/2026\/01\/11224046.jpg\" loading=\"lazy\" decoding=\"sync\" alt=\"\"\/><\/p>\n<p>\t\t\t<\/a><br \/>\n\t\t\t\t\tLoppukumarrukset kelpasi suorittaa yleis\u00f6n osoittaessa seisaaltaan suosiota l\u00e4hes loppuunmyydyss\u00e4 Tampere-talon Isossa salissa. Ville Laine<\/p>\n<p><strong class=\"diks-storyline__impact\">Loppuun, sek\u00e4 vuoden ett\u00e4 t\u00e4m\u00e4n kirjoituksen,<\/strong> palaan viel\u00e4 aiemmin mainittuun mielikuvaan The Blues Brothers -elokuvan kohtauksesta. Min\u00e4kin olen n\u00e4hnyt valon ja se ei ole t\u00e4n\u00e4 iltana taivaalla v\u00e4lkkyv\u00e4t ilotulitteet vaan el\u00e4v\u00e4 musiikki. T\u00e4n\u00e4 iltana valo oli Pepe &amp; Saimaa, VVOa ja Vaskivuoren lukion alumnikuoroa unohtamatta.<\/p>\n<p class=\"diks-storyline__additional-information\">Pepe &amp; Saimaa sek\u00e4 Vantaan Viihdeorkesteri ja Vaskivuoren lukion alumni kuoro, Tampere-talon Iso sali, keskiviikkona 31.12.2025<\/p>\n","protected":false},"excerpt":{"rendered":"Pepe Willbergill\u00e4 koittaa vuonna 2026 80-juhlavuosi, jonka l\u00e4ht\u00f6laukauksena illan Pepe &amp; Saimaa -konsertti toimi viisi tuntia etuajassa. Ville&hellip;\n","protected":false},"author":2,"featured_media":130750,"comment_status":"","ping_status":"","sticky":false,"template":"","format":"standard","meta":{"footnotes":""},"categories":[130],"tags":[138,137,33,31,30,3525,525,47,1157,141,742,32,109],"class_list":{"0":"post-130749","1":"post","2":"type-post","3":"status-publish","4":"format-standard","5":"has-post-thumbnail","7":"category-viihde","8":"tag-audio","9":"tag-entertainment","10":"tag-fi","11":"tag-finland","12":"tag-finnish","13":"tag-konsertit","14":"tag-laulaminen-ja-laulajat","15":"tag-musiikki","16":"tag-musiikkikeikat","17":"tag-muusikot-bandit","18":"tag-suomalainen-musiikki","19":"tag-suomi","20":"tag-viihde"},"share_on_mastodon":{"url":"https:\/\/pubeurope.com\/@fi\/115820212012907498","error":""},"_links":{"self":[{"href":"https:\/\/www.europesays.com\/fi\/wp-json\/wp\/v2\/posts\/130749","targetHints":{"allow":["GET"]}}],"collection":[{"href":"https:\/\/www.europesays.com\/fi\/wp-json\/wp\/v2\/posts"}],"about":[{"href":"https:\/\/www.europesays.com\/fi\/wp-json\/wp\/v2\/types\/post"}],"author":[{"embeddable":true,"href":"https:\/\/www.europesays.com\/fi\/wp-json\/wp\/v2\/users\/2"}],"replies":[{"embeddable":true,"href":"https:\/\/www.europesays.com\/fi\/wp-json\/wp\/v2\/comments?post=130749"}],"version-history":[{"count":0,"href":"https:\/\/www.europesays.com\/fi\/wp-json\/wp\/v2\/posts\/130749\/revisions"}],"wp:featuredmedia":[{"embeddable":true,"href":"https:\/\/www.europesays.com\/fi\/wp-json\/wp\/v2\/media\/130750"}],"wp:attachment":[{"href":"https:\/\/www.europesays.com\/fi\/wp-json\/wp\/v2\/media?parent=130749"}],"wp:term":[{"taxonomy":"category","embeddable":true,"href":"https:\/\/www.europesays.com\/fi\/wp-json\/wp\/v2\/categories?post=130749"},{"taxonomy":"post_tag","embeddable":true,"href":"https:\/\/www.europesays.com\/fi\/wp-json\/wp\/v2\/tags?post=130749"}],"curies":[{"name":"wp","href":"https:\/\/api.w.org\/{rel}","templated":true}]}}