{"id":130751,"date":"2026-01-01T14:04:07","date_gmt":"2026-01-01T14:04:07","guid":{"rendered":"https:\/\/www.europesays.com\/fi\/130751\/"},"modified":"2026-01-01T14:04:07","modified_gmt":"2026-01-01T14:04:07","slug":"hopean-hinta-nousee-ilta-sanomat","status":"publish","type":"post","link":"https:\/\/www.europesays.com\/fi\/130751\/","title":{"rendered":"Hopean hinta nousee &#8211; Ilta-Sanomat"},"content":{"rendered":"<p>Hopeaan vuonna 2025 sijoittanut ei h\u00e4pe\u00e4.<\/p>\n<p class=\"article-body mb-nof-24 px-nof-16\">Hopealle on riitt\u00e4nyt t\u00e4n\u00e4 vuonna kysynt\u00e4\u00e4. T\u00e4m\u00e4 on merkinnyt sit\u00e4, ett\u00e4 jalometallin hinta on noussut jyrk\u00e4sti.<\/p>\n<p class=\"article-body mb-nof-24 px-nof-16\">Hopean hinta k\u00e4vi ennen vuodenvaihdetta uudessa enn\u00e4tyksess\u00e4 eli yli 80 dollarissa unssilta. Taustalla on sek\u00e4 sijoittajien ett\u00e4 teollisuuden kasvanut kysynt\u00e4.<\/p>\n<p class=\"article-body mb-nof-24 px-nof-16\">T\u00e4m\u00e4 on merkinnyt samalla hyvi\u00e4 tuottoja hopeaan sijoittaneille. Alkuvuoteen verrattuna hinta oli joulukuun lopussa yli kaksinkertaistunut.<\/p>\n<p class=\"article-body mb-nof-24 px-nof-16\">My\u00f6s pidemm\u00e4ll\u00e4 aikav\u00e4lill\u00e4 tuotot voivat olla hulppeita, kuten kertoo vuonna 2011 muutaman hopeakolikon ostanut nelikymppinen mies.<\/p>\n<p class=\"article-body mb-nof-24 px-nof-16\">\u2013\u2009Hopean hinta on noussut niin paljon, ett\u00e4 kolikoista saisi t\u00e4ll\u00e4 hetkell\u00e4 kolme tonnia. Hinta on nelinkertaistunut.<\/p>\n<p class=\"article-body mb-nof-24 px-nof-16\">Nykyisen kaltaisia hintapiikkej\u00e4 on n\u00e4hty aikaisemminkin.<\/p>\n<p class=\"article-body mb-nof-24 px-nof-16\">Edellisen kerran hopean hintabuumi n\u00e4htiin finanssikriisin seurauksena ja sit\u00e4 ennen 1970-luvun lopulla. T\u00e4ll\u00f6in nopea inflaatio, Afganistanin sodan syttyminen ja Iranin panttivankikriisi saivat sijoittajat etsim\u00e4\u00e4n rahoilleen turvasatamaa.<\/p>\n<p class=\"article-body mb-nof-24 px-nof-16\">Nyt hopean hintaa tukevat sijoittajien odotukset siit\u00e4, ett\u00e4 Yhdysvaltain keskuspankki jatkaa ohjauskoron alentamista ensi vuonna.<\/p>\n<p class=\"article-body mb-nof-24 px-nof-16\">T\u00e4m\u00e4 v\u00e4hent\u00e4\u00e4 korkosijoitusten houkuttelevuutta ja ohjaa kysynt\u00e4\u00e4 vaihtoehtoisiin sijoituksiin.<\/p>\n<p class=\"article-body mb-nof-24 px-nof-16\">Kiinan p\u00e4\u00e4t\u00f6s asettaa ensi vuoden alussa rajoituksia hopean viejille on vauhdittanut hopean hintanousua.<\/p>\n<p class=\"article-body mb-nof-24 px-nof-16\">\u2013\u2009Hopean varastotasot ovat v\u00e4hentyneet aika nopeasti. My\u00f6s tullit lis\u00e4\u00e4v\u00e4t ep\u00e4varmuutta, sanoo S-Pankin p\u00e4\u00e4strategi <a class=\"font-bold underline-offset-[0.12em] [text-decoration:var(--person-link-text-decoration)] ![text-decoration-color:var(--person-link-text-decoration-color)]\" href=\"https:\/\/www.is.fi\/haku\/?query=Tanja%20Wennonen-K%C3%A4rn%C3%A4\" rel=\"nofollow noopener\" target=\"_blank\">Tanja Wennonen-K\u00e4rn\u00e4<\/a>.<\/p>\n<p class=\"article-body mb-nof-24 px-nof-16\">Sijoittajien ja korujen valmistajien lis\u00e4ksi hopealle on k\u00e4ytt\u00f6\u00e4 my\u00f6s elektroniikka- ja l\u00e4\u00e4keteollisuudessa. Sit\u00e4 k\u00e4ytet\u00e4\u00e4n aurinkopaneeleissa ja s\u00e4hk\u00f6autoissa.<\/p>\n<p class=\"article-body mb-nof-24 px-nof-16\">S\u00e4hk\u00f6auto\u00advalmistaja Teslan perustaja <a class=\"font-bold underline-offset-[0.12em] [text-decoration:var(--person-link-text-decoration)] ![text-decoration-color:var(--person-link-text-decoration-color)]\" href=\"https:\/\/www.is.fi\/haku\/?query=Elon%20Musk\" rel=\"nofollow noopener\" target=\"_blank\">Elon Musk<\/a> on jo ilmaissut huolensa hopean hintakehityksest\u00e4.<\/p>\n<p class=\"article-body mb-nof-24 px-nof-16\">Hopealle ovat ominaisia suuret hintaliikkeet my\u00f6s toiseen suuntaan. Esimerkiksi vuonna 2011 n\u00e4htiin t\u00e4llainen romahdus l\u00e4hes 50 dollarin huippuhinnoista.<\/p>\n<p class=\"article-body mb-nof-24 px-nof-16\">T\u00e4m\u00e4n takia arviot hopean tulevasta korjausliikkeest\u00e4 ovat viime aikoina lis\u00e4\u00e4ntyneet.<\/p>\n<p class=\"article-body mb-nof-24 px-nof-16\">\u2013\u2009Hopean kohdalla suuret muutokset ovat mahdollisia.<\/p>\n<p class=\"article-body mb-nof-24 px-nof-16\">Wennonen-K\u00e4rn\u00e4n mukaan hintaheiluntaan vaikuttaa se, ett\u00e4 hopean tarjonta ei vastaa kysynt\u00e4\u00e4.<\/p>\n<p class=\"article-body mb-nof-24 px-nof-16\">Selv\u00e4 hopean korjausliike n\u00e4htiin jo alkuviikosta, kun sijoittajat kotiuttivat voittojaan ennen vuodenvaihdetta.<\/p>\n<p class=\"article-body mb-nof-24 px-nof-16\">\u2013\u2009Toisaalta ep\u00e4varmuus\u00adtekij\u00f6it\u00e4 riitt\u00e4\u00e4 my\u00f6s ensi vuonna, mik\u00e4 voi lis\u00e4t\u00e4 hopean kysynt\u00e4\u00e4 ja pit\u00e4\u00e4 hintaa edelleen koholla.<\/p>\n","protected":false},"excerpt":{"rendered":"Hopeaan vuonna 2025 sijoittanut ei h\u00e4pe\u00e4. Hopealle on riitt\u00e4nyt t\u00e4n\u00e4 vuonna kysynt\u00e4\u00e4. T\u00e4m\u00e4 on merkinnyt sit\u00e4, ett\u00e4 jalometallin&hellip;\n","protected":false},"author":2,"featured_media":130752,"comment_status":"","ping_status":"","sticky":false,"template":"","format":"standard","meta":{"footnotes":""},"categories":[76],"tags":[79,77,33,31,30,34,32,78],"class_list":{"0":"post-130751","1":"post","2":"type-post","3":"status-publish","4":"format-standard","5":"has-post-thumbnail","7":"category-talous","8":"tag-business","9":"tag-economy","10":"tag-fi","11":"tag-finland","12":"tag-finnish","13":"tag-ilta-sanomat","14":"tag-suomi","15":"tag-talous"},"share_on_mastodon":{"url":"https:\/\/pubeurope.com\/@fi\/115820223965228041","error":""},"_links":{"self":[{"href":"https:\/\/www.europesays.com\/fi\/wp-json\/wp\/v2\/posts\/130751","targetHints":{"allow":["GET"]}}],"collection":[{"href":"https:\/\/www.europesays.com\/fi\/wp-json\/wp\/v2\/posts"}],"about":[{"href":"https:\/\/www.europesays.com\/fi\/wp-json\/wp\/v2\/types\/post"}],"author":[{"embeddable":true,"href":"https:\/\/www.europesays.com\/fi\/wp-json\/wp\/v2\/users\/2"}],"replies":[{"embeddable":true,"href":"https:\/\/www.europesays.com\/fi\/wp-json\/wp\/v2\/comments?post=130751"}],"version-history":[{"count":0,"href":"https:\/\/www.europesays.com\/fi\/wp-json\/wp\/v2\/posts\/130751\/revisions"}],"wp:featuredmedia":[{"embeddable":true,"href":"https:\/\/www.europesays.com\/fi\/wp-json\/wp\/v2\/media\/130752"}],"wp:attachment":[{"href":"https:\/\/www.europesays.com\/fi\/wp-json\/wp\/v2\/media?parent=130751"}],"wp:term":[{"taxonomy":"category","embeddable":true,"href":"https:\/\/www.europesays.com\/fi\/wp-json\/wp\/v2\/categories?post=130751"},{"taxonomy":"post_tag","embeddable":true,"href":"https:\/\/www.europesays.com\/fi\/wp-json\/wp\/v2\/tags?post=130751"}],"curies":[{"name":"wp","href":"https:\/\/api.w.org\/{rel}","templated":true}]}}