{"id":130753,"date":"2026-01-01T14:05:09","date_gmt":"2026-01-01T14:05:09","guid":{"rendered":"https:\/\/www.europesays.com\/fi\/130753\/"},"modified":"2026-01-01T14:05:09","modified_gmt":"2026-01-01T14:05:09","slug":"zelenskyi-rauha-ei-vain-putoa-taivaalta","status":"publish","type":"post","link":"https:\/\/www.europesays.com\/fi\/130753\/","title":{"rendered":"Zelenskyi: Rauha ei vain putoa taivaalta"},"content":{"rendered":"<p><strong class=\"typography-bold\">Zelenskyin mukaan rauhansopimus on hyvin l\u00e4hell\u00e4, mutta hyvin kaukana.<\/strong><\/p>\n<p>Ukrainan presidentti <strong class=\"typography-bold\">Volodymyr Zelenskyi<\/strong><strong class=\"typography-bold\"> <\/strong>kertoi uudenvuoden <a class=\"underline\" data-testid=\"external-link\" href=\"https:\/\/www.president.gov.ua\/en\/news\/novorichne-privitannya-prezidenta-ukrayini-volodimira-zelens-102261\" rel=\"noopener noreferrer nofollow\" data-sentry-component=\"ExternalLink\" data-sentry-source-file=\"ExternalLink.tsx\" target=\"_blank\">puheessaan<\/a>, ett\u00e4 kaavailtu rauhansopimus on nyt 90-prosenttisesti valmis.<\/p>\n<p>Kymmenen prosenttia sopimuksesta on h\u00e4nen mukaansa viel\u00e4 neuvoteltavana.<\/p>\n<p>\u2013\u2009Nuo kymmenen prosenttia sis\u00e4lt\u00e4v\u00e4t k\u00e4yt\u00e4nn\u00f6ss\u00e4 kaiken. Nuo kymmenen prosenttia m\u00e4\u00e4ritt\u00e4v\u00e4t rauhan, Ukrainan, Euroopan ja ihmisten el\u00e4m\u00e4n kohtalon, Zelenskyi sanoi puheessaan.<\/p>\n<p>Zelenskyi vaati pysyv\u00e4\u00e4n rauhaan johtavia vahvoja turvatakuita.<\/p>\n<p>\u2013\u2009Allekirjoitukset heikkojen sopimusten alla vain ruokkivat sotaa. Minun allekirjoitukseni n\u00e4hd\u00e4\u00e4n vahvan sopimuksen alla, Zelenskyi sanoi.<\/p>\n<p>Ukrainalaispresidentin mukaan t\u00e4n\u00e4 vuonna Ukrainassa n\u00e4htiin pitk\u00e4st\u00e4 aikaa luminen uusivuosi.<\/p>\n<p>\u2013\u2009Haluamme nyt rauhaa enemm\u00e4n kuin mit\u00e4\u00e4n muuta, mutta, toisin kuin uudenvuoden lumi, se ei vain putoa taivaalta ihmeen lailla, Zelenskyi sanoi.<\/p>\n<p><strong class=\"typography-bold\">Maininta keskusteluista Stubbin kanssa<\/strong><\/p>\n<p>Zelenskyi k\u00e4vi puheessaan l\u00e4pi my\u00f6s Ukrainan liittolaismaiden antamaa tukea sek\u00e4 n\u00e4iden maiden johtajien kanssa k\u00e4ymi\u00e4\u00e4n keskusteluja.\u00a0<\/p>\n<p>H\u00e4n mainitsi my\u00f6s Suomen presidentti <strong class=\"typography-bold\">Alexander Stubbin<\/strong><strong class=\"typography-bold\"> <\/strong>kanssa uudenvuodenaaton aamuna k\u00e4ym\u00e4ns\u00e4 puhelinkeskustelun.<\/p>\n<p>Zelenskyin mukaan Stubb muistuttaa h\u00e4nt\u00e4 aina heid\u00e4n keskustelujensa p\u00e4\u00e4tteeksi treenaamisen t\u00e4rkeydest\u00e4, koska ukrainalaisten on oltava Stubbin mukaan vahvoja.<\/p>\n<p>\u2013\u2009Me uskomme teihin. Me kaikki tarvitsemme teit\u00e4, Stubb sanoi Zelenskyin mukaan.<\/p>\n<p>Zelenskyi kehotti puheessaan nostamaan maljan Ukrainaa tukeville ja sen puolesta taisteleville sek\u00e4 sille, ett\u00e4 sota p\u00e4\u00e4ttyisi ja rauha saavutettaisiin.<\/p>\n","protected":false},"excerpt":{"rendered":"Zelenskyin mukaan rauhansopimus on hyvin l\u00e4hell\u00e4, mutta hyvin kaukana. Ukrainan presidentti Volodymyr Zelenskyi kertoi uudenvuoden puheessaan, ett\u00e4 kaavailtu&hellip;\n","protected":false},"author":2,"featured_media":130754,"comment_status":"","ping_status":"","sticky":false,"template":"","format":"standard","meta":{"footnotes":""},"categories":[14],"tags":[22,23,26,27,33,31,30,17,24,25,28,29,15,18,21,32,19,20,56,16,59,60,61],"class_list":{"0":"post-130753","1":"post","2":"type-post","3":"status-publish","4":"format-standard","5":"has-post-thumbnail","7":"category-ulkomaat","8":"tag-breaking-news","9":"tag-breakingnews","10":"tag-featured-news","11":"tag-featurednews","12":"tag-fi","13":"tag-finland","14":"tag-finnish","15":"tag-headlines","16":"tag-latest-news","17":"tag-latestnews","18":"tag-main-news","19":"tag-mainnews","20":"tag-news","21":"tag-otsikot","22":"tag-paauutiset","23":"tag-suomi","24":"tag-top-stories","25":"tag-topstories","26":"tag-ulkomaat","27":"tag-uutiset","28":"tag-world","29":"tag-world-news","30":"tag-worldnews"},"share_on_mastodon":{"url":"https:\/\/pubeurope.com\/@fi\/115820228023445850","error":""},"_links":{"self":[{"href":"https:\/\/www.europesays.com\/fi\/wp-json\/wp\/v2\/posts\/130753","targetHints":{"allow":["GET"]}}],"collection":[{"href":"https:\/\/www.europesays.com\/fi\/wp-json\/wp\/v2\/posts"}],"about":[{"href":"https:\/\/www.europesays.com\/fi\/wp-json\/wp\/v2\/types\/post"}],"author":[{"embeddable":true,"href":"https:\/\/www.europesays.com\/fi\/wp-json\/wp\/v2\/users\/2"}],"replies":[{"embeddable":true,"href":"https:\/\/www.europesays.com\/fi\/wp-json\/wp\/v2\/comments?post=130753"}],"version-history":[{"count":0,"href":"https:\/\/www.europesays.com\/fi\/wp-json\/wp\/v2\/posts\/130753\/revisions"}],"wp:featuredmedia":[{"embeddable":true,"href":"https:\/\/www.europesays.com\/fi\/wp-json\/wp\/v2\/media\/130754"}],"wp:attachment":[{"href":"https:\/\/www.europesays.com\/fi\/wp-json\/wp\/v2\/media?parent=130753"}],"wp:term":[{"taxonomy":"category","embeddable":true,"href":"https:\/\/www.europesays.com\/fi\/wp-json\/wp\/v2\/categories?post=130753"},{"taxonomy":"post_tag","embeddable":true,"href":"https:\/\/www.europesays.com\/fi\/wp-json\/wp\/v2\/tags?post=130753"}],"curies":[{"name":"wp","href":"https:\/\/api.w.org\/{rel}","templated":true}]}}