{"id":130755,"date":"2026-01-01T14:06:08","date_gmt":"2026-01-01T14:06:08","guid":{"rendered":"https:\/\/www.europesays.com\/fi\/130755\/"},"modified":"2026-01-01T14:06:08","modified_gmt":"2026-01-01T14:06:08","slug":"helsingissa-syntyi-uudenvuodenyona-yhdeksan-myrkyllista-kaarmeenpoikasta-kotimaa","status":"publish","type":"post","link":"https:\/\/www.europesays.com\/fi\/130755\/","title":{"rendered":"Helsingiss\u00e4 syntyi uudenvuodeny\u00f6n\u00e4 yhdeks\u00e4n myrkyllist\u00e4 k\u00e4\u00e4rmeenpoikasta | Kotimaa"},"content":{"rendered":"<p class=\"aw-1gybjub aw-5vja16 kEtdKx kmuxyA yle__article__paragraph\">Vallilan Tropicario on Pohjoismaiden suurin trooppinen el\u00e4intalo, joka esittelee p\u00e4\u00e4asiassa k\u00e4\u00e4rmeit\u00e4 ja liskoja.<\/p>\n<p><img decoding=\"async\" alt=\"Schlegelin puukyit\u00e4 vihre\u00e4lehtisten oksien p\u00e4\u00e4ll\u00e4.\" src=\"https:\/\/www.europesays.com\/fi\/wp-content\/uploads\/2026\/01\/39-1576296695658920f15c.jpeg\" class=\"aw-1l9m598 hKVVvP\"\/><\/p>\n<p>Avaa kuvien katselu<\/p>\n<p>Schlegelin puukyit\u00e4, k\u00e4\u00e4rmett\u00e4 kutsutaan my\u00f6s silm\u00e4ripsikyyksi. Kuva: Jarmo Lanki \/ Tropicario, Helsinki<\/p>\n<p class=\"aw-1gybjub aw-1p7kakr kEtdKx cEmitX yle__article__paragraph\">Schlegelin puukyy on synnytt\u00e4nyt uudenvuodeny\u00f6n\u00e4 yhdeks\u00e4n poikasta Helsingiss\u00e4, Vallilan Tropicariossa.<\/p>\n<p class=\"aw-1gybjub aw-1p7kakr kEtdKx cEmitX yle__article__paragraph\">Poikaset olivat syntyess\u00e4\u00e4n 6\u20137 senttimetrin pituisia ja vaihtelevan v\u00e4risi\u00e4. Ne ovat jo syntyess\u00e4\u00e4n myrkyllisi\u00e4.<\/p>\n<p class=\"aw-1gybjub aw-1p7kakr kEtdKx cEmitX yle__article__paragraph\">\u2013 Naaras on valinnut todella erikoisen synnytysajankohdan. Ensimm\u00e4inen poikanen on syntynyt noin puoli yksi y\u00f6ll\u00e4 ja loput kahdeksan aamuun menness\u00e4, kertoo <strong class=\"aw-ak79eh KyCXm yle__article__strong\">Jarmo Lanki<\/strong> Tropicariosta.<\/p>\n<p class=\"aw-1gybjub aw-1p7kakr kEtdKx cEmitX yle__article__paragraph\">Puussa el\u00e4v\u00e4n k\u00e4\u00e4rmeen tuntomerkki on silmien yl\u00e4puolella olevat pienet sarvet, jotka muistuttavat silm\u00e4ripsi\u00e4. T\u00e4st\u00e4 johtuen k\u00e4\u00e4rmett\u00e4 kutsutaan my\u00f6s silm\u00e4ripsikyyksi.<\/p>\n<p class=\"aw-1gybjub aw-1p7kakr kEtdKx cEmitX yle__article__paragraph\">Luonnossa puukyy el\u00e4\u00e4 Etel\u00e4-Meksikon, Venezuelan ja Ecuadorin sademetsiss\u00e4.<\/p>\n<p class=\"aw-1gybjub aw-1p7kakr kEtdKx cEmitX yle__article__paragraph\">K\u00e4\u00e4rme kasvaa 50\u201380 sentin pituiseksi. Se sy\u00f6 ravinnokseen pieni\u00e4 nis\u00e4kk\u00e4it\u00e4, linnunpoikasia, sammakoita ja pieni\u00e4 liskoja.<\/p>\n<p><img decoding=\"async\" alt=\"Schlegelin puukyy vihre\u00e4lehtisten oksien p\u00e4\u00e4ll\u00e4.\" src=\"https:\/\/www.europesays.com\/fi\/wp-content\/uploads\/2026\/01\/39-15762976956589211b6c.jpeg\" loading=\"lazy\" class=\"aw-1l9m598 hKVVvP\"\/><\/p>\n<p>Avaa kuvien katselu<\/p>\n<p>Schlegelin puukyy on pieni, mutta myrkyllinen k\u00e4\u00e4rme. Poikaset ovat vain 6\u20137 senttimetrin pituisia, t\u00e4ysikasvuiset 50\u201380 sentti\u00e4. Kuva: Jarmo Lanki \/ Tropicario, Helsinki<\/p>\n<p class=\"aw-1gybjub aw-1p7kakr kEtdKx cEmitX yle__article__paragraph\">Vallilan Tropicario on Pohjoismaiden suurin trooppinen el\u00e4intalo. Se esittelee p\u00e4\u00e4asiassa k\u00e4\u00e4rmeit\u00e4 ja liskoja.<\/p>\n<p class=\"aw-1gybjub aw-1p7kakr kEtdKx cEmitX yle__article__paragraph\">Tropicarion mukaan sen tavoitteena on tehd\u00e4 opetuksellisessa mieless\u00e4 tunnetuksi el\u00e4inten el\u00e4m\u00e4\u00e4 ja suojelua.<\/p>\n<p class=\"aw-1gybjub aw-1p7kakr kEtdKx cEmitX yle__article__paragraph\">Se tunnetaan erityisesti suurista kuristajak\u00e4\u00e4rmeist\u00e4 ja varaani-liskoista. Niiden n\u00e4yttelykokoelma on Euroopan suurimpia.<\/p>\n<p class=\"aw-1gybjub aw-1p7kakr kEtdKx cEmitX yle__article__paragraph\">El\u00e4inten joukossa on useita harvinaisia lajeja.<\/p>\n","protected":false},"excerpt":{"rendered":"Vallilan Tropicario on Pohjoismaiden suurin trooppinen el\u00e4intalo, joka esittelee p\u00e4\u00e4asiassa k\u00e4\u00e4rmeit\u00e4 ja liskoja. Avaa kuvien katselu Schlegelin puukyit\u00e4,&hellip;\n","protected":false},"author":2,"featured_media":130756,"comment_status":"","ping_status":"","sticky":false,"template":"","format":"standard","meta":{"footnotes":""},"categories":[12],"tags":[22,23,404,26,27,33,31,30,17,104,11472,71,24,25,28,29,15,18,21,32,19,20,23136,1168,16,8745],"class_list":{"0":"post-130755","1":"post","2":"type-post","3":"status-publish","4":"format-standard","5":"has-post-thumbnail","7":"category-suomi","8":"tag-breaking-news","9":"tag-breakingnews","10":"tag-elaimet","11":"tag-featured-news","12":"tag-featurednews","13":"tag-fi","14":"tag-finland","15":"tag-finnish","16":"tag-headlines","17":"tag-helsinki","18":"tag-kaarmeet","19":"tag-kotimaa","20":"tag-latest-news","21":"tag-latestnews","22":"tag-main-news","23":"tag-mainnews","24":"tag-news","25":"tag-otsikot","26":"tag-paauutiset","27":"tag-suomi","28":"tag-top-stories","29":"tag-topstories","30":"tag-tropicario","31":"tag-uusimaa","32":"tag-uutiset","33":"tag-vallila"},"share_on_mastodon":{"url":"https:\/\/pubeurope.com\/@fi\/115820231563082020","error":""},"_links":{"self":[{"href":"https:\/\/www.europesays.com\/fi\/wp-json\/wp\/v2\/posts\/130755","targetHints":{"allow":["GET"]}}],"collection":[{"href":"https:\/\/www.europesays.com\/fi\/wp-json\/wp\/v2\/posts"}],"about":[{"href":"https:\/\/www.europesays.com\/fi\/wp-json\/wp\/v2\/types\/post"}],"author":[{"embeddable":true,"href":"https:\/\/www.europesays.com\/fi\/wp-json\/wp\/v2\/users\/2"}],"replies":[{"embeddable":true,"href":"https:\/\/www.europesays.com\/fi\/wp-json\/wp\/v2\/comments?post=130755"}],"version-history":[{"count":0,"href":"https:\/\/www.europesays.com\/fi\/wp-json\/wp\/v2\/posts\/130755\/revisions"}],"wp:featuredmedia":[{"embeddable":true,"href":"https:\/\/www.europesays.com\/fi\/wp-json\/wp\/v2\/media\/130756"}],"wp:attachment":[{"href":"https:\/\/www.europesays.com\/fi\/wp-json\/wp\/v2\/media?parent=130755"}],"wp:term":[{"taxonomy":"category","embeddable":true,"href":"https:\/\/www.europesays.com\/fi\/wp-json\/wp\/v2\/categories?post=130755"},{"taxonomy":"post_tag","embeddable":true,"href":"https:\/\/www.europesays.com\/fi\/wp-json\/wp\/v2\/tags?post=130755"}],"curies":[{"name":"wp","href":"https:\/\/api.w.org\/{rel}","templated":true}]}}