{"id":130759,"date":"2026-01-01T14:19:08","date_gmt":"2026-01-01T14:19:08","guid":{"rendered":"https:\/\/www.europesays.com\/fi\/130759\/"},"modified":"2026-01-01T14:19:08","modified_gmt":"2026-01-01T14:19:08","slug":"talta-nayttaa-chris-oneillin-sisko","status":"publish","type":"post","link":"https:\/\/www.europesays.com\/fi\/130759\/","title":{"rendered":"T\u00e4lt\u00e4 n\u00e4ytt\u00e4\u00e4 Chris O&#8217;Neillin sisko"},"content":{"rendered":"<p>            Shutterstock\/All Over Press\n        <\/p>\n<p class=\"subtitle \">Chrisin siskot ovat hekin p\u00e4\u00e4tyneet siniverisiin avioliittoihin.<\/p>\n<p class=\"article-content article-content-width !bg-background\">Prinsessa\u00a0puoliso\u00a0on el\u00e4nyt aikuisen el\u00e4m\u00e4ns\u00e4 liikemiehen\u00e4, sijoittamisen ja bisneksien maailmassa. Ennen nykyist\u00e4 uraansa h\u00e4n kuitenkin kasvoi sosialiittipiireiss\u00e4 It\u00e4vallassa, Lontoossa ja Saksassa.<\/p>\n<p class=\"font-weight-bold m-font-weight-bold article-content article-content-width !bg-background\">Arkistovideo: Yrmy-Chris n\u00e4htiin prinsessa Adriennen ty\u00f6keikalla<\/p>\n<p class=\"article-content article-content-width !bg-background\">Chris on sijoittajapankkiiri\u00a0\u00a0ja\u00a0\u00a0ainoa yhteinen lapsi. Is\u00e4ns\u00e4 puolelta h\u00e4nell\u00e4 on kolme siskoa ja \u00e4itins\u00e4 puolelta kaksi;\u00a0\u00a0ja\u00a0.<\/p>\n<p class=\"article-content article-content-width !bg-background\">Tatjana on pit\u00e4nyt el\u00e4m\u00e4ns\u00e4 varsin yksityisen\u00e4, mutta h\u00e4nen tiedet\u00e4\u00e4n p\u00e4\u00e4sseen el\u00e4m\u00e4ss\u00e4\u00e4n siniveriseen sukuun. H\u00e4n on naimisissa brittil\u00e4isen aatelismiehen\u00a0kanssa.<\/p>\n<p class=\"article-content article-content-width !bg-background\">Lehtitietojen mukaan parilla on kolme lasta, ja he asuvat Cambridgen hienostoalueella.<\/p>\n<p>        <a itemprop=\"url\" href=\"https:\/\/www.seiska.fi\/kuninkaalliset\/surulliset-epailykset-madeleinesta-ja-chris-oneillista-ovat-totta\/1605470\" rel=\"nofollow noopener\" target=\"_blank\"><\/p>\n<p>\nTiedot hovista\n<\/p>\n<p class=\"section-date\">\n        <strong class=\"article-section\" data-section=\"kuninkaalliset\"><br \/>\n            kuninkaalliset<br \/>\n        <\/strong><br \/>\n        6.2.2025 21:00\n    <\/p>\n<p>Surulliset ep\u00e4ilykset Madeleinesta ja Chris O&#8217;Neillist\u00e4 ovat totta\n    <\/p>\n<p itemprop=\"description\" class=\"subtitle \">\n    Chris ja Madde muuttivat Yhdysvalloista Ruotsiin viime kes\u00e4n\u00e4.\n<\/p>\n<p>        <\/a><\/p>\n<p>Taiteelliset yritt\u00e4j\u00e4t<\/p>\n<p class=\"article-content article-content-width !bg-background\">Natascha on h\u00e4nkin avioitunut aatelissukuun. H\u00e4n on naimisissa it\u00e4valtalaisen Abensberg-Traunin kreivi\u00a0kanssa. Heill\u00e4 on v\u00e4itetysti nelj\u00e4 lasta, joista jokaisella on kreivin ja kreivitt\u00e4ren tittelit.<\/p>\n<p class=\"article-content article-content-width !bg-background\">Nataschan tyt\u00e4r\u00a0on luonut itselleen uran sosiaalisessa mediassa, ja Instagram-sivuillaan h\u00e4n markkinoi psykedeelisieni\u00e4 k\u00e4sittelev\u00e4\u00e4 blogia.<\/p>\n<p class=\"article-content article-content-width !bg-background\">Natascha puolestaan on kanavoinut taiteellisuutensa huonekaluyritt\u00e4jyyteen. H\u00e4n kunnostaa vintage-huonekaluja, ja h\u00e4nen verkkokauppansa Maison Daichi myy langasta valmistettuja lampunvarjostimia.<\/p>\n<p class=\"article-content article-content-width !bg-background\">Somessa aktiivisen Nataschan on saatu huomata olevan hyviss\u00e4 v\u00e4leiss\u00e4 prinsessa Madeleinen kanssa. H\u00e4n on usein heti ensimm\u00e4isten joukossa kommentoimassa k\u00e4lyns\u00e4 Instagram-julkaisuja kannustavasti.<\/p>\n<p>        <a itemprop=\"url\" href=\"https:\/\/www.seiska.fi\/kuninkaalliset\/prinsessa-madeleinelta-kylmaa-kohtelua-sofialle-someraivo-repesi\/1616548\" rel=\"nofollow noopener\" target=\"_blank\"><\/p>\n<p>\nSomeraivo repesi\n<\/p>\n<p class=\"section-date\">\n        <strong class=\"article-section\" data-section=\"kuninkaalliset\"><br \/>\n            kuninkaalliset<br \/>\n        <\/strong><br \/>\n        18.2.2025 10:31\n    <\/p>\n<p>Prinsessa Madeleinelta kylm\u00e4\u00e4 kohtelua Sofialle \u2013 someraivo repesi\n    <\/p>\n<p itemprop=\"description\" class=\"subtitle \">\n    Prinsessa Madeleinen sanavalinta her\u00e4tti fanien huomion ja n\u00e4rk\u00e4styksen.\n<\/p>\n<p>        <\/a><\/p>\n<p>                <img decoding=\"async\" src=\"https:\/\/www.europesays.com\/fi\/wp-content\/uploads\/2026\/01\/2033285.webp.jpeg\" width=\"576\" height=\"720\" alt=\"Milana, Eva O'Neill ja Natascha Salzburg-festivaaleilla vuonna 2021.\" loading=\"lazy\" \/>            <\/p>\n<p>\n            Milana, Eva O&#8217;Neill ja Natascha Salzburg-festivaaleilla vuonna 2021.<br \/>\n            imago sport \/ AOP\n        <\/p>\n","protected":false},"excerpt":{"rendered":"Shutterstock\/All Over Press Chrisin siskot ovat hekin p\u00e4\u00e4tyneet siniverisiin avioliittoihin. Prinsessa\u00a0puoliso\u00a0on el\u00e4nyt aikuisen el\u00e4m\u00e4ns\u00e4 liikemiehen\u00e4, sijoittamisen ja bisneksien&hellip;\n","protected":false},"author":2,"featured_media":130760,"comment_status":"","ping_status":"","sticky":false,"template":"","format":"standard","meta":{"footnotes":""},"categories":[136],"tags":[407,20844,137,33,31,30,408,212,23137,3431,2274,23139,32,23138,109],"class_list":{"0":"post-130759","1":"post","2":"type-post","3":"status-publish","4":"format-standard","5":"has-post-thumbnail","7":"category-julkkikset","8":"tag-celebrities","9":"tag-chris-oneill","10":"tag-entertainment","11":"tag-fi","12":"tag-finland","13":"tag-finnish","14":"tag-julkkikset","15":"tag-lifestyle","16":"tag-natascha-traun","17":"tag-prinsessa-madeleine","18":"tag-ruotsin-kuninkaalliset","19":"tag-siniveriset-avioliitot","20":"tag-suomi","21":"tag-tatjana-dabo","22":"tag-viihde"},"share_on_mastodon":{"url":"https:\/\/pubeurope.com\/@fi\/115820282674993665","error":""},"_links":{"self":[{"href":"https:\/\/www.europesays.com\/fi\/wp-json\/wp\/v2\/posts\/130759","targetHints":{"allow":["GET"]}}],"collection":[{"href":"https:\/\/www.europesays.com\/fi\/wp-json\/wp\/v2\/posts"}],"about":[{"href":"https:\/\/www.europesays.com\/fi\/wp-json\/wp\/v2\/types\/post"}],"author":[{"embeddable":true,"href":"https:\/\/www.europesays.com\/fi\/wp-json\/wp\/v2\/users\/2"}],"replies":[{"embeddable":true,"href":"https:\/\/www.europesays.com\/fi\/wp-json\/wp\/v2\/comments?post=130759"}],"version-history":[{"count":0,"href":"https:\/\/www.europesays.com\/fi\/wp-json\/wp\/v2\/posts\/130759\/revisions"}],"wp:featuredmedia":[{"embeddable":true,"href":"https:\/\/www.europesays.com\/fi\/wp-json\/wp\/v2\/media\/130760"}],"wp:attachment":[{"href":"https:\/\/www.europesays.com\/fi\/wp-json\/wp\/v2\/media?parent=130759"}],"wp:term":[{"taxonomy":"category","embeddable":true,"href":"https:\/\/www.europesays.com\/fi\/wp-json\/wp\/v2\/categories?post=130759"},{"taxonomy":"post_tag","embeddable":true,"href":"https:\/\/www.europesays.com\/fi\/wp-json\/wp\/v2\/tags?post=130759"}],"curies":[{"name":"wp","href":"https:\/\/api.w.org\/{rel}","templated":true}]}}