{"id":130763,"date":"2026-01-01T14:24:08","date_gmt":"2026-01-01T14:24:08","guid":{"rendered":"https:\/\/www.europesays.com\/fi\/130763\/"},"modified":"2026-01-01T14:24:08","modified_gmt":"2026-01-01T14:24:08","slug":"tallainen-on-elokuvavuosi-2026-il-esittelee","status":"publish","type":"post","link":"https:\/\/www.europesays.com\/fi\/130763\/","title":{"rendered":"T\u00e4llainen on elokuvavuosi 2026 \u2013 IL esittelee"},"content":{"rendered":"<p>Iltalehti esittelee vuoden 2026 kiinnostavimmat uutuusfilmit. Edess\u00e4 on suurten spektaakkelien vuosi.<\/p>\n<p><img decoding=\"async\" class=\"image image-show image-preview\" src=\"https:\/\/www.europesays.com\/fi\/wp-content\/uploads\/2026\/01\/1429b0da609f5e70a1348c48d56c47f35222267cc4d1fcf1abcb9db1e609d1f1.jpg\" alt=\"\"\/><img decoding=\"async\" class=\"image image-show\" src=\"https:\/\/www.europesays.com\/fi\/wp-content\/uploads\/2026\/01\/1767277448_347_1429b0da609f5e70a1348c48d56c47f35222267cc4d1fcf1abcb9db1e609d1f1.jpg\" alt=\"\"\/><\/p>\n<p>Kalevala-suurelokuvan budjetiksi on arvioitu l\u00e4hes viisi miljoonaa euroa. MAREK SABOGAL<\/p>\n<p class=\"paragraph\">Elokuvavuosi 2026 k\u00e4ynnistyy komeasti, kun kotimainen visuaalisesti kunnianhimoinen toimintaseikkailu Kalevala: Kullervon tarina saa ensi-iltansa 16. tammikuuta. <strong>Antti J. Jokisen<\/strong> ohjaamaa elokuvaa t\u00e4hditt\u00e4v\u00e4t muiden muassa <strong>Elias Salonen<\/strong>, <strong>Eero Aho<\/strong>, <strong>Ilkka Koivula<\/strong> ja <strong>Krista Kosonen<\/strong>. Pian siis n\u00e4hd\u00e4\u00e4n, milt\u00e4 n\u00e4ytt\u00e4\u00e4 2020-luvulle tuotu Kalevala.<\/p>\n<p class=\"paragraph\">Alkuvuosi tarjoilee lis\u00e4ksi muitakin kiinnostavia kotimaisia uutuuksia.<\/p>\n<p class=\"paragraph\">Helmikuussa nauruhermoja koetellaan, kun elokuvateattereihin saapuu Luottomies-elokuva: Lepoloma. Lapsille suunnattua seikkailua on luvassa helmikuussa <strong>Juha Wuolijoen<\/strong> Vinski 2 -elokuvan muodossa. Ja <strong>Kaija Koon<\/strong> el\u00e4m\u00e4kertaelokuva Kaunis rietas onnellinen n\u00e4hd\u00e4\u00e4n my\u00f6s helmikuussa. Kaija Koon roolissa hurmaa Jussi-palkittu <strong>Oona Airola<\/strong>.<\/p>\n<p class=\"paragraph\">Huhtikuussa saa ensi-iltansa puolestaan Orava, erikoinen ja absurdi suomalainen tieteiselokuva, joka kertoo miehest\u00e4, naisesta ja oravasta. Elokuvan p\u00e4\u00e4osissa n\u00e4hd\u00e4\u00e4n <strong>Miro Lopperi<\/strong> ja <strong>Mimosa Willamo<\/strong>.<\/p>\n<p>Hollywoodin j\u00e4ttil\u00e4iset<\/p>\n<p class=\"paragraph\">2026 on my\u00f6s vuosi, jolloin Hollywoodin suuret ohjaajat tekev\u00e4t paluun. Luvassa on nimitt\u00e4in kolme pitk\u00e4\u00e4n odotettua spektaakkelia <strong>Steven Spielbergilt\u00e4<\/strong>, <strong>Christopher Nolanilta<\/strong> ja <strong>Denis Villeneuvelta<\/strong>.<\/p>\n<p class=\"paragraph\">Spielberg on k\u00e4sitellyt avaruusolentoja jo uransa alkuajoista l\u00e4htien. Nyt 79-vuotias ohjaajamestari visioi mit\u00e4 tapahtuisi, jos koko maailma saisi tiet\u00e4\u00e4 avaruusolentojen olemassaolosta. Disclosure Day saa ensi-iltansa Suomessa 12. kes\u00e4kuuta.<\/p>\n<p class=\"paragraph\">Artikkeli jatkuu kuvan j\u00e4lkeen.<\/p>\n<p>Steven Spielberg pohtii uutuuselokuvassaan, miten maailma reagoisi avaruusolentoihin. AOP<\/p>\n<p class=\"paragraph\">Christopher Nolan on tarttunut kenties uransa suurimpaan haasteeseen, tuhansia vuosia sitten kirjoitetun <strong>Homeroksen<\/strong> eeppisen runoelman Odysseian filmatisointiin. Rahaa on palanut tiett\u00e4v\u00e4sti ainakin 250 miljoonaa dollaria, mutta koska kyseess\u00e4 on yksi viime vuosien odotetuimpia elokuvia, on todenn\u00e4k\u00f6ist\u00e4, ett\u00e4 Nolanilla on j\u00e4lleen k\u00e4siss\u00e4\u00e4n j\u00e4ttihitti. The Odyssey saa Suomen ensi-iltansa 17.7.<\/p>\n<p class=\"paragraph\">Denis Villeneuve piti lupauksensa ja ohjasi viel\u00e4 kolmannenkin Dyyni-elokuvan monien elokuvafanien riemuksi. Ymp\u00e4ri maailmankaikkeutta levitt\u00e4ytyneen ihmiskunnan sotaisasta tulevaisuudesta kertovan Dyyni-trilogian p\u00e4\u00e4t\u00f6sosan on arvioitu saavan ensi-iltansa joulukuussa, mutta se saattaa viel\u00e4 lykk\u00e4\u00e4nty\u00e4 vuodelle 2027.<\/p>\n<p class=\"paragraph\">Artikkeli jatkuu kuvan j\u00e4lkeen.<\/p>\n<p>Matt Damon n\u00e4hd\u00e4\u00e4n Odysseuksen roolissa Christopher Nolanin odotetussa j\u00e4ttispektaakkelissa. AOP<\/p>\n<p>Supert\u00e4hdet<\/p>\n<p class=\"paragraph\">Musiikin supert\u00e4hdet <strong>Elvis<\/strong> ja <strong>Michael Jackson<\/strong> n\u00e4hd\u00e4\u00e4n valkokankailla vuonna 2026. Elviksest\u00e4 kertova visuaalisesti pys\u00e4ytt\u00e4v\u00e4 dokumenttielokuva Epic: Elvis Presley in Concert saapuu Suomeen 20. helmikuuta. Pari vuotta sitten fiktioelokuvan Elviksest\u00e4 ohjanneen <strong>Baz Luhrmanin<\/strong> uutuus on siis vuosikymmenten takaisesta materiaalista koostettu dokumenttifilmi, jossa Elvis laulaa ja kertoo tarinansa tavalla, jollaista ei ole koettu aiemmin.<\/p>\n<p class=\"paragraph\">Elviksen ohella maailman menestyneimpiin artisteihin kuuluvan Michael Jacksonin el\u00e4m\u00e4ntarinan on ohjannut useista toimintafilmeist\u00e4 tuttu <strong>Antoine Fuqua<\/strong>. Hyvin poikkeuksellisen t\u00e4st\u00e4 fiktioelokuvasta tekee se, ett\u00e4 popin supert\u00e4hte\u00e4 esitt\u00e4\u00e4 t\u00e4m\u00e4n oma veljenpoika, <strong>Jaafar Jackson<\/strong>, 29. Michael saa ensi-iltansa Suomessa 24. huhtikuuta.<\/p>\n<p class=\"paragraph\">Artikkeli jatkuu kuvan j\u00e4lkeen.<\/p>\n<p>Jaafar Jackson n\u00e4ytt\u00e4\u00e4 kielt\u00e4m\u00e4tt\u00e4 paljon sed\u00e4lt\u00e4\u00e4n Michael Jacksonilta. AOP<\/p>\n<p>Vuoden yll\u00e4tt\u00e4j\u00e4<\/p>\n<p class=\"paragraph\">Viime vuoden elokuvatapaus oli yli kolmetuntinen <strong>Brady Corbetin<\/strong> ohjaama The Brutalist, jonka amerikkalainen Corbet oli k\u00e4sikirjoittanut yhdess\u00e4 norjalaisen puolisonsa Mona Fastvoldin kanssa. Nyt osat ovat vaihtuneet. Corbet ja Fastvold ovat j\u00e4lleen k\u00e4sikirjoittaneet uuden elokuvansa yhdess\u00e4, mutta t\u00e4ll\u00e4 kertaa sen ohjauksesta vastaa Mona Fastvold.<\/p>\n<p class=\"paragraph\">Kyseess\u00e4 on tositapahtumien innoittama musiikkielokuva The Testament of Ann Lee, jota on ehditty jo hehkuttaa yhdeksi vuoden suurimmista yll\u00e4tyshiteist\u00e4. Lahkojohtaja <strong>Ann Leen<\/strong> (1736\u20131784) roolissa n\u00e4hd\u00e4\u00e4n <strong>Amanda Seyfried<\/strong>. Elokuva saa Suomen ensi-iltansa 20. maaliskuuta. T\u00e4t\u00e4 ei kannata j\u00e4tt\u00e4\u00e4 v\u00e4liin.<\/p>\n<p class=\"paragraph\">Artikkeli jatkuu kuvan j\u00e4lkeen.<\/p>\n<p>Voittaako Amanda Seyfried jopa Oscar-palkinnon roolistaan laulavana lahkonjohtajana? AOP<\/p>\n<p>Useita jatko-osia<\/p>\n<p class=\"paragraph\">Tuttuun tapaan vuonna 2026 n\u00e4hd\u00e4\u00e4n my\u00f6s iso tukku jatko-osia.<\/p>\n<p class=\"paragraph\">Toy Storyn tarina jatkuu jo sarjan viidenness\u00e4 osassa, joka saa ensi-iltansa kes\u00e4kuussa.<\/p>\n<p class=\"paragraph\">Kauhuelokuvasarja Scream on sen sijaan edennyt jo seitsem\u00e4nteen osaansa, joka n\u00e4hd\u00e4\u00e4n Suomessa 27. helmikuuta.<\/p>\n<p class=\"paragraph\">T\u00e4htien sodan maailmaan sijoittuvan tv-sarja The Mandalorianin tarina jatkuu valkokankaalla elokuvassa The Mandalorian and Groku 20. toukokuuta.<\/p>\n<p class=\"paragraph\">Eik\u00e4 elokuvavuosi olisi tietenk\u00e4\u00e4n mit\u00e4\u00e4n ilman supersankarielokuvia. Supergirl singahtaa valkokankaille kes\u00e4kuussa, Spider-Man: Brand New Day n\u00e4hd\u00e4\u00e4n hein\u00e4kuussa ja Avengersien tarinaa jatkava Doomsday puolestaan joulukuussa.<\/p>\n<p>Iloinen komediatapaus<\/p>\n<p class=\"paragraph\">Ensimm\u00e4inen Perhe on painajainen -elokuva (Meet the Parents) valmistui yli 25 vuotta sitten.<\/p>\n<p class=\"paragraph\">Kukaan tuskin odotti, ett\u00e4 kaksi jatko-osaa saaneen komedian tarina saisi viel\u00e4 jatkoa n\u00e4in monen vuoden j\u00e4lkeen, mutta niinp\u00e4 vain nelj\u00e4s elokuva Fockerien perheen edesottamuksista on jo kuvattu ja sen ensi-iltaa on kaavailtu marraskuulle.<\/p>\n<p class=\"paragraph\">Focker In-Law -nimen saaneen filmin p\u00e4\u00e4rooleissa n\u00e4hd\u00e4\u00e4n j\u00e4lleen aiemmista elokuvista tutut <strong>Robet De Niro<\/strong>, <strong>Ben Stiller<\/strong>, <strong>Teri Polo<\/strong> ja <strong>Blythe Danner<\/strong>.<\/p>\n","protected":false},"excerpt":{"rendered":"Iltalehti esittelee vuoden 2026 kiinnostavimmat uutuusfilmit. Edess\u00e4 on suurten spektaakkelien vuosi. Kalevala-suurelokuvan budjetiksi on arvioitu l\u00e4hes viisi miljoonaa&hellip;\n","protected":false},"author":2,"featured_media":130764,"comment_status":"","ping_status":"","sticky":false,"template":"","format":"standard","meta":{"footnotes":""},"categories":[131],"tags":[35,153,2234,155,137,33,173,31,30,172,154,32,485,140,156,109],"class_list":{"0":"post-130763","1":"post","2":"type-post","3":"status-publish","4":"format-standard","5":"has-post-thumbnail","7":"category-elokuvat","8":"tag-24h","9":"tag-audiovisuaalinen-media","10":"tag-elokuvagenre","11":"tag-elokuvat","12":"tag-entertainment","13":"tag-fi","14":"tag-film","15":"tag-finland","16":"tag-finnish","17":"tag-movies","18":"tag-nayttelijat-teatteri","19":"tag-suomi","20":"tag-taide-yleista","21":"tag-tv-ja-elokuvat","22":"tag-tv","23":"tag-viihde"},"share_on_mastodon":{"url":"https:\/\/pubeurope.com\/@fi\/115820302338510195","error":""},"_links":{"self":[{"href":"https:\/\/www.europesays.com\/fi\/wp-json\/wp\/v2\/posts\/130763","targetHints":{"allow":["GET"]}}],"collection":[{"href":"https:\/\/www.europesays.com\/fi\/wp-json\/wp\/v2\/posts"}],"about":[{"href":"https:\/\/www.europesays.com\/fi\/wp-json\/wp\/v2\/types\/post"}],"author":[{"embeddable":true,"href":"https:\/\/www.europesays.com\/fi\/wp-json\/wp\/v2\/users\/2"}],"replies":[{"embeddable":true,"href":"https:\/\/www.europesays.com\/fi\/wp-json\/wp\/v2\/comments?post=130763"}],"version-history":[{"count":0,"href":"https:\/\/www.europesays.com\/fi\/wp-json\/wp\/v2\/posts\/130763\/revisions"}],"wp:featuredmedia":[{"embeddable":true,"href":"https:\/\/www.europesays.com\/fi\/wp-json\/wp\/v2\/media\/130764"}],"wp:attachment":[{"href":"https:\/\/www.europesays.com\/fi\/wp-json\/wp\/v2\/media?parent=130763"}],"wp:term":[{"taxonomy":"category","embeddable":true,"href":"https:\/\/www.europesays.com\/fi\/wp-json\/wp\/v2\/categories?post=130763"},{"taxonomy":"post_tag","embeddable":true,"href":"https:\/\/www.europesays.com\/fi\/wp-json\/wp\/v2\/tags?post=130763"}],"curies":[{"name":"wp","href":"https:\/\/api.w.org\/{rel}","templated":true}]}}