{"id":130767,"date":"2026-01-01T14:27:11","date_gmt":"2026-01-01T14:27:11","guid":{"rendered":"https:\/\/www.europesays.com\/fi\/130767\/"},"modified":"2026-01-01T14:27:11","modified_gmt":"2026-01-01T14:27:11","slug":"nailla-sanoilla-mika-salon-ja-annica-puolison-avioero-peruttiin","status":"publish","type":"post","link":"https:\/\/www.europesays.com\/fi\/130767\/","title":{"rendered":"N\u00e4ill\u00e4 sanoilla Mika Salon ja Annica-puolison avioero peruttiin"},"content":{"rendered":"<p>Aviopari perui erohakemuksensa kahdella viestill\u00e4.<\/p>\n<p class=\"article-body mb-nof-24 px-nof-16\">Entinen F1-kuski <a class=\"font-bold underline-offset-[0.12em] [text-decoration:var(--person-link-text-decoration)] ![text-decoration-color:var(--person-link-text-decoration-color)]\" href=\"https:\/\/www.is.fi\/haku\/?query=Mika%20Salo\" rel=\"nofollow noopener\" target=\"_blank\">Mika Salo<\/a> ja h\u00e4nen puolisonsa <a class=\"font-bold underline-offset-[0.12em] [text-decoration:var(--person-link-text-decoration)] ![text-decoration-color:var(--person-link-text-decoration-color)]\" href=\"https:\/\/www.is.fi\/haku\/?query=Annica%20Salo\" rel=\"nofollow noopener\" target=\"_blank\">Annica Salo<\/a> peruivat avioerohakemuksensa s\u00e4hk\u00f6postiviestill\u00e4.<\/p>\n<p class=\"article-body mb-nof-24 px-nof-16\">Aviopari j\u00e4tti erohakemuksen L\u00e4nsi-Uudenmaan k\u00e4r\u00e4j\u00e4oikeuteen yhdess\u00e4 17. joulukuuta. Vain muutaman p\u00e4iv\u00e4n j\u00e4lkeen Annica Salo l\u00e4hetti k\u00e4r\u00e4j\u00e4oikeuteen viestin, jossa h\u00e4n pyyt\u00e4\u00e4 hakemuksen perumista.<\/p>\n<p class=\"article-body mb-nof-24 px-nof-16\">Viesti on l\u00e4hetetty maanantaina 22. joulukuuta kello 0.03.<\/p>\n<p class=\"article-body mb-nof-24 px-nof-16\">\u2013 Hei. Haluaisimme kuitenkin viel\u00e4 perua t\u00e4m\u00e4n hakemuksen. Pahoittelut ylim\u00e4\u00e4r\u00e4isest\u00e4 vaivasta. Yt. Annica Salo, k\u00e4r\u00e4j\u00e4oikeuteen l\u00e4hetetyss\u00e4 viestiss\u00e4 lukee.<\/p>\n<p class=\"article-body mb-nof-24 px-nof-16\">Kaksi minuuttia Annica Salon viestin j\u00e4lkeen Mika Salo on kirjoittanut:<\/p>\n<p class=\"article-body mb-nof-24 px-nof-16\">\u2013 Samaa mielt\u00e4. Kiitos. Mika Salo.<\/p>\n<p><img decoding=\"async\" src=\"https:\/\/www.europesays.com\/fi\/wp-content\/uploads\/2026\/01\/1767277631_320_468.jpg\" alt=\"Avioparilla ei ole yhteisi\u00e4 lapsia. Mika Salossa on kaksi lasta entisen puolisonsa Noriko Salon kanssa, ja Annica Salolla on kolme lasta entuudestaan.\" class=\"_Img_1rerz_1\" style=\"aspect-ratio:1.5\" loading=\"eager\"\/><\/p>\n<p class=\"article-picture-caption\">Avioparilla ei ole yhteisi\u00e4 lapsia. Mika Salossa on kaksi lasta entisen puolisonsa Noriko Salon kanssa, ja Annica Salolla on kolme lasta entuudestaan. Kuva:\u00a0JUSSI HELTTUNEN<\/p>\n<p class=\"article-body mb-nof-24 px-nof-16\">Syksyll\u00e4 2023 avioitunut pari haki joulukuussa eroa ja pyysi, ett\u00e4 heid\u00e4t tuomitaan avioeroon ilman harkinta-aikaa, koska olivat asuneet erill\u00e4\u00e4n keskeytyksess\u00e4 viimeiset kaksi vuotta.<\/p>\n<p class=\"article-body mb-nof-24 px-nof-16\">Annica Salo kommentoi erop\u00e4\u00e4t\u00f6st\u00e4 asiasta ensimm\u00e4isen\u00e4 uutisoineelle <a class=\"underline underline-offset-[0.12em] [text-decoration-thickness:var(--generic-link-underline-thickness)] [text-decoration-color:var(--generic-link-underline-color)] [text-decoration-skip-ink:var(--generic-link-underline-skip-ink)] break-words\" href=\"https:\/\/www.is.fi\/menaiset\/ihmiset-ja-suhteet\/art-2000011704332.html\" rel=\"nofollow noopener\" target=\"_blank\">Me Naisille<\/a>.<\/p>\n<p class=\"article-body mb-nof-24 px-nof-16\">\u2013 En tied\u00e4, mit\u00e4 sanoa. Syd\u00e4meni on s\u00e4rkynyt. L\u00f6ysin el\u00e4m\u00e4ni rakkauden. Ihmisen jonka kanssa halusin jakaa kaiken ja viett\u00e4\u00e4 lopun el\u00e4m\u00e4\u00e4ni yhdess\u00e4. Uskoin, toivoin ja rakastin. Yli kaiken vain rakastin, h\u00e4n sanoi lehdelle.<\/p>\n<p class=\"article-body mb-nof-24 px-nof-16\">\u2013 Mika tulee kulkemaan syd\u00e4mess\u00e4ni niiss\u00e4 murusissa, mit\u00e4 j\u00e4i.<\/p>\n<p class=\"article-body mb-nof-24 px-nof-16\">Kolme p\u00e4iv\u00e4\u00e4 erouutisen j\u00e4lkeen Mika Salo kertoi <a class=\"underline underline-offset-[0.12em] [text-decoration-thickness:var(--generic-link-underline-thickness)] [text-decoration-color:var(--generic-link-underline-color)] [text-decoration-skip-ink:var(--generic-link-underline-skip-ink)] break-words\" href=\"https:\/\/www.is.fi\/menaiset\/ihmiset-ja-suhteet\/art-2000011708783.html\" rel=\"nofollow noopener\" target=\"_blank\">Me Naisille<\/a>, ettei pari sittenk\u00e4\u00e4n eroa. H\u00e4nen mukaansa eroaikeiden taustalla oli ollut koko kulunut vuosi, joka oli ollut parille erityisen raskas.<\/p>\n<p class=\"article-body mb-nof-24 px-nof-16\">\u2013 Ymp\u00e4rill\u00e4mme on tapahtunut paljon asioita, joihin emme ole pystyneet vaikuttamaan. Ne ovat sy\u00f6neet parisuhdettamme ja vieneet meilt\u00e4 valtavasti energiaa, Salo kertoi Me Naisille.<\/p>\n<p class=\"article-body mb-nof-24 px-nof-16\">\u2013 Emme ole osanneet olla toistemme tukena.<\/p>\n<p class=\"article-body mb-nof-24 px-nof-16\">Mika Salo kertoi ottavansa vastuun tapahtuneesta. H\u00e4n kertoi, ett\u00e4 on ollut ajattelematon ja tehnyt virheit\u00e4, joita h\u00e4n katuu.<\/p>\n<p class=\"article-body mb-nof-24 px-nof-16\">\u2013 Pyyd\u00e4n anteeksi sit\u00e4 rakkaalta vaimoltani.<\/p>\n<p class=\"article-body mb-nof-24 px-nof-16\">Salot saivat sovittua joulua edelt\u00e4v\u00e4n\u00e4 viikonloppuna ja p\u00e4\u00e4ttiv\u00e4t uskoa, ett\u00e4 rakkaus voittaa vaikeudet.<\/p>\n<p><img decoding=\"async\" src=\"https:\/\/www.europesays.com\/fi\/wp-content\/uploads\/2026\/01\/1767277631_278_468.jpg\" alt=\"Annica Salo on aiemmin kertonut, ett\u00e4 h\u00e4n on rakastunut Mika Salossa t\u00e4m\u00e4n \u201dtodella huonoon huumoriin\u201d.\" class=\"_Img_1rerz_1\" style=\"aspect-ratio:0.8125\" loading=\"eager\"\/><\/p>\n<p class=\"article-picture-caption\">Annica Salo on aiemmin kertonut, ett\u00e4 h\u00e4n on rakastunut Mika Salossa t\u00e4m\u00e4n \u201dtodella huonoon huumoriin\u201d. Kuva:\u00a0Seppo K\u00e4rki \/ IS<\/p>\n<p class=\"article-body mb-nof-24 px-nof-16\">Avioerohakemuksen peruminen n\u00e4in nopeasti ei ole kovin yleist\u00e4. Julkisuudenhenkil\u00f6ist\u00e4 esimerkiksi Erikoisjoukot-kouluttaja <a class=\"font-bold underline-offset-[0.12em] [text-decoration:var(--person-link-text-decoration)] ![text-decoration-color:var(--person-link-text-decoration-color)]\" href=\"https:\/\/www.is.fi\/haku\/?query=Janne%20Lehtosen\" rel=\"nofollow noopener\" target=\"_blank\">Janne Lehtosen<\/a> ja h\u00e4nen puolisonsa erohakemus raukesi, kun pari ei toimittanut toisen vaiheen hakemusta m\u00e4\u00e4r\u00e4p\u00e4iv\u00e4\u00e4n 10. marraskuuta menness\u00e4.<\/p>\n<p class=\"article-body mb-nof-24 px-nof-16\">Syyskuussa 2023 <a class=\"font-bold underline-offset-[0.12em] [text-decoration:var(--person-link-text-decoration)] ![text-decoration-color:var(--person-link-text-decoration-color)]\" href=\"https:\/\/www.is.fi\/haku\/?query=Karita%20Tyk%C3%A4n\" rel=\"nofollow noopener\" target=\"_blank\">Karita Tyk\u00e4n<\/a> puoliso <a class=\"font-bold underline-offset-[0.12em] [text-decoration:var(--person-link-text-decoration)] ![text-decoration-color:var(--person-link-text-decoration-color)]\" href=\"https:\/\/www.is.fi\/haku\/?query=Petri%20Tykk%C3%A4\" rel=\"nofollow noopener\" target=\"_blank\">Petri Tykk\u00e4<\/a> haki avioeroa yksin, mutta perui hakemuksensa kuusi p\u00e4iv\u00e4\u00e4 my\u00f6hemmin. Maaliskuussa 2025 Karita Tykk\u00e4 j\u00e4tti erohakemuksen, joka oli joulukuun lopulla edelleen vireill\u00e4.<\/p>\n<p class=\"article-body mb-nof-24 px-nof-16\">Annica ja Mika Salo tapasivat toisensa sosiaalisessa mediassa vuonna 2021. Annica Salo ajautui entisen formulakuskin Instagram-profiiliin ja tykk\u00e4ili t\u00e4m\u00e4n koira-aiheisista julkaisuista, sill\u00e4 h\u00e4n harkitsi oman koiran hankkimista.<\/p>\n<p class=\"article-body mb-nof-24 px-nof-16\">H\u00e4n on kertonut, ettei tajunnut, kuka kuvien julkaisija oli. Pian Mika Salo l\u00e4hetti naiselle viestin ja he meniv\u00e4t treffeille.<\/p>\n<p class=\"article-body mb-nof-24 px-nof-16\">Tapaamisen aikaan kumpikin oli eronnut hiljattain ja etsi uutta parisuhdetta. Kaksikko alkoi seurustella ja kihlautuivat kes\u00e4ll\u00e4 2022.<\/p>\n","protected":false},"excerpt":{"rendered":"Aviopari perui erohakemuksensa kahdella viestill\u00e4. Entinen F1-kuski Mika Salo ja h\u00e4nen puolisonsa Annica Salo peruivat avioerohakemuksensa s\u00e4hk\u00f6postiviestill\u00e4. Aviopari&hellip;\n","protected":false},"author":2,"featured_media":130768,"comment_status":"","ping_status":"","sticky":false,"template":"","format":"standard","meta":{"footnotes":""},"categories":[130],"tags":[137,33,31,30,34,32,109],"class_list":{"0":"post-130767","1":"post","2":"type-post","3":"status-publish","4":"format-standard","5":"has-post-thumbnail","7":"category-viihde","8":"tag-entertainment","9":"tag-fi","10":"tag-finland","11":"tag-finnish","12":"tag-ilta-sanomat","13":"tag-suomi","14":"tag-viihde"},"share_on_mastodon":{"url":"https:\/\/pubeurope.com\/@fi\/115820314197865664","error":""},"_links":{"self":[{"href":"https:\/\/www.europesays.com\/fi\/wp-json\/wp\/v2\/posts\/130767","targetHints":{"allow":["GET"]}}],"collection":[{"href":"https:\/\/www.europesays.com\/fi\/wp-json\/wp\/v2\/posts"}],"about":[{"href":"https:\/\/www.europesays.com\/fi\/wp-json\/wp\/v2\/types\/post"}],"author":[{"embeddable":true,"href":"https:\/\/www.europesays.com\/fi\/wp-json\/wp\/v2\/users\/2"}],"replies":[{"embeddable":true,"href":"https:\/\/www.europesays.com\/fi\/wp-json\/wp\/v2\/comments?post=130767"}],"version-history":[{"count":0,"href":"https:\/\/www.europesays.com\/fi\/wp-json\/wp\/v2\/posts\/130767\/revisions"}],"wp:featuredmedia":[{"embeddable":true,"href":"https:\/\/www.europesays.com\/fi\/wp-json\/wp\/v2\/media\/130768"}],"wp:attachment":[{"href":"https:\/\/www.europesays.com\/fi\/wp-json\/wp\/v2\/media?parent=130767"}],"wp:term":[{"taxonomy":"category","embeddable":true,"href":"https:\/\/www.europesays.com\/fi\/wp-json\/wp\/v2\/categories?post=130767"},{"taxonomy":"post_tag","embeddable":true,"href":"https:\/\/www.europesays.com\/fi\/wp-json\/wp\/v2\/tags?post=130767"}],"curies":[{"name":"wp","href":"https:\/\/api.w.org\/{rel}","templated":true}]}}