{"id":130771,"date":"2026-01-01T14:31:09","date_gmt":"2026-01-01T14:31:09","guid":{"rendered":"https:\/\/www.europesays.com\/fi\/130771\/"},"modified":"2026-01-01T14:31:09","modified_gmt":"2026-01-01T14:31:09","slug":"new-york-saa-uuden-pormestarin-nuoresta-sosialistista-uutissuomalainen-2","status":"publish","type":"post","link":"https:\/\/www.europesays.com\/fi\/130771\/","title":{"rendered":"New York saa uuden pormestarin nuoresta sosialistista | Uutissuomalainen"},"content":{"rendered":"<p>New York saa uuden pormestarin, kun 34-vuotias Zohran Mamdani vannoo virkavalansa vuoden vaihtuessa Yhdysvaltain it\u00e4rannikolla.<\/p>\n<p>Itse\u00e4\u00e4n demokraattiseksi sosialistiksi luonnehtiva Mamdani on nopeasti noussut Yhdysvalloissa politiikan t\u00e4hdeksi. Vaalikamppailussaan h\u00e4n korosti tarvetta alentaa New Yorkin korkeita elinkustannuksia, kuten kalliita vuokria ja p\u00e4iv\u00e4hoitomaksuja sek\u00e4 julkisen liikenteen ja ruuan hintaa. H\u00e4n olisi valmis korottamaan sek\u00e4 yritysten ett\u00e4 varakkaimpien verotusta. <\/p>\n<p>Yhdysvaltain demokraattipuolueen vasenta laitaa edustava Mamdani on profiloitunut my\u00f6s palestiinalaisten tukijana. H\u00e4n on kaupungin ensimm\u00e4inen muslimitaustainen pormestari.<\/p>\n<p>Ugandassa syntynyt Mamdani sai Yhdysvaltain kansalaisuuden vasta vuonna 2018, vaikka muuttikin jo lapsena New Yorkiin. Mamdanin vanhemmat ovat intialaistaustaisia.<\/p>\n<p>Mamdani on aiemmin ty\u00f6skennellyt asuntoneuvojana, jonka teht\u00e4viin kuului muun muassa pakkohuutokauppojen est\u00e4minen ja pienituloisten auttaminen asuntomarkkinoilla. H\u00e4nell\u00e4 on nuoruudessaan taustaa my\u00f6s hiphop-muusikkona.<\/p>\n<p>Mamdanin \u00e4iti on menestynyt elokuvaohjaaja Mira Nair ja is\u00e4 Columbian yliopiston professori Mahmood Mamdani. Zohran Mamdani avioitui viime vuonna taiteilija Rama Duwajin kanssa.<\/p>\n","protected":false},"excerpt":{"rendered":"New York saa uuden pormestarin, kun 34-vuotias Zohran Mamdani vannoo virkavalansa vuoden vaihtuessa Yhdysvaltain it\u00e4rannikolla. Itse\u00e4\u00e4n demokraattiseksi sosialistiksi&hellip;\n","protected":false},"author":2,"featured_media":130772,"comment_status":"","ping_status":"","sticky":false,"template":"","format":"standard","meta":{"footnotes":""},"categories":[14],"tags":[22,23,26,27,33,31,30,17,24,25,28,29,3018,15,18,21,142,637,886,32,398,19,20,56,16,2196,59,60,61,2747],"class_list":{"0":"post-130771","1":"post","2":"type-post","3":"status-publish","4":"format-standard","5":"has-post-thumbnail","7":"category-ulkomaat","8":"tag-breaking-news","9":"tag-breakingnews","10":"tag-featured-news","11":"tag-featurednews","12":"tag-fi","13":"tag-finland","14":"tag-finnish","15":"tag-headlines","16":"tag-latest-news","17":"tag-latestnews","18":"tag-main-news","19":"tag-mainnews","20":"tag-muusikko","21":"tag-news","22":"tag-otsikot","23":"tag-paauutiset","24":"tag-poliitikot","25":"tag-politiikka","26":"tag-puolueet","27":"tag-suomi","28":"tag-taiteilija","29":"tag-top-stories","30":"tag-topstories","31":"tag-ulkomaat","32":"tag-uutiset","33":"tag-vaalit","34":"tag-world","35":"tag-world-news","36":"tag-worldnews","37":"tag-yhteiskunnalliset-tapahtumat"},"share_on_mastodon":{"url":"https:\/\/pubeurope.com\/@fi\/115820330113320571","error":""},"_links":{"self":[{"href":"https:\/\/www.europesays.com\/fi\/wp-json\/wp\/v2\/posts\/130771","targetHints":{"allow":["GET"]}}],"collection":[{"href":"https:\/\/www.europesays.com\/fi\/wp-json\/wp\/v2\/posts"}],"about":[{"href":"https:\/\/www.europesays.com\/fi\/wp-json\/wp\/v2\/types\/post"}],"author":[{"embeddable":true,"href":"https:\/\/www.europesays.com\/fi\/wp-json\/wp\/v2\/users\/2"}],"replies":[{"embeddable":true,"href":"https:\/\/www.europesays.com\/fi\/wp-json\/wp\/v2\/comments?post=130771"}],"version-history":[{"count":0,"href":"https:\/\/www.europesays.com\/fi\/wp-json\/wp\/v2\/posts\/130771\/revisions"}],"wp:featuredmedia":[{"embeddable":true,"href":"https:\/\/www.europesays.com\/fi\/wp-json\/wp\/v2\/media\/130772"}],"wp:attachment":[{"href":"https:\/\/www.europesays.com\/fi\/wp-json\/wp\/v2\/media?parent=130771"}],"wp:term":[{"taxonomy":"category","embeddable":true,"href":"https:\/\/www.europesays.com\/fi\/wp-json\/wp\/v2\/categories?post=130771"},{"taxonomy":"post_tag","embeddable":true,"href":"https:\/\/www.europesays.com\/fi\/wp-json\/wp\/v2\/tags?post=130771"}],"curies":[{"name":"wp","href":"https:\/\/api.w.org\/{rel}","templated":true}]}}