{"id":130788,"date":"2026-01-01T14:57:27","date_gmt":"2026-01-01T14:57:27","guid":{"rendered":"https:\/\/www.europesays.com\/fi\/130788\/"},"modified":"2026-01-01T14:57:27","modified_gmt":"2026-01-01T14:57:27","slug":"donald-trump-tyrmaa-vaitteet-ikaantymisesta-olen-huippukunnossa","status":"publish","type":"post","link":"https:\/\/www.europesays.com\/fi\/130788\/","title":{"rendered":"Donald Trump tyrm\u00e4\u00e4 v\u00e4itteet ik\u00e4\u00e4ntymisest\u00e4: Olen huippukunnossa"},"content":{"rendered":"<p class=\"ai-optimize-6 ai-optimize-introduction\">Yhdysvaltojen presidentti <strong>Donald Trumpin<\/strong> l\u00e4hipiirin mukaan h\u00e4n osoittaa i\u00e4n tuomia merkkej\u00e4 sek\u00e4 julkisuudessa ett\u00e4 yksityisel\u00e4m\u00e4ss\u00e4. T\u00e4ll\u00e4 hetkell\u00e4 79-vuotias Trump on vanhin presidentiksi astunut henkil\u00f6.<\/p>\n<p class=\"ai-optimize-6 ai-optimize-introduction\">Presidentin kerrotaan nukkuvan v\u00e4h\u00e4n ja h\u00e4nell\u00e4 sanotaan olevan vaikeuksia pysy\u00e4 hereill\u00e4 useissa Valkoisesta talosta televisioiduissa tilaisuuksissa. Lis\u00e4ksi h\u00e4nen avustajansa ja yst\u00e4v\u00e4ns\u00e4 kertovat, ett\u00e4 presidentin kuulo on huono, mink\u00e4 vuoksi h\u00e4nelle tulee puhua kovaan \u00e4\u00e4neen.<\/p>\n<p class=\"ai-optimize-727\">My\u00f6s presidentin ruokavalio, joka sis\u00e4lt\u00e4\u00e4 runsaasti suolaa ja rasvaa, on her\u00e4tt\u00e4nyt huolta.<\/p>\n<p class=\"ai-optimize-6 ai-optimize-introduction\">Presidentti kuitenkin kiist\u00e4\u00e4 v\u00e4itteet ik\u00e4\u00e4ntymisest\u00e4\u00e4n <a href=\"https:\/\/www.wsj.com\/us-news\/as-signs-of-aging-emerge-trump-responds-with-defiance-769c5dcd?st=dyQN6A&amp;reflink=article_copyURL_share\" target=\"_blank\" rel=\"noopener nofollow\">The Wall Street Journal<\/a> -lehden haastettelussa.<\/p>\n<p class=\"ai-optimize-6 ai-optimize-introduction\">Lis\u00e4ksi h\u00e4n ilmaisee \u00e4rsyyntymisens\u00e4 terveydentilastaan k\u00e4yt\u00e4v\u00e4\u00e4n keskusteluun. Trump pit\u00e4\u00e4 terveydentilaansa erinomaisena.<\/p>\n<p class=\"ai-optimize-732\">\u2013 Terveydentilani on t\u00e4ydellinen, h\u00e4n toteaa haastattelussa.<\/p>\n<p class=\"ai-optimize-724\">H\u00e4n lis\u00e4\u00e4 my\u00f6s, ettei noudata kaikkia l\u00e4\u00e4k\u00e4reiden neuvoja.<\/p>\n<p class=\"ai-optimize-724\">Trump esimerkiksi kertoo sy\u00f6v\u00e4ns\u00e4 enemm\u00e4n aspiriinia kuin h\u00e4nen l\u00e4\u00e4k\u00e4rins\u00e4 ovat suositelleet. H\u00e4n sanoo luopuneensa my\u00f6s nilkkojen turvotusta hillitsevien tukisukkien k\u00e4yt\u00f6st\u00e4, sill\u00e4 ei pit\u00e4nyt niist\u00e4.<\/p>\n<p class=\"ai-optimize-725\">Presidentti katuu laajojen kuvantamistutkimusten teett\u00e4mist\u00e4, sill\u00e4 pelk\u00e4\u00e4 sen her\u00e4tt\u00e4v\u00e4n ep\u00e4ilyksi\u00e4 h\u00e4nen terveydentilastaan.<\/p>\n<p class=\"ai-optimize-723\">\u2013 Olisin ollut paljon paremmassa asemassa, jos en olisi tehnyt sit\u00e4, koska se, ett\u00e4 menin tutkimuksiin, sai ihmiset ajattelemaan: \u2019Ai, onko jokin vialla?\u2019 No, mik\u00e4\u00e4n ei ole vialla, Trump kommentoi.<\/p>\n<p class=\"ai-optimize-728\">Trumpin l\u00e4\u00e4k\u00e4rin <strong>Sean Barbabellan<\/strong> mukaan presidentti on \u201dpoikkeuksellisen hyv\u00e4ss\u00e4 kunnossa ja t\u00e4ysin kykenev\u00e4 hoitamaan teht\u00e4v\u00e4ns\u00e4 ylip\u00e4\u00e4llikk\u00f6n\u00e4\u201d.<\/p>\n<p class=\"ai-optimize-731\">Presidentti kommentoi pyyt\u00e4neens\u00e4 henkil\u00f6kuntaansa muokkaamaan aikatauluaan siten, ett\u00e4 h\u00e4nell\u00e4 olisi v\u00e4hemm\u00e4n mutta sit\u00e4 t\u00e4rke\u00e4mpi\u00e4 tapaamisia, joihin h\u00e4n voisi keskitty\u00e4 paremmin.<\/p>\n<p class=\"ai-optimize-731\">T\u00e4t\u00e4 muutosta h\u00e4n ei kuitenkaan yhdist\u00e4 ik\u00e4\u00e4ns\u00e4, vaan ajank\u00e4yt\u00f6n tehostamiseen. Hallinnon edustajien mukaan tapaamisaikataulua ei ole toistaiseksi karsittu.<\/p>\n<p>Poimintoja videosis\u00e4ll\u00f6ist\u00e4mme<\/p>\n","protected":false},"excerpt":{"rendered":"Yhdysvaltojen presidentti Donald Trumpin l\u00e4hipiirin mukaan h\u00e4n osoittaa i\u00e4n tuomia merkkej\u00e4 sek\u00e4 julkisuudessa ett\u00e4 yksityisel\u00e4m\u00e4ss\u00e4. T\u00e4ll\u00e4 hetkell\u00e4 79-vuotias&hellip;\n","protected":false},"author":2,"featured_media":130789,"comment_status":"","ping_status":"","sticky":false,"template":"","format":"standard","meta":{"footnotes":""},"categories":[14],"tags":[22,23,26,27,33,31,30,17,24,25,28,29,15,18,21,32,19,20,56,16,59,60,61],"class_list":{"0":"post-130788","1":"post","2":"type-post","3":"status-publish","4":"format-standard","5":"has-post-thumbnail","7":"category-ulkomaat","8":"tag-breaking-news","9":"tag-breakingnews","10":"tag-featured-news","11":"tag-featurednews","12":"tag-fi","13":"tag-finland","14":"tag-finnish","15":"tag-headlines","16":"tag-latest-news","17":"tag-latestnews","18":"tag-main-news","19":"tag-mainnews","20":"tag-news","21":"tag-otsikot","22":"tag-paauutiset","23":"tag-suomi","24":"tag-top-stories","25":"tag-topstories","26":"tag-ulkomaat","27":"tag-uutiset","28":"tag-world","29":"tag-world-news","30":"tag-worldnews"},"share_on_mastodon":{"url":"https:\/\/pubeurope.com\/@fi\/115820432409249526","error":""},"_links":{"self":[{"href":"https:\/\/www.europesays.com\/fi\/wp-json\/wp\/v2\/posts\/130788","targetHints":{"allow":["GET"]}}],"collection":[{"href":"https:\/\/www.europesays.com\/fi\/wp-json\/wp\/v2\/posts"}],"about":[{"href":"https:\/\/www.europesays.com\/fi\/wp-json\/wp\/v2\/types\/post"}],"author":[{"embeddable":true,"href":"https:\/\/www.europesays.com\/fi\/wp-json\/wp\/v2\/users\/2"}],"replies":[{"embeddable":true,"href":"https:\/\/www.europesays.com\/fi\/wp-json\/wp\/v2\/comments?post=130788"}],"version-history":[{"count":0,"href":"https:\/\/www.europesays.com\/fi\/wp-json\/wp\/v2\/posts\/130788\/revisions"}],"wp:featuredmedia":[{"embeddable":true,"href":"https:\/\/www.europesays.com\/fi\/wp-json\/wp\/v2\/media\/130789"}],"wp:attachment":[{"href":"https:\/\/www.europesays.com\/fi\/wp-json\/wp\/v2\/media?parent=130788"}],"wp:term":[{"taxonomy":"category","embeddable":true,"href":"https:\/\/www.europesays.com\/fi\/wp-json\/wp\/v2\/categories?post=130788"},{"taxonomy":"post_tag","embeddable":true,"href":"https:\/\/www.europesays.com\/fi\/wp-json\/wp\/v2\/tags?post=130788"}],"curies":[{"name":"wp","href":"https:\/\/api.w.org\/{rel}","templated":true}]}}