{"id":130790,"date":"2026-01-01T14:58:07","date_gmt":"2026-01-01T14:58:07","guid":{"rendered":"https:\/\/www.europesays.com\/fi\/130790\/"},"modified":"2026-01-01T14:58:07","modified_gmt":"2026-01-01T14:58:07","slug":"raitiovaunu-jatkoi-matkaansa-vaikka-vasta-yksi-emilia-koivuniemen-lapsista-ehti-kyytiin","status":"publish","type":"post","link":"https:\/\/www.europesays.com\/fi\/130790\/","title":{"rendered":"Raitiovaunu jatkoi matkaansa, vaikka vasta yksi Emilia Koivuniemen lapsista ehti kyytiin"},"content":{"rendered":"<p>Helsinki|Raitiovaunujen ovet sulkeutuvat automaattisesti noin nelj\u00e4n sekunnin p\u00e4\u00e4st\u00e4 siit\u00e4, kun matkustaja astuu sis\u00e4\u00e4n.<\/p>\n<p>Lue tiivistelm\u00e4<\/p>\n<p class=\"article-body mb-nof-24 px-nof-16 sndp-summary-bullet-point-font\">J\u00e4rvenp\u00e4\u00e4l\u00e4isen perheen 7-vuotias poika j\u00e4i yksin raitiovaunuun Helsingiss\u00e4, kun ovet sulkeutuivat ennen kuin iso\u00e4iti ja veljet ehtiv\u00e4t kyytiin.<\/p>\n<p class=\"article-body mb-nof-24 px-nof-16 sndp-summary-bullet-point-font\">Tuntematon mies huomasi tilanteen ja juoksi vaunun per\u00e4\u00e4n seuraavalle pys\u00e4kille, jossa poika p\u00e4\u00e4si pois.<\/p>\n<p class=\"article-body mb-nof-24 px-nof-16 sndp-summary-bullet-point-font\">Helsingin Kaupunkiliikenteen operatiivinen p\u00e4\u00e4llikk\u00f6 kertoo, ett\u00e4 raitiovaunujen ovet sulkeutuvat automaattisesti noin 4 sekunnin kuluttua.<\/p>\n<p class=\"article-body mb-nof-24 px-nof-16 sndp-summary-bullet-point-font\">Polttila kehottaa ottamaan yhteytt\u00e4 kuljettajaan, jos joku j\u00e4\u00e4 eroon seurueestaan.<\/p>\n<p class=\"article-body mb-nof-24 px-nof-16\">J\u00e4rvenp\u00e4\u00e4l\u00e4isen <a class=\"font-bold underline-offset-[0.12em] [text-decoration:var(--person-link-text-decoration)] ![text-decoration-color:var(--person-link-text-decoration-color)]\" href=\"https:\/\/www.hs.fi\/haku\/?query=Emilia%20Koivuniemen\" rel=\"nofollow noopener\" target=\"_blank\">Emilia Koivuniemen<\/a> lapset joutuivat Helsingiss\u00e4 maanantaina tilanteeseen, joka s\u00e4ik\u00e4ytti.<\/p>\n<p class=\"article-body mb-nof-24 px-nof-16\">Koivuniemen kolme nuorta poikaa oli kyl\u00e4ss\u00e4 iso\u00e4itins\u00e4 luona. Porukka oli suuntaamassa raitiovaunuun, joka veisi heid\u00e4t Katajanokalta keskustaan.<\/p>\n<p class=\"article-body mb-nof-24 px-nof-16\">Pys\u00e4kill\u00e4 7-vuotias poika hypp\u00e4si raitiovaunun kyytiin, kun ovet meniv\u00e4t kiinni ja ajoneuvo l\u00e4hti liikkeelle. Pojan iso\u00e4iti ja veljet eiv\u00e4t ehtineet kyytiin vaan j\u00e4iv\u00e4t ihmeiss\u00e4\u00e4n laiturille.<\/p>\n<p class=\"article-body mb-nof-24 px-nof-16\">\u201dSe oli ollut heille pelottava tilanne\u201d, Koivuniemi sanoo.<\/p>\n<p class=\"article-body mb-nof-24 px-nof-16\">Tuntematon mies huomasi tilanteen pys\u00e4kill\u00e4, Koivuniemi kertoo. T\u00e4m\u00e4 oli yritt\u00e4nyt saada kuskin huomion hakkaamalla vaunun ovia. Vaunu kuitenkin l\u00e4hti liikkeelle, joten mies juoksi sen per\u00e4\u00e4n seuraavalle pys\u00e4kille.<\/p>\n<p class=\"article-body mb-nof-24 px-nof-16\">Koivuniemen 7-vuotias poika j\u00e4i pois seuraavalla pys\u00e4kill\u00e4.<\/p>\n<p class=\"article-body mb-nof-24 px-nof-16\">\u201dH\u00e4n osasi toimia hienosti itse, mutta mit\u00e4 siin\u00e4 olisikaan voinut tapahtua. Emme asu Helsingiss\u00e4, joten ratikka-ajelut eiv\u00e4t ole lapsille arkip\u00e4iv\u00e4\u00e4\u201d, Koivuniemi sanoo.<\/p>\n<p class=\"article-body mb-nof-24 px-nof-16\">Koivuniemi ihmettelee, miksi raitiovaunun kuljettaja l\u00e4hti liikkeelle eik\u00e4 huomannut h\u00e4t\u00e4\u00e4ntynytt\u00e4 tilannetta vaunun ulkopuolella. H\u00e4n my\u00f6s kiittelee pys\u00e4kill\u00e4 auttanutta tuntematonta miest\u00e4.<\/p>\n<p class=\"article-body mb-nof-24 px-nof-16\">\u201dIhanaa toimintaa ulkopuoliselta.\u201d<\/p>\n<p class=\"article-body mb-nof-24 px-nof-16\">HS on kertonut vastaavanlaisesta tapauksesta aiemminkin. <a class=\"underline underline-offset-[0.12em] [text-decoration-thickness:var(--generic-link-underline-thickness)] [text-decoration-color:var(--generic-link-underline-color)] [text-decoration-skip-ink:var(--generic-link-underline-skip-ink)] break-words\" href=\"https:\/\/www.hs.fi\/pkseutu\/art-2000010924390.html\" rel=\"nofollow noopener\" target=\"_blank\">Vuosi sitten<\/a> helsinkil\u00e4inen <a class=\"font-bold underline-offset-[0.12em] [text-decoration:var(--person-link-text-decoration)] ![text-decoration-color:var(--person-link-text-decoration-color)]\" href=\"https:\/\/www.hs.fi\/haku\/?query=P%C3%A4ivi%20Tabell\" rel=\"nofollow noopener\" target=\"_blank\">P\u00e4ivi Tabell<\/a> oli ehtinyt nostaa yhden laukun raitiovaunun kyytiin, kun ovet yll\u00e4tt\u00e4en sulkeutuivat.<\/p>\n<p class=\"article-body mb-nof-24 px-nof-16\">My\u00f6s silloin ulkopuoliset matkustajat olivat valppaana ja auttoivat tilanteessa.<\/p>\n<p class=\"article-body mb-nof-24 px-nof-16\">Raitiovaunujen ovet toimivat automatiikalla. Kuljettaja ei siis sulje ovia, kertoo Helsingin Kaupunkiliikenteen liikenn\u00f6innin operatiivinen p\u00e4\u00e4llikk\u00f6 <a class=\"font-bold underline-offset-[0.12em] [text-decoration:var(--person-link-text-decoration)] ![text-decoration-color:var(--person-link-text-decoration-color)]\" href=\"https:\/\/www.hs.fi\/haku\/?query=Markus%20Polttila\" rel=\"nofollow noopener\" target=\"_blank\">Markus Polttila<\/a>.<\/p>\n<p class=\"article-body mb-nof-24 px-nof-16\">Ovet sulkeutuvat automaattisesti noin nelj\u00e4n sekunnin p\u00e4\u00e4st\u00e4 siit\u00e4, kun matkustaja astuu sis\u00e4\u00e4n. Joidenkin raitiovaunujen keskiovissa on Polttilan mukaan lastenvaununappi, jota painamalla ovet pysyv\u00e4t auki hieman pidemp\u00e4\u00e4n.<\/p>\n<p class=\"article-body mb-nof-24 px-nof-16\">Joissakin raitiovaunuissa kuljettajalla on kamerat oville.<\/p>\n<p class=\"article-body mb-nof-24 px-nof-16\">\u201dKuljettajat pyrkiv\u00e4t havainnoimaan tilanteita parhaansa mukaan, mutta raitiovaunut ovat pitki\u00e4 ja pys\u00e4keill\u00e4 saattaa olla paljon matkustajia. Silloin se on haastavaa\u201d, Polttila sanoo.<\/p>\n<p class=\"article-body mb-nof-24 px-nof-16\">Polttilan mukaan kuljettajan t\u00e4ytyy kiinnitt\u00e4\u00e4 huomiota niin moniin asioihin, ett\u00e4 yksitt\u00e4iset matkustajat tai tilanteet saattavat menn\u00e4 ohi.<\/p>\n<p class=\"article-body mb-nof-24 px-nof-16\">H\u00e4n kertoo, ett\u00e4 Kaupunkiliikenteelle tulee satunnaisesti palautetta tilanteista, joissa joku on joutunut eroon seurueestaan ovien sulkeuduttua. Polttila kannustaa olemaan yhteydess\u00e4 kuljettajaan, jos niin k\u00e4y.<\/p>\n<p class=\"article-body mb-nof-24 px-nof-16\">\u201dSilloin toimitaan tilanteen mukaan. Ei ket\u00e4\u00e4n j\u00e4tet\u00e4 heitteille.\u201d<\/p>\n","protected":false},"excerpt":{"rendered":"Helsinki|Raitiovaunujen ovet sulkeutuvat automaattisesti noin nelj\u00e4n sekunnin p\u00e4\u00e4st\u00e4 siit\u00e4, kun matkustaja astuu sis\u00e4\u00e4n. Lue tiivistelm\u00e4 J\u00e4rvenp\u00e4\u00e4l\u00e4isen perheen 7-vuotias&hellip;\n","protected":false},"author":2,"featured_media":96697,"comment_status":"","ping_status":"","sticky":false,"template":"","format":"standard","meta":{"footnotes":""},"categories":[12],"tags":[22,23,26,27,33,31,30,17,46,24,25,28,29,15,18,21,32,19,20,16],"class_list":{"0":"post-130790","1":"post","2":"type-post","3":"status-publish","4":"format-standard","5":"has-post-thumbnail","7":"category-suomi","8":"tag-breaking-news","9":"tag-breakingnews","10":"tag-featured-news","11":"tag-featurednews","12":"tag-fi","13":"tag-finland","14":"tag-finnish","15":"tag-headlines","16":"tag-helsingin-sanomat","17":"tag-latest-news","18":"tag-latestnews","19":"tag-main-news","20":"tag-mainnews","21":"tag-news","22":"tag-otsikot","23":"tag-paauutiset","24":"tag-suomi","25":"tag-top-stories","26":"tag-topstories","27":"tag-uutiset"},"share_on_mastodon":{"url":"https:\/\/pubeurope.com\/@fi\/115820436282939875","error":""},"_links":{"self":[{"href":"https:\/\/www.europesays.com\/fi\/wp-json\/wp\/v2\/posts\/130790","targetHints":{"allow":["GET"]}}],"collection":[{"href":"https:\/\/www.europesays.com\/fi\/wp-json\/wp\/v2\/posts"}],"about":[{"href":"https:\/\/www.europesays.com\/fi\/wp-json\/wp\/v2\/types\/post"}],"author":[{"embeddable":true,"href":"https:\/\/www.europesays.com\/fi\/wp-json\/wp\/v2\/users\/2"}],"replies":[{"embeddable":true,"href":"https:\/\/www.europesays.com\/fi\/wp-json\/wp\/v2\/comments?post=130790"}],"version-history":[{"count":0,"href":"https:\/\/www.europesays.com\/fi\/wp-json\/wp\/v2\/posts\/130790\/revisions"}],"wp:featuredmedia":[{"embeddable":true,"href":"https:\/\/www.europesays.com\/fi\/wp-json\/wp\/v2\/media\/96697"}],"wp:attachment":[{"href":"https:\/\/www.europesays.com\/fi\/wp-json\/wp\/v2\/media?parent=130790"}],"wp:term":[{"taxonomy":"category","embeddable":true,"href":"https:\/\/www.europesays.com\/fi\/wp-json\/wp\/v2\/categories?post=130790"},{"taxonomy":"post_tag","embeddable":true,"href":"https:\/\/www.europesays.com\/fi\/wp-json\/wp\/v2\/tags?post=130790"}],"curies":[{"name":"wp","href":"https:\/\/api.w.org\/{rel}","templated":true}]}}