{"id":130791,"date":"2026-01-01T14:59:08","date_gmt":"2026-01-01T14:59:08","guid":{"rendered":"https:\/\/www.europesays.com\/fi\/130791\/"},"modified":"2026-01-01T14:59:08","modified_gmt":"2026-01-01T14:59:08","slug":"ilotulitteista-aiheutunut-muutamia-silmavammoja-uutisia-lyhyesti","status":"publish","type":"post","link":"https:\/\/www.europesays.com\/fi\/130791\/","title":{"rendered":"Ilotulitteista aiheutunut muutamia silm\u00e4vammoja | Uutisia lyhyesti"},"content":{"rendered":"<p class=\"aw-1gybjub aw-5vja16 kEtdKx kmuxyA yle__article__paragraph\">Helsingin yliopistollisen sairaalan silm\u00e4tautien klinikan ylil\u00e4\u00e4k\u00e4ri Tero Kivel\u00e4 arvioi, ett\u00e4 vammojen v\u00e4heneminen johtuu suojalasien k\u00e4yt\u00f6n yleistymisest\u00e4.<\/p>\n<p><img decoding=\"async\" alt=\"Nuori mies mustissa laseissa ja s\u00e4detikku k\u00e4dess\u00e4.\" src=\"https:\/\/www.europesays.com\/fi\/wp-content\/uploads\/2026\/01\/39-157630169565af6b845e.jpeg\" class=\"aw-1l9m598 hKVVvP\"\/><\/p>\n<p>Avaa kuvien katselu<\/p>\n<p>Suojalasien k\u00e4yt\u00f6n yleistyminen on ollut osaltaan v\u00e4hent\u00e4m\u00e4ss\u00e4 ilotulitteiden aiheuttamia silm\u00e4vammoja. Kuvituskuva. Kuva: Heikki Saukkomaa \/ Lehtikuva<\/p>\n<p>12:51\u2022P\u00e4ivitetty 15:36<\/p>\n<p class=\"aw-1gybjub aw-1p7kakr kEtdKx cEmitX yle__article__paragraph\">Helsingin yliopistollisen sairaalan silm\u00e4tautien klinikan uusi vuosi on ollut historiallisen rauhallinen.<\/p>\n<p class=\"aw-1gybjub aw-1p7kakr kEtdKx cEmitX yle__article__paragraph\">Uudenvuoden aamup\u00e4iv\u00e4\u00e4n menness\u00e4 klinikassa ei hoidettu ainoatakaan ilotulitevamman saanutta potilasta, ylil\u00e4\u00e4k\u00e4ri <strong class=\"aw-ak79eh KyCXm yle__article__strong\">Tero Kivel\u00e4<\/strong> kertoo tiedotteessa.<\/p>\n<p class=\"aw-1gybjub aw-1p7kakr kEtdKx cEmitX yle__article__paragraph\">Aikaisempien vuosien kokemuksen perusteella kova pakkanen ei riit\u00e4 selitt\u00e4m\u00e4\u00e4n ilotulitteiden aiheuttamien silm\u00e4vammojen v\u00e4hyytt\u00e4 t\u00e4n\u00e4 uutena vuonna, tiedotteessa todetaan.<\/p>\n<p class=\"aw-1gybjub aw-1p7kakr kEtdKx cEmitX yle__article__paragraph\">Vammojen v\u00e4h\u00e4isyyden Kivel\u00e4 arvioi johtuneen suojalasien k\u00e4yt\u00f6n yleistymisest\u00e4.<\/p>\n<p class=\"aw-1gybjub aw-1p7kakr kEtdKx cEmitX yle__article__paragraph\">T\u00e4ysin ilman vammoja ei kuitenkaan selvitty, sill\u00e4 nyt aamup\u00e4iv\u00e4ll\u00e4 klinikalle on tulossa yksi alle 18-vuotias, jonka silm\u00e4n seutuun osunut kappale raketin kuorta on illalla aiheuttanut ruhjeen.<\/p>\n<p class=\"aw-1gybjub aw-1p7kakr kEtdKx cEmitX yle__article__paragraph\">Kolmen viime vuoden aikana vammautuneiden m\u00e4\u00e4r\u00e4 on vaihdellut kuuden ja kahdeksan v\u00e4lill\u00e4.<\/p>\n<p class=\"aw-1gybjub aw-1p7kakr kEtdKx cEmitX yle__article__paragraph\">Vuodesta 1996 alkaneen tilastoinnin aikana t\u00e4h\u00e4n menness\u00e4 rauhallisin vuosi oli 2021, jolloin klinikalla hoidettiin vain kaksi ilotulitevammaa.<\/p>\n<p class=\"aw-1gybjub aw-1p7kakr kEtdKx cEmitX yle__article__paragraph\">My\u00f6s muualla Suomessa vammat ovat j\u00e4\u00e4neet v\u00e4hiin: Oulun yliopistollisessa sairaalassa on hoidettu kolmea silm\u00e4potilasta, Turussa yht\u00e4. Tampereen yliopistollisesta sairaalasta ei kerrottu tarkkaa m\u00e4\u00e4r\u00e4\u00e4 hoidetuista silm\u00e4vammoista, mutta m\u00e4\u00e4r\u00e4 on ollut aiempien vuosien tasolla.<\/p>\n<p class=\"aw-1gybjub aw-1p7kakr kEtdKx cEmitX yle__article__paragraph\">Kuopion yliopistollisessa sairaalassa ei ole uutenavuotena hoidettu lainkaan ilotulitteista aiheutuneita silm\u00e4vammoja.<\/p>\n<p class=\"aw-1gybjub aw-1p7kakr kEtdKx cEmitX yle__article__paragraph\">Muokattu 1.1.2026 klo 15.36: Lis\u00e4tty tiedot muualta Suomesta.<\/p>\n","protected":false},"excerpt":{"rendered":"Helsingin yliopistollisen sairaalan silm\u00e4tautien klinikan ylil\u00e4\u00e4k\u00e4ri Tero Kivel\u00e4 arvioi, ett\u00e4 vammojen v\u00e4heneminen johtuu suojalasien k\u00e4yt\u00f6n yleistymisest\u00e4. Avaa kuvien&hellip;\n","protected":false},"author":2,"featured_media":130792,"comment_status":"","ping_status":"","sticky":false,"template":"","format":"standard","meta":{"footnotes":""},"categories":[5],"tags":[22,23,26,27,33,31,30,17,104,23175,7558,71,24,25,28,29,15,837,18,21,32,19,20,22486,1168,16],"class_list":{"0":"post-130791","1":"post","2":"type-post","3":"status-publish","4":"format-standard","5":"has-post-thumbnail","7":"category-otsikot","8":"tag-breaking-news","9":"tag-breakingnews","10":"tag-featured-news","11":"tag-featurednews","12":"tag-fi","13":"tag-finland","14":"tag-finnish","15":"tag-headlines","16":"tag-helsinki","17":"tag-ilotuliteonnettomuudet","18":"tag-ilotulitukset","19":"tag-kotimaa","20":"tag-latest-news","21":"tag-latestnews","22":"tag-main-news","23":"tag-mainnews","24":"tag-news","25":"tag-onnettomuudet","26":"tag-otsikot","27":"tag-paauutiset","28":"tag-suomi","29":"tag-top-stories","30":"tag-topstories","31":"tag-uudenvuoden-ilotulitus","32":"tag-uusimaa","33":"tag-uutiset"},"share_on_mastodon":{"url":"https:\/\/pubeurope.com\/@fi\/115820440378436652","error":""},"_links":{"self":[{"href":"https:\/\/www.europesays.com\/fi\/wp-json\/wp\/v2\/posts\/130791","targetHints":{"allow":["GET"]}}],"collection":[{"href":"https:\/\/www.europesays.com\/fi\/wp-json\/wp\/v2\/posts"}],"about":[{"href":"https:\/\/www.europesays.com\/fi\/wp-json\/wp\/v2\/types\/post"}],"author":[{"embeddable":true,"href":"https:\/\/www.europesays.com\/fi\/wp-json\/wp\/v2\/users\/2"}],"replies":[{"embeddable":true,"href":"https:\/\/www.europesays.com\/fi\/wp-json\/wp\/v2\/comments?post=130791"}],"version-history":[{"count":0,"href":"https:\/\/www.europesays.com\/fi\/wp-json\/wp\/v2\/posts\/130791\/revisions"}],"wp:featuredmedia":[{"embeddable":true,"href":"https:\/\/www.europesays.com\/fi\/wp-json\/wp\/v2\/media\/130792"}],"wp:attachment":[{"href":"https:\/\/www.europesays.com\/fi\/wp-json\/wp\/v2\/media?parent=130791"}],"wp:term":[{"taxonomy":"category","embeddable":true,"href":"https:\/\/www.europesays.com\/fi\/wp-json\/wp\/v2\/categories?post=130791"},{"taxonomy":"post_tag","embeddable":true,"href":"https:\/\/www.europesays.com\/fi\/wp-json\/wp\/v2\/tags?post=130791"}],"curies":[{"name":"wp","href":"https:\/\/api.w.org\/{rel}","templated":true}]}}