{"id":130795,"date":"2026-01-01T15:11:07","date_gmt":"2026-01-01T15:11:07","guid":{"rendered":"https:\/\/www.europesays.com\/fi\/130795\/"},"modified":"2026-01-01T15:11:07","modified_gmt":"2026-01-01T15:11:07","slug":"anniina-valtosen-kommellus-paatti-aloittaa-juhlinnan-etuajassa","status":"publish","type":"post","link":"https:\/\/www.europesays.com\/fi\/130795\/","title":{"rendered":"Anniina Valtosen kommellus \u2013 \u201dP\u00e4\u00e4tti aloittaa juhlinnan etuajassa\u201d"},"content":{"rendered":"<p>Vuosi vaihtui ja vuoden loppuun p\u00e4\u00e4stiin n\u00e4kem\u00e4\u00e4n viel\u00e4 kerran <strong>Anniina Valtosen<\/strong> s\u00e4\u00e4l\u00e4hetys. Anniina kertoo siit\u00e4 itsekin, koska sen aikana sattui kommellus.<\/p>\n<p>Lue my\u00f6s: <a href=\"https:\/\/www.como.fi\/uutiset\/anniina-valtonen-iski-luun-kurkkuun-saasta-valittajalle-tervetuloa-suomeen\/\" title=\"Anniina Valtonen iski luun kurkkuun s\u00e4\u00e4st\u00e4 valittajalle: \u201dTervetuloa Suomeen\u201d\" class=\"underline-custom !font-montserrat !font-bold !underline-offset-4 !decoration-4 !decoration-red-600 !text-md\" rel=\"nofollow noopener\" target=\"_blank\">Anniina Valtonen iski luun kurkkuun s\u00e4\u00e4st\u00e4 valittajalle: \u201dTervetuloa Suomeen\u201d<\/a><\/p>\n<p>\u2013 Vuoden viimeinen s\u00e4\u00e4l\u00e4hetys ja kaukos\u00e4\u00e4din p\u00e4\u00e4tti aloittaa juhlinnan etuajassa, eik\u00e4 suostunut l\u00e4hetyksess\u00e4 vaihtamaan s\u00e4\u00e4karttoja. Onneksi s\u00e4\u00e4l\u00e4hetyksen toteutuminen ei ole pelk\u00e4st\u00e4\u00e4n kaukos\u00e4\u00e4timest\u00e4 ja kartoista kiinni, kirjoittaa Valtonen.<\/p>\n<p>Lue my\u00f6s: <a href=\"https:\/\/www.como.fi\/uutiset\/anniina-valtonen-selittaa-miksi-talvi-ei-ole-viela-tullut\/\" title=\"Anniina Valtonen selitt\u00e4\u00e4, miksi talvi ei ole viel\u00e4 tullut\" class=\"underline-custom !font-montserrat !font-bold !underline-offset-4 !decoration-4 !decoration-red-600 !text-md\" rel=\"nofollow noopener\" target=\"_blank\">Anniina Valtonen selitt\u00e4\u00e4, miksi talvi ei ole viel\u00e4 tullut<\/a><\/p>\n<p>Anniina kehottaa kaikkia olemaan toimintakunnossa my\u00f6s huomenna eli t\u00e4n\u00e4\u00e4n vuoden 2026 ensimm\u00e4isen\u00e4 p\u00e4iv\u00e4n\u00e4. H\u00e4n tarkoitti sill\u00e4 fiksua juhlimista.<\/p>\n<p>Lue my\u00f6s: <a href=\"https:\/\/www.como.fi\/uutiset\/anniina-valtonen-kertoi-ikavat-uutiset\/\" title=\"Anniina Valtonen kertoi ik\u00e4v\u00e4t uutiset\" class=\"underline-custom !font-montserrat !font-bold !underline-offset-4 !decoration-4 !decoration-red-600 !text-md\" rel=\"nofollow noopener\" target=\"_blank\">Anniina Valtonen kertoi ik\u00e4v\u00e4t uutiset<\/a><\/p>\n<p> \u2013 Hyv\u00e4 ku et pienist\u00e4 s\u00e4ik\u00e4h\u00e4, vaan hoitelet ammattitaidolla. Mukavaa Uutta Vuotta, kommentoi joku.<\/p>\n<p>\u2013 Hyvin sie selvisit!\u00a0kertoo er\u00e4s oman mielipiteens\u00e4.<\/p>\n<p>\u2013 Hyvin se s\u00e4\u00e4tiedotus meni ilman karttoja, kirjoittaa joku.<\/p>\n<p>Joku Anniinan seuraajista huomaa Anniinan hiusv\u00e4rin muuttuneen. Sen ja Anniinan koko julkaisun n\u00e4kee t\u00e4st\u00e4 alta ja <a href=\"https:\/\/www.instagram.com\/p\/DS8HqhLjdbh\/?utm_source=ig_web_copy_link&amp;igsh=MzRlODBiNWFlZA==\" target=\"_blank\" rel=\"noreferrer noopener nofollow\">t\u00e4\u00e4lt\u00e4<\/a>.<\/p>\n<p>Lue my\u00f6s: <a href=\"https:\/\/www.como.fi\/tilaa-comon-uutiskirje\/\" title=\"Tilaa Comon uutiskirje ja tied\u00e4t mist\u00e4 kahvitauolla puhutaan! Nappaa kotimaan tv-vinkit ja puheenaiheet suoraan s\u00e4hk\u00f6postiin t\u00e4st\u00e4.\" class=\"underline-custom !font-montserrat !font-bold !underline-offset-4 !decoration-4 !decoration-red-600 !text-md\" rel=\"nofollow noopener\" target=\"_blank\">Tilaa Comon uutiskirje ja tied\u00e4t mist\u00e4 kahvitauolla puhutaan! Nappaa kotimaan tv-vinkit ja puheenaiheet suoraan s\u00e4hk\u00f6postiin t\u00e4st\u00e4.<\/a><\/p>\n<p>\t\t\t<script async src=\"\/\/www.instagram.com\/embed.js\"><\/script><\/p>\n","protected":false},"excerpt":{"rendered":"Vuosi vaihtui ja vuoden loppuun p\u00e4\u00e4stiin n\u00e4kem\u00e4\u00e4n viel\u00e4 kerran Anniina Valtosen s\u00e4\u00e4l\u00e4hetys. Anniina kertoo siit\u00e4 itsekin, koska sen&hellip;\n","protected":false},"author":2,"featured_media":130796,"comment_status":"","ping_status":"","sticky":false,"template":"","format":"standard","meta":{"footnotes":""},"categories":[136],"tags":[10445,407,137,33,31,30,408,32,109],"class_list":{"0":"post-130795","1":"post","2":"type-post","3":"status-publish","4":"format-standard","5":"has-post-thumbnail","7":"category-julkkikset","8":"tag-anniina-valtonen","9":"tag-celebrities","10":"tag-entertainment","11":"tag-fi","12":"tag-finland","13":"tag-finnish","14":"tag-julkkikset","15":"tag-suomi","16":"tag-viihde"},"share_on_mastodon":{"url":"https:\/\/pubeurope.com\/@fi\/115820487170670115","error":""},"_links":{"self":[{"href":"https:\/\/www.europesays.com\/fi\/wp-json\/wp\/v2\/posts\/130795","targetHints":{"allow":["GET"]}}],"collection":[{"href":"https:\/\/www.europesays.com\/fi\/wp-json\/wp\/v2\/posts"}],"about":[{"href":"https:\/\/www.europesays.com\/fi\/wp-json\/wp\/v2\/types\/post"}],"author":[{"embeddable":true,"href":"https:\/\/www.europesays.com\/fi\/wp-json\/wp\/v2\/users\/2"}],"replies":[{"embeddable":true,"href":"https:\/\/www.europesays.com\/fi\/wp-json\/wp\/v2\/comments?post=130795"}],"version-history":[{"count":0,"href":"https:\/\/www.europesays.com\/fi\/wp-json\/wp\/v2\/posts\/130795\/revisions"}],"wp:featuredmedia":[{"embeddable":true,"href":"https:\/\/www.europesays.com\/fi\/wp-json\/wp\/v2\/media\/130796"}],"wp:attachment":[{"href":"https:\/\/www.europesays.com\/fi\/wp-json\/wp\/v2\/media?parent=130795"}],"wp:term":[{"taxonomy":"category","embeddable":true,"href":"https:\/\/www.europesays.com\/fi\/wp-json\/wp\/v2\/categories?post=130795"},{"taxonomy":"post_tag","embeddable":true,"href":"https:\/\/www.europesays.com\/fi\/wp-json\/wp\/v2\/tags?post=130795"}],"curies":[{"name":"wp","href":"https:\/\/api.w.org\/{rel}","templated":true}]}}