{"id":130801,"date":"2026-01-01T15:19:09","date_gmt":"2026-01-01T15:19:09","guid":{"rendered":"https:\/\/www.europesays.com\/fi\/130801\/"},"modified":"2026-01-01T15:19:09","modified_gmt":"2026-01-01T15:19:09","slug":"oiset-viestit-peruuttivat-mika-salon-ja-annica-rakkaan-avioeron","status":"publish","type":"post","link":"https:\/\/www.europesays.com\/fi\/130801\/","title":{"rendered":"\u00d6iset viestit peruuttivat Mika Salon ja Annica-rakkaan avioeron"},"content":{"rendered":"<p>Ilta-Sanomat kertoo avioparin peruneen eronsa s\u00e4hk\u00f6postiviesteill\u00e4.<\/p>\n<p><img decoding=\"async\" class=\"image image-show image-preview\" src=\"https:\/\/www.europesays.com\/fi\/wp-content\/uploads\/2025\/12\/72ce07f1dc4b42f3cfd492f80349d5ef67cb7c6c3bb4cab5ae9b6742ef3cd668.jpg\" alt=\"\"\/><img decoding=\"async\" class=\"image image-show\" src=\"https:\/\/www.europesays.com\/fi\/wp-content\/uploads\/2025\/12\/1767127149_321_72ce07f1dc4b42f3cfd492f80349d5ef67cb7c6c3bb4cab5ae9b6742ef3cd668.jpg\" alt=\"\"\/><\/p>\n<p>Mika Salo ja Annica Salo ovat edelleen yhdess\u00e4, vaikka pari ehti hakea avioeroa ennen jouluaattoa. Nyt kriisi on ilmeisesti sel\u00e4tetty. MATTI MATIKAINEN<\/p>\n<p class=\"paragraph\"><a href=\"https:\/\/www.iltalehti.fi\/henkilot\/Mika Salo\" class=\"article-link-person-page\" rel=\"nofollow noopener\" target=\"_blank\">Mika Salon<\/a> ja <strong>Annica Salon<\/strong> <a href=\"https:\/\/www.iltalehti.fi\/viihdeuutiset\/dc4ef494-e566-4d28-bee0-cc8de65198ee\" rel=\"nofollow noopener\" target=\"_blank\">avioero<\/a> nousi otsikoihin hieman ennen jouluaattoa.<\/p>\n<p class=\"paragraph\">Salo kertoi kuitenkin kolme p\u00e4iv\u00e4\u00e4 my\u00f6hemmin Iltalehdelle, ett\u00e4 he olivat <a href=\"https:\/\/www.iltalehti.fi\/viihdeuutiset\/24d0885a-65ee-4e7b-9984-2d7a9b286633\" rel=\"nofollow noopener\" target=\"_blank\">peruneet<\/a> avioeron.<\/p>\n<p class=\"paragraph\"><a href=\"https:\/\/www.is.fi\/viihde\/art-2000011724189.html\" target=\"_blank\" rel=\"noopener nofollow\">Ilta-Sanomien<\/a> tietojen mukaan pari perui avioerohakemuksen s\u00e4hk\u00f6postiviestill\u00e4. Lehti kertoo, ett\u00e4 Annica l\u00e4hetti viestin maanantaina 22. joulukuuta kello 0.03.<\/p>\n<p class=\"paragraph\">\u2013 Hei. Haluaisimme kuitenkin viel\u00e4 perua t\u00e4m\u00e4n hakemuksen. Pahoittelut ylim\u00e4\u00e4r\u00e4isest\u00e4 vaivasta. Yt. Annica Salo, lukee Annican k\u00e4r\u00e4j\u00e4oikeuteen l\u00e4hett\u00e4m\u00e4ss\u00e4 viestiss\u00e4.<\/p>\n<p class=\"paragraph\">Ilta-Sanomat kertoo, ett\u00e4 pari minuuttia my\u00f6hemmin my\u00f6s Mika oli l\u00e4hett\u00e4nyt viestin.<\/p>\n<p class=\"paragraph\">\u2013 Samaa mielt\u00e4. Kiitos. Mika Salo.<\/p>\n<p>Avioliiton tila<\/p>\n<p class=\"paragraph\">Ilmeisesti aviokriisi on ohi, sill\u00e4 Mika on hiljattain ylist\u00e4nyt vaimoaan sosiaalisessa mediassa.<\/p>\n<p class=\"paragraph\">\u2013 Olemme vahvempia kuin koskaan. Rakastan vaimoani, h\u00e4n on paras yst\u00e4v\u00e4ni ja tukijani, maailman kaunein ihminen, Salo kirjoitti Instagramissa.<\/p>\n<p class=\"paragraph\">\u2013 Vuosi on ollut vaikea perheellemme, mutta yhteinen tulevaisuus on ainoa asia, joka merkitsee. Ja se n\u00e4ytt\u00e4\u00e4 hyv\u00e4lt\u00e4. Muille ihmisille ei ole tilaa. Onneksi t\u00e4m\u00e4 vuosi on nyt ohi.<\/p>\n<p class=\"paragraph\"><a href=\"https:\/\/www.is.fi\/viihde\/art-2000009832571.html\" target=\"_blank\" rel=\"noopener nofollow\">Ilta-Sanomat<\/a> uutisoi syksyll\u00e4 2023 pariskunnan h\u00e4ist\u00e4 Las Vegasissa.<\/p>\n","protected":false},"excerpt":{"rendered":"Ilta-Sanomat kertoo avioparin peruneen eronsa s\u00e4hk\u00f6postiviesteill\u00e4. Mika Salo ja Annica Salo ovat edelleen yhdess\u00e4, vaikka pari ehti hakea&hellip;\n","protected":false},"author":2,"featured_media":129298,"comment_status":"","ping_status":"","sticky":false,"template":"","format":"standard","meta":{"footnotes":""},"categories":[130],"tags":[35,1074,137,33,31,30,101,3674,98,103,32,109],"class_list":{"0":"post-130801","1":"post","2":"type-post","3":"status-publish","4":"format-standard","5":"has-post-thumbnail","7":"category-viihde","8":"tag-24h","9":"tag-avioliitto-ja-parisuhde","10":"tag-entertainment","11":"tag-fi","12":"tag-finland","13":"tag-finnish","14":"tag-ihmissuhteet","15":"tag-juhla-ja-vapaapaivat","16":"tag-perhe","17":"tag-sosiaalikysymykset","18":"tag-suomi","19":"tag-viihde"},"share_on_mastodon":{"url":"https:\/\/pubeurope.com\/@fi\/115820518608521062","error":""},"_links":{"self":[{"href":"https:\/\/www.europesays.com\/fi\/wp-json\/wp\/v2\/posts\/130801","targetHints":{"allow":["GET"]}}],"collection":[{"href":"https:\/\/www.europesays.com\/fi\/wp-json\/wp\/v2\/posts"}],"about":[{"href":"https:\/\/www.europesays.com\/fi\/wp-json\/wp\/v2\/types\/post"}],"author":[{"embeddable":true,"href":"https:\/\/www.europesays.com\/fi\/wp-json\/wp\/v2\/users\/2"}],"replies":[{"embeddable":true,"href":"https:\/\/www.europesays.com\/fi\/wp-json\/wp\/v2\/comments?post=130801"}],"version-history":[{"count":0,"href":"https:\/\/www.europesays.com\/fi\/wp-json\/wp\/v2\/posts\/130801\/revisions"}],"wp:featuredmedia":[{"embeddable":true,"href":"https:\/\/www.europesays.com\/fi\/wp-json\/wp\/v2\/media\/129298"}],"wp:attachment":[{"href":"https:\/\/www.europesays.com\/fi\/wp-json\/wp\/v2\/media?parent=130801"}],"wp:term":[{"taxonomy":"category","embeddable":true,"href":"https:\/\/www.europesays.com\/fi\/wp-json\/wp\/v2\/categories?post=130801"},{"taxonomy":"post_tag","embeddable":true,"href":"https:\/\/www.europesays.com\/fi\/wp-json\/wp\/v2\/tags?post=130801"}],"curies":[{"name":"wp","href":"https:\/\/api.w.org\/{rel}","templated":true}]}}