{"id":130806,"date":"2026-01-01T15:24:09","date_gmt":"2026-01-01T15:24:09","guid":{"rendered":"https:\/\/www.europesays.com\/fi\/130806\/"},"modified":"2026-01-01T15:24:09","modified_gmt":"2026-01-01T15:24:09","slug":"kehonkielen-asiantuntija-arvioi-stubbin-esiintymisen-yksi-pieni-tyylirikko","status":"publish","type":"post","link":"https:\/\/www.europesays.com\/fi\/130806\/","title":{"rendered":"Kehonkielen asiantuntija arvioi Stubbin esiintymisen \u2013 yksi pieni tyylirikko"},"content":{"rendered":"<p>Sami Sallinen kiinnitti erityisesti huomion yhteen lauseeseen.<\/p>\n<p>Videolle on tiivistetty presidentti Stubbin uudenvuoden puheen t\u00e4rkeimm\u00e4t asiat noin kahteen minuuttiin.Video: Yle<\/p>\n<p class=\"article-body mb-nof-24 px-nof-16\">Tasavallan presidentin <a class=\"font-bold underline-offset-[0.12em] [text-decoration:var(--person-link-text-decoration)] ![text-decoration-color:var(--person-link-text-decoration-color)]\" href=\"https:\/\/www.is.fi\/haku\/?query=Alexander%20Stubbin\" rel=\"nofollow noopener\" target=\"_blank\">Alexander Stubbin <\/a>uudenvuodenpuhe oli hyv\u00e4 kokonaisuus, arvioi kehonkielen asiantuntija <a class=\"font-bold underline-offset-[0.12em] [text-decoration:var(--person-link-text-decoration)] ![text-decoration-color:var(--person-link-text-decoration-color)]\" href=\"https:\/\/www.is.fi\/haku\/?query=Sami%20Sallinen\" rel=\"nofollow noopener\" target=\"_blank\">Sami Sallinen<\/a>.<\/p>\n<p class=\"article-body mb-nof-24 px-nof-16\">Puitteet olivat Sallisen mukaan hyvin presidentilliset: Suomen lippu oli n\u00e4kyv\u00e4sti esill\u00e4 komealla ty\u00f6p\u00f6yd\u00e4ll\u00e4 ja valaistus oli tyylik\u00e4s.<\/p>\n<p class=\"article-body mb-nof-24 px-nof-16\">\u2013\u2009Pukeutuminen oli presidentille hyvin tyypillisesti huoliteltu \u2013 siit\u00e4kin huolimatta, ett\u00e4 kravatti oli hieman vinossa, Sallinen sanoo ja naurahtaa.<\/p>\n<p class=\"article-body mb-nof-24 px-nof-16\">\u2013\u2009H\u00e4nh\u00e4n kantaa itsens\u00e4 aina hyvin. Urheilullisena ihmisen\u00e4 h\u00e4n on aina tyylikk\u00e4\u00e4n n\u00e4k\u00f6inen vaikka kraka olisi v\u00e4h\u00e4n vinossa.<\/p>\n<p class=\"article-body mb-nof-24 px-nof-16\">Stubbin vino kravatti on aiemminkin kiinnitt\u00e4nyt huomiota. Vaatturiliiton puheenjohtaja <a class=\"font-bold underline-offset-[0.12em] [text-decoration:var(--person-link-text-decoration)] ![text-decoration-color:var(--person-link-text-decoration-color)]\" href=\"https:\/\/www.is.fi\/haku\/?query=Sonja%20Raassina\" rel=\"nofollow noopener\" target=\"_blank\">Sonja Raassina<\/a> <a class=\"underline underline-offset-[0.12em] [text-decoration-thickness:var(--generic-link-underline-thickness)] [text-decoration-color:var(--generic-link-underline-color)] [text-decoration-skip-ink:var(--generic-link-underline-skip-ink)] break-words\" href=\"https:\/\/www.is.fi\/viihde\/art-2000010458058.html\" rel=\"nofollow noopener\" target=\"_blank\">kertoi Stubbin Viron vierailun j\u00e4lkeen<\/a>, ett\u00e4 Stubbin k\u00e4ytt\u00e4m\u00e4 kravattisolmu on yksinkertainen solmu, joka asettuu helposti vinoon.<\/p>\n<p><img decoding=\"async\" src=\"https:\/\/www.europesays.com\/fi\/wp-content\/uploads\/2026\/01\/1767270130_412_468.jpg\" alt=\"Puheen puitteet olivat presidentillisen komeat.\" class=\"_Img_1rerz_1\" style=\"aspect-ratio:1.5\" loading=\"eager\"\/><\/p>\n<p class=\"article-picture-caption\">Puheen puitteet olivat presidentillisen komeat. Kuva:\u00a0Kalle Koponen \/ HS<\/p>\n<p class=\"article-body mb-nof-24 px-nof-16\">Sallisen mukaan Stubbin puhe kulki luonnollisesti: h\u00e4n ei n\u00e4ytt\u00e4nyt silt\u00e4 ett\u00e4 lukee teleprompteria.<\/p>\n<p class=\"article-body mb-nof-24 px-nof-16\">\u2013\u2009H\u00e4n liikuttaa p\u00e4\u00e4t\u00e4\u00e4n ja kasvojaan aika paljon normaalistikin. H\u00e4n painotti sanojaan p\u00e4\u00e4nliikkeill\u00e4: oli ny\u00f6kk\u00e4yksi\u00e4, p\u00e4\u00e4n kallistuksia, silmien siristyst\u00e4, otsan kurtistamista. N\u00e4in h\u00e4n teki lauseistaan muistettavampia.<\/p>\n<p class=\"article-body mb-nof-24 px-nof-16\">Muuten Stubbin asento pysyi hyvin stabiilina, h\u00e4n ei esimerkiksi liikuttanut k\u00e4si\u00e4ns\u00e4 ollenkaan.<\/p>\n<p class=\"article-body mb-nof-24 px-nof-16\">Stubb puhui Sallisen mukaan hyvin pehme\u00e4sti.<\/p>\n<p class=\"article-body mb-nof-24 px-nof-16\">\u2013\u2009Eniten kiinnitti huomiota, ett\u00e4 puheen rytmi oli hyvin rauhallinen. Nopeasti puhumalla annetaan yleens\u00e4 hyvin tarmokas ja energinen vaikutelma. Hidas puherytmi taas on rauhoittavampi.<\/p>\n<p class=\"article-body mb-nof-24 px-nof-16\">Sallisen mukaan puheessa haettiin nimenomaan hidasta ja selke\u00e4\u00e4 puherytmi\u00e4.<\/p>\n<p class=\"article-body mb-nof-24 px-nof-16\">\u2013\u2009Selke\u00e4 intonaatio ja tauottaminen vahvisti sit\u00e4 viesti\u00e4, ett\u00e4 meill\u00e4 ei ole mit\u00e4\u00e4n h\u00e4t\u00e4\u00e4: Suomi on maailman onnellisin maa.<\/p>\n<p><img decoding=\"async\" src=\"https:\/\/www.europesays.com\/fi\/wp-content\/uploads\/2026\/01\/1767273308_202_468.jpg\" alt=\"Stubbin kravatti oli hieman vinossa.\" class=\"_Img_1rerz_1\" style=\"aspect-ratio:0.8\" loading=\"eager\"\/><\/p>\n<p class=\"article-picture-caption\">Stubbin kravatti oli hieman vinossa. Kuva:\u00a0Emmi Syrj\u00e4niemi \/ Tasavallan presidentin kanslia<\/p>\n<p class=\"article-body mb-nof-24 px-nof-16\">Sallinen selitt\u00e4\u00e4, ett\u00e4 kun intonaatio laskee lauseen loppua kohti, se rauhoittaa ja tekee lauseesta enemm\u00e4n toteamuksen kaltaisen.<\/p>\n<p class=\"article-body mb-nof-24 px-nof-16\">\u2013\u2009T\u00e4m\u00e4 toistui etenkin puheen ensimm\u00e4isess\u00e4 vaiheessa. S\u00e4vy muuttui vakuuttelevammaksi, kun puheessa otettiin esiin rauha, kasvu ja v\u00e4litt\u00e4minen.<\/p>\n<p class=\"article-body mb-nof-24 px-nof-16\">Sallinen kiinnitti huomiota etenkin yhteen lauseeseen:<\/p>\n<p class=\"article-body mb-nof-24 px-nof-16\">\u2013\u2009Kun h\u00e4n sanoi, ett\u00e4 \u201dsuhteemme Ven\u00e4j\u00e4\u00e4n on pysyv\u00e4sti muuttunut\u201d, niin h\u00e4n huokaa siin\u00e4 samalla. Hyvin sellainen lopullinen statement, ett\u00e4 n\u00e4in t\u00e4m\u00e4 asia nyt vaan on.<\/p>\n<p class=\"article-body mb-nof-24 px-nof-16\">Yhteenvetona Sallinen toteaa, ett\u00e4 puhe oli selke\u00e4 kokonaisuus, jonka viesti k\u00e4vi selv\u00e4ksi: meill\u00e4 ei ole mit\u00e4\u00e4n h\u00e4t\u00e4\u00e4.<\/p>\n","protected":false},"excerpt":{"rendered":"Sami Sallinen kiinnitti erityisesti huomion yhteen lauseeseen. Videolle on tiivistetty presidentti Stubbin uudenvuoden puheen t\u00e4rkeimm\u00e4t asiat noin kahteen&hellip;\n","protected":false},"author":2,"featured_media":130807,"comment_status":"","ping_status":"","sticky":false,"template":"","format":"standard","meta":{"footnotes":""},"categories":[12],"tags":[22,23,26,27,33,31,30,17,34,24,25,28,29,15,18,21,32,19,20,16],"class_list":{"0":"post-130806","1":"post","2":"type-post","3":"status-publish","4":"format-standard","5":"has-post-thumbnail","7":"category-suomi","8":"tag-breaking-news","9":"tag-breakingnews","10":"tag-featured-news","11":"tag-featurednews","12":"tag-fi","13":"tag-finland","14":"tag-finnish","15":"tag-headlines","16":"tag-ilta-sanomat","17":"tag-latest-news","18":"tag-latestnews","19":"tag-main-news","20":"tag-mainnews","21":"tag-news","22":"tag-otsikot","23":"tag-paauutiset","24":"tag-suomi","25":"tag-top-stories","26":"tag-topstories","27":"tag-uutiset"},"share_on_mastodon":{"url":"https:\/\/pubeurope.com\/@fi\/115820538395246298","error":""},"_links":{"self":[{"href":"https:\/\/www.europesays.com\/fi\/wp-json\/wp\/v2\/posts\/130806","targetHints":{"allow":["GET"]}}],"collection":[{"href":"https:\/\/www.europesays.com\/fi\/wp-json\/wp\/v2\/posts"}],"about":[{"href":"https:\/\/www.europesays.com\/fi\/wp-json\/wp\/v2\/types\/post"}],"author":[{"embeddable":true,"href":"https:\/\/www.europesays.com\/fi\/wp-json\/wp\/v2\/users\/2"}],"replies":[{"embeddable":true,"href":"https:\/\/www.europesays.com\/fi\/wp-json\/wp\/v2\/comments?post=130806"}],"version-history":[{"count":0,"href":"https:\/\/www.europesays.com\/fi\/wp-json\/wp\/v2\/posts\/130806\/revisions"}],"wp:featuredmedia":[{"embeddable":true,"href":"https:\/\/www.europesays.com\/fi\/wp-json\/wp\/v2\/media\/130807"}],"wp:attachment":[{"href":"https:\/\/www.europesays.com\/fi\/wp-json\/wp\/v2\/media?parent=130806"}],"wp:term":[{"taxonomy":"category","embeddable":true,"href":"https:\/\/www.europesays.com\/fi\/wp-json\/wp\/v2\/categories?post=130806"},{"taxonomy":"post_tag","embeddable":true,"href":"https:\/\/www.europesays.com\/fi\/wp-json\/wp\/v2\/tags?post=130806"}],"curies":[{"name":"wp","href":"https:\/\/api.w.org\/{rel}","templated":true}]}}