{"id":130808,"date":"2026-01-01T15:25:07","date_gmt":"2026-01-01T15:25:07","guid":{"rendered":"https:\/\/www.europesays.com\/fi\/130808\/"},"modified":"2026-01-01T15:25:07","modified_gmt":"2026-01-01T15:25:07","slug":"wolt-lahetit-protestoivat-ita-helsingissa-pimeita-tyomarkkinoita-vastaan","status":"publish","type":"post","link":"https:\/\/www.europesays.com\/fi\/130808\/","title":{"rendered":"Wolt-l\u00e4hetit protestoivat It\u00e4-Helsingiss\u00e4 pimeit\u00e4 ty\u00f6markkinoita vastaan"},"content":{"rendered":"<p>Alustatalous|Joukko l\u00e4hettej\u00e4 osoitti torstaina mielt\u00e4\u00e4n Herttoniemess\u00e4.<\/p>\n<p>Lue tiivistelm\u00e4<\/p>\n<p class=\"article-body mb-nof-24 px-nof-16 sndp-summary-bullet-point-font\">Joukko Wolt-l\u00e4hettej\u00e4 on kertonut boikotoivansa torstaina kuljetuksia It\u00e4-Helsingiss\u00e4 aamukymmenest\u00e4 iltakuuteen.<\/p>\n<p class=\"article-body mb-nof-24 px-nof-16 sndp-summary-bullet-point-font\">L\u00e4hetit syytt\u00e4v\u00e4t Woltia pimeiden ty\u00f6markkinoiden mahdollistamisesta, koska osa l\u00e4heteist\u00e4 ty\u00f6skentelee toisen tilill\u00e4 pime\u00e4sti ja nostaa Kelan tukia.<\/p>\n<p class=\"article-body mb-nof-24 px-nof-16 sndp-summary-bullet-point-font\">L\u00e4hetit vaativat tilin vuokrausj\u00e4rjestelm\u00e4n lakkauttamista, koska se mahdollistaa heid\u00e4n hyv\u00e4ksik\u00e4ytt\u00f6ns\u00e4.<\/p>\n<p class=\"article-body mb-nof-24 px-nof-16 sndp-summary-bullet-point-font\">Woltin mukaan l\u00e4hetit ovat yritt\u00e4ji\u00e4, joilla on lain mukaan oikeus k\u00e4ytt\u00e4\u00e4 sijaista.<\/p>\n<p class=\"article-body mb-nof-24 px-nof-16\">Joukko Wolt-l\u00e4hettej\u00e4 protestoi alustayhti\u00f6t\u00e4 vastaan torstaina vuoden ensimm\u00e4isen\u00e4 p\u00e4iv\u00e4n\u00e4 It\u00e4-Helsingiss\u00e4. Suunnitelmana oli, ett\u00e4 l\u00e4hetit eiv\u00e4t ota vastaan tilauksia aamukymmenen ja iltakuuden v\u00e4lill\u00e4.<\/p>\n<p class=\"article-body mb-nof-24 px-nof-16\">Kaksi vuotta l\u00e4hettin\u00e4 ty\u00f6skennellyt <a class=\"font-bold underline-offset-[0.12em] [text-decoration:var(--person-link-text-decoration)] ![text-decoration-color:var(--person-link-text-decoration-color)]\" href=\"https:\/\/www.hs.fi\/haku\/?query=Muhammad%20Usman\" rel=\"nofollow noopener\" target=\"_blank\">Muhammad Usman<\/a> kertoo olleensa torstaina aamup\u00e4iv\u00e4ll\u00e4 mielenilmauksessa Herttoniemen Wolt-marketin edustalla. Paikalla oli h\u00e4nen mukaansa joukko muitakin l\u00e4hettej\u00e4.<\/p>\n<p class=\"article-body mb-nof-24 px-nof-16\">HS k\u00e4vi paikalla noin kello 15. Silloin l\u00e4hettej\u00e4 ei ollut en\u00e4\u00e4 paikalla.<\/p>\n<p class=\"article-body mb-nof-24 px-nof-16\">L\u00e4hetit syytt\u00e4v\u00e4t Woltia pimeiden ty\u00f6markkinoiden mahdollistamisesta. HS:n puhelimitse tavoittama Usman v\u00e4itt\u00e4\u00e4, ett\u00e4 osa l\u00e4heteist\u00e4 ty\u00f6skentelee toiselle kuuluvalla tilill\u00e4 pime\u00e4sti ja nostaa samalla Kelan tukia. Se on mahdollista, koska ty\u00f6 on rekister\u00f6ity toiselle henkil\u00f6lle. Tili\u00e4\u00e4n vuokraava ottaa l\u00e4hetin palkkiosta puolet.<\/p>\n<p class=\"article-body mb-nof-24 px-nof-16\"><a class=\"underline underline-offset-[0.12em] [text-decoration-thickness:var(--generic-link-underline-thickness)] [text-decoration-color:var(--generic-link-underline-color)] [text-decoration-skip-ink:var(--generic-link-underline-skip-ink)] break-words\" href=\"https:\/\/www.hs.fi\/suomi\/art-2000011641263.html\" rel=\"nofollow noopener\" target=\"_blank\">Tilin eteenp\u00e4in vuokraaminen<\/a> alustalla on sallittua. Woltin mukaan l\u00e4hetit ovat yritt\u00e4ji\u00e4, joilla on lain mukaan oikeus k\u00e4ytt\u00e4\u00e4 sijaista.<\/p>\n<p class=\"article-body mb-nof-24 px-nof-16\">Usman syytt\u00e4\u00e4 Woltia siit\u00e4, ettei se v\u00e4lit\u00e4 ty\u00f6ntekij\u00f6ist\u00e4\u00e4n. Protestoijien mielest\u00e4 tilien v\u00e4litt\u00e4misen mahdollistava systeemi tulisi lakkauttaa, koska se mahdollistaa l\u00e4hettien hyv\u00e4ksik\u00e4yt\u00f6n. Vuokraajat ovat riippuvaisia tili\u00e4\u00e4n vuokraavista, jotka puolestaan tekev\u00e4t sill\u00e4 bisnest\u00e4.<\/p>\n<p class=\"article-body mb-nof-24 px-nof-16\">Osa tili\u00e4\u00e4n vuokraavista ei ole ty\u00f6skennellyt l\u00e4hettin\u00e4 useampaan vuoteen. Usmanin mielest\u00e4 Woltin tulisi ottaa tilit pois t\u00e4llaisilta henkil\u00f6ilt\u00e4 ja antaa ne sellaisille, jotka todella tekev\u00e4t l\u00e4hetin ty\u00f6t\u00e4. Usman ehdottaa, ett\u00e4 tili\u00e4 saisi vuokrata vuodessa maksimissaan kaksi kuukautta.<\/p>\n<p class=\"article-body mb-nof-24 px-nof-16\">L\u00e4hetit vastustavat my\u00f6s heikentyneit\u00e4 sopimusehtoja.<\/p>\n<p class=\"article-body mb-nof-24 px-nof-16\">HS:n puhelimitse tavoittamista l\u00e4heteist\u00e4 muut kuin Usman eiv\u00e4t antaneet kommentteja nimell\u00e4\u00e4n. Yhdelt\u00e4 kuulee kuitenkin esimerkiksi kokemuksesta, ett\u00e4 asiat olisivat menneet huonompaan suuntaan viime vuosina, kuljetuspalkkiot j\u00e4\u00e4v\u00e4t pieniksi eik\u00e4 kukaan tunnu v\u00e4litt\u00e4v\u00e4n.<\/p>\n<p class=\"article-body mb-nof-24 px-nof-16\">HS ei tavoittanut Woltia torstaina kommentoimaan l\u00e4hettien protestia.<\/p>\n<p class=\"article-body mb-nof-24 px-nof-16\">Woltin ruokal\u00e4hetiksi jonottaa Suomessa t\u00e4ll\u00e4 hetkell\u00e4 noin 20\u202f000 ihmist\u00e4. Keskim\u00e4\u00e4r\u00e4inen jonotusaika vaihtelee paikkakunnan mukaan viikoista jopa vuosiin.<\/p>\n<p class=\"article-body mb-nof-24 px-nof-16\"><a class=\"underline underline-offset-[0.12em] [text-decoration-thickness:var(--generic-link-underline-thickness)] [text-decoration-color:var(--generic-link-underline-color)] [text-decoration-skip-ink:var(--generic-link-underline-skip-ink)] break-words\" href=\"https:\/\/www.hs.fi\/pkseutu\/art-2000009517649.html\" rel=\"nofollow noopener\" target=\"_blank\">HS:n kev\u00e4\u00e4ll\u00e4 2023 julkaistun selvityksen<\/a> mukaan Suomessa on paljon pime\u00e4sti eli ilman laillista ty\u00f6nteko-oikeutta ajavia l\u00e4hettej\u00e4.<\/p>\n","protected":false},"excerpt":{"rendered":"Alustatalous|Joukko l\u00e4hettej\u00e4 osoitti torstaina mielt\u00e4\u00e4n Herttoniemess\u00e4. Lue tiivistelm\u00e4 Joukko Wolt-l\u00e4hettej\u00e4 on kertonut boikotoivansa torstaina kuljetuksia It\u00e4-Helsingiss\u00e4 aamukymmenest\u00e4 iltakuuteen.&hellip;\n","protected":false},"author":2,"featured_media":130809,"comment_status":"","ping_status":"","sticky":false,"template":"","format":"standard","meta":{"footnotes":""},"categories":[5],"tags":[22,23,26,27,33,31,30,17,46,24,25,28,29,15,18,21,32,19,20,16],"class_list":{"0":"post-130808","1":"post","2":"type-post","3":"status-publish","4":"format-standard","5":"has-post-thumbnail","7":"category-otsikot","8":"tag-breaking-news","9":"tag-breakingnews","10":"tag-featured-news","11":"tag-featurednews","12":"tag-fi","13":"tag-finland","14":"tag-finnish","15":"tag-headlines","16":"tag-helsingin-sanomat","17":"tag-latest-news","18":"tag-latestnews","19":"tag-main-news","20":"tag-mainnews","21":"tag-news","22":"tag-otsikot","23":"tag-paauutiset","24":"tag-suomi","25":"tag-top-stories","26":"tag-topstories","27":"tag-uutiset"},"share_on_mastodon":{"url":"https:\/\/pubeurope.com\/@fi\/115820542454409289","error":""},"_links":{"self":[{"href":"https:\/\/www.europesays.com\/fi\/wp-json\/wp\/v2\/posts\/130808","targetHints":{"allow":["GET"]}}],"collection":[{"href":"https:\/\/www.europesays.com\/fi\/wp-json\/wp\/v2\/posts"}],"about":[{"href":"https:\/\/www.europesays.com\/fi\/wp-json\/wp\/v2\/types\/post"}],"author":[{"embeddable":true,"href":"https:\/\/www.europesays.com\/fi\/wp-json\/wp\/v2\/users\/2"}],"replies":[{"embeddable":true,"href":"https:\/\/www.europesays.com\/fi\/wp-json\/wp\/v2\/comments?post=130808"}],"version-history":[{"count":0,"href":"https:\/\/www.europesays.com\/fi\/wp-json\/wp\/v2\/posts\/130808\/revisions"}],"wp:featuredmedia":[{"embeddable":true,"href":"https:\/\/www.europesays.com\/fi\/wp-json\/wp\/v2\/media\/130809"}],"wp:attachment":[{"href":"https:\/\/www.europesays.com\/fi\/wp-json\/wp\/v2\/media?parent=130808"}],"wp:term":[{"taxonomy":"category","embeddable":true,"href":"https:\/\/www.europesays.com\/fi\/wp-json\/wp\/v2\/categories?post=130808"},{"taxonomy":"post_tag","embeddable":true,"href":"https:\/\/www.europesays.com\/fi\/wp-json\/wp\/v2\/tags?post=130808"}],"curies":[{"name":"wp","href":"https:\/\/api.w.org\/{rel}","templated":true}]}}