{"id":130812,"date":"2026-01-01T15:37:07","date_gmt":"2026-01-01T15:37:07","guid":{"rendered":"https:\/\/www.europesays.com\/fi\/130812\/"},"modified":"2026-01-01T15:37:07","modified_gmt":"2026-01-01T15:37:07","slug":"sointu-borg-hempea-tilitys-tomi-soloselle-uutenavuonna","status":"publish","type":"post","link":"https:\/\/www.europesays.com\/fi\/130812\/","title":{"rendered":"Sointu Borg: Hempe\u00e4 tilitys Tomi Soloselle uutenavuonna"},"content":{"rendered":"<p>            Timo Korhonen\n        <\/p>\n<p class=\"subtitle \">Vuoden vaihtuminen sai Sointun hempe\u00e4ksi.<\/p>\n<p class=\"article-content article-content-width !bg-background\">Yritt\u00e4j\u00e4, 33, el\u00e4\u00e4 onnellista yhteiseloa Ly\u00f6m\u00e4tt\u00f6mist\u00e4kin tutun, 41, kanssa. Yritt\u00e4j\u00e4-r\u00e4pp\u00e4ri-kaksikko on pit\u00e4nyt yht\u00e4 jo pitk\u00e4\u00e4n, ja viime kev\u00e4\u00e4n\u00e4 he my\u00f6s kihlautuivat.<\/p>\n<p class=\"font-weight-bold m-font-weight-bold article-content article-content-width !bg-background\">Arkistovideo: T\u00e4llainen on Sointun h\u00e4\u00e4budjetti<\/p>\n<p class=\"article-content article-content-width !bg-background\">Vaikka Sointu uurtaakin omaa uraansa my\u00f6s sosiaalisessa mediassa, herkistyy h\u00e4n toisinaan my\u00f6s rakkaudent\u00e4yteisiin julkaisuihin. Sellainen n\u00e4htiin my\u00f6s vuoden vaihtuessa, kun Sointu juhli uutta vuotta rakkaansa kanssa.<\/p>\n<p class=\"article-content article-content-width !bg-background\">Soiintu ja Tomi ovat parhaillaan lomalla Vietnamissa, joten ilta koitti hieman Suomea aiemmin.<\/p>\n<p class=\"article-content article-content-width !bg-background\">Sointu teki uudenvuodentarinansa iltap\u00e4iv\u00e4st\u00e4 Suomen aikaa, mutta tiedotti kellon olevan Vietnamissa jo l\u00e4hes iltakymmenen. V\u00e4syneill\u00e4 reissaajilla oli kova tavoite valvoa puoleeny\u00f6h\u00f6n asti, jolloin uutta vuotta juhlistettaisiin ilotulituksin.<\/p>\n<p class=\"article-content article-content-width !bg-background\">Mainittakoon, ett\u00e4 my\u00f6hemmin Sointu tiedotti, ett\u00e4 nukahti ennen puoltay\u00f6t\u00e4. Tomi sen sijaan n\u00e4ki ilotulitukset.<\/p>\n<p class=\"article-content article-content-width !bg-background\">Sointun juhlatunnelmaisessa <a href=\"https:\/\/www.instagram.com\/stories\/sointuorvokki\/\" target=\"_blank\" rel=\"nofollow noopener\">tarinassa<\/a> Tomi poseeraa kameralle hymyillen, valkoiseen paitaan ja lippikseen pukeutuneena. K\u00e4dess\u00e4\u00e4n h\u00e4nell\u00e4 on vaatevalintaa katsoen uhkarohkea punaviinilasi.<\/p>\n<p>        <a itemprop=\"url\" href=\"https:\/\/www.seiska.fi\/vain-seiskassa\/jaajo-linnonmaa-lataa-tayslaidallisen-sointu-borgista\/1613721\" rel=\"nofollow noopener\" target=\"_blank\"><\/p>\n<p>\nJaajo Linnonmaa\n<\/p>\n<p class=\"section-date\">\n        <strong class=\"article-section\" data-section=\"vain seiskassa\"><br \/>\n            vain seiskassa<br \/>\n        <\/strong><br \/>\n        16.2.2025 18:00\n    <\/p>\n<p>Jaajo Linnonmaa lataa t\u00e4yslaidallisen Sointu Borgista\n    <\/p>\n<p itemprop=\"description\" class=\"subtitle \">\n    Sointu kertoi Seiskalle aiemmin t\u00e4ll\u00e4 viikolla, ettei h\u00e4nell\u00e4 ole mink\u00e4\u00e4nlaisia v\u00e4lej\u00e4 Jaajon kanssa.\n<\/p>\n<p>        <\/a><\/p>\n<p>Rakkaustilitys<\/p>\n<p class=\"article-content article-content-width !bg-background\">Uudenvuodentoivotuksissaan Sointu omistaa rakkaudenosoituksen Tomille.<\/p>\n<p class=\"article-content article-content-width !bg-background\">\u2013 Rakastan sua, h\u00e4n kirjoittaa tekstins\u00e4 alkuun.<\/p>\n<p class=\"article-content article-content-width !bg-background\">\u2013\u00a0Oot paras mies, parasta matkaseuraa, mun suojelija ja tsemppari. Ilman sua en ois t\u00e4ss\u00e4,\u00a0h\u00e4n kiittelee kultaansa.<\/p>\n<p class=\"article-content article-content-width !bg-background\">Sointun ja Tomin suhde on kest\u00e4nyt jo yli yhdeks\u00e4n vuotta, eli Sointu on kasvanut parikymppisest\u00e4 yritt\u00e4j\u00e4nalusta monien bisneksien kouluttamaksi tekij\u00e4ksi.<\/p>\n<p class=\"article-content article-content-width !bg-background\">T\u00e4ll\u00e4 matkalla Solonenkin on ollut mukana.<\/p>\n<p class=\"article-content article-content-width !bg-background\">\u2013\u00a0Olin ihan palasina ja reppana, kun tavattiin. Parsit mut kokoon,\u00a0Sointu kiittelee.<\/p>\n<p class=\"article-content article-content-width !bg-background\">Lopuksi Sointu kertoo viel\u00e4 suunnitelmansa sille, ett\u00e4 h\u00e4nen siipastaan j\u00e4tt\u00e4isi aika liian ajoissa.<\/p>\n<p class=\"article-content article-content-width !bg-background\">\u2013\u00a0Jos kuolet, musta tulee nunna,\u00a0h\u00e4n summaa.<\/p>\n<p>        <a itemprop=\"url\" href=\"https:\/\/www.seiska.fi\/kotimaa\/podcast-janni-hussi-ja-sointu-borg-avoimena-huumeiden-kaytosta\/2028695\" rel=\"nofollow noopener\" target=\"_blank\"><\/p>\n<p>\nPodcast:\n<\/p>\n<p class=\"section-date\">\n        <strong class=\"article-section\" data-section=\"kotimaa\"><br \/>\n            kotimaa<br \/>\n        <\/strong><br \/>\n        25.12.2025 06:00\n    <\/p>\n<p>Podcast: Janni Hussi ja Sointu Borg avoimena huumeiden k\u00e4yt\u00f6st\u00e4\n    <\/p>\n<p itemprop=\"description\" class=\"subtitle \">\n    \u2013 Ei auta, ett\u00e4 heti leimataan nistiksi, Sointu toteaa jaksossa.\n<\/p>\n<p>        <\/a><\/p>\n<p><script async src=\"\/\/www.instagram.com\/embed.js\"><\/script><\/p>\n","protected":false},"excerpt":{"rendered":"Timo Korhonen Vuoden vaihtuminen sai Sointun hempe\u00e4ksi. Yritt\u00e4j\u00e4, 33, el\u00e4\u00e4 onnellista yhteiseloa Ly\u00f6m\u00e4tt\u00f6mist\u00e4kin tutun, 41, kanssa. Yritt\u00e4j\u00e4-r\u00e4pp\u00e4ri-kaksikko on&hellip;\n","protected":false},"author":2,"featured_media":130813,"comment_status":"","ping_status":"","sticky":false,"template":"","format":"standard","meta":{"footnotes":""},"categories":[136],"tags":[407,137,33,31,30,408,1311,2680,651,32,19410,18091,5357,109],"class_list":{"0":"post-130812","1":"post","2":"type-post","3":"status-publish","4":"format-standard","5":"has-post-thumbnail","7":"category-julkkikset","8":"tag-celebrities","9":"tag-entertainment","10":"tag-fi","11":"tag-finland","12":"tag-finnish","13":"tag-julkkikset","14":"tag-rakkaus","15":"tag-sointu-borg","16":"tag-suhteet","17":"tag-suomi","18":"tag-tomi-solonen","19":"tag-uusi-vuosi","20":"tag-vietnam","21":"tag-viihde"},"share_on_mastodon":{"url":"https:\/\/pubeurope.com\/@fi\/115820589403177083","error":""},"_links":{"self":[{"href":"https:\/\/www.europesays.com\/fi\/wp-json\/wp\/v2\/posts\/130812","targetHints":{"allow":["GET"]}}],"collection":[{"href":"https:\/\/www.europesays.com\/fi\/wp-json\/wp\/v2\/posts"}],"about":[{"href":"https:\/\/www.europesays.com\/fi\/wp-json\/wp\/v2\/types\/post"}],"author":[{"embeddable":true,"href":"https:\/\/www.europesays.com\/fi\/wp-json\/wp\/v2\/users\/2"}],"replies":[{"embeddable":true,"href":"https:\/\/www.europesays.com\/fi\/wp-json\/wp\/v2\/comments?post=130812"}],"version-history":[{"count":0,"href":"https:\/\/www.europesays.com\/fi\/wp-json\/wp\/v2\/posts\/130812\/revisions"}],"wp:featuredmedia":[{"embeddable":true,"href":"https:\/\/www.europesays.com\/fi\/wp-json\/wp\/v2\/media\/130813"}],"wp:attachment":[{"href":"https:\/\/www.europesays.com\/fi\/wp-json\/wp\/v2\/media?parent=130812"}],"wp:term":[{"taxonomy":"category","embeddable":true,"href":"https:\/\/www.europesays.com\/fi\/wp-json\/wp\/v2\/categories?post=130812"},{"taxonomy":"post_tag","embeddable":true,"href":"https:\/\/www.europesays.com\/fi\/wp-json\/wp\/v2\/tags?post=130812"}],"curies":[{"name":"wp","href":"https:\/\/api.w.org\/{rel}","templated":true}]}}