{"id":130818,"date":"2026-01-01T15:44:08","date_gmt":"2026-01-01T15:44:08","guid":{"rendered":"https:\/\/www.europesays.com\/fi\/130818\/"},"modified":"2026-01-01T15:44:08","modified_gmt":"2026-01-01T15:44:08","slug":"kerttu-niskanen-kunto-nousussa-ilta-sanomat","status":"publish","type":"post","link":"https:\/\/www.europesays.com\/fi\/130818\/","title":{"rendered":"Kerttu Niskanen: kunto nousussa &#8211; Ilta-Sanomat"},"content":{"rendered":"<p>Kerttu Niskanen onnistui toistamiseen Tour de Skill\u00e4.<\/p>\n<p>Toblach takana, Val di Fiemme edess\u00e4.<\/p>\n<p class=\"article-body mb-nof-24 px-nof-16\">Toblach<\/p>\n<p class=\"article-body mb-nof-24 px-nof-16\">Kerttu Niskanen on her\u00e4nnyt horroksestaan.<\/p>\n<p class=\"article-body mb-nof-24 px-nof-16\">Se selvisi uudenvuodenp\u00e4iv\u00e4n\u00e4, kun Niskanen taisteli seitsem\u00e4nneksi 20 kilometrin perinteisen takaa-ajossa. H\u00e4n oli samalla sijalla my\u00f6s osuusajoissa h\u00e4viten vain 21,3 sekuntia etapin nopeimmalle, Norjan <a class=\"font-bold underline-offset-[0.12em] [text-decoration:var(--person-link-text-decoration)] ![text-decoration-color:var(--person-link-text-decoration-color)]\" href=\"https:\/\/www.is.fi\/haku\/?query=Heidi%20Wengille\" rel=\"nofollow noopener\" target=\"_blank\">Heidi Wengille<\/a>.<\/p>\n<p class=\"article-body mb-nof-24 px-nof-16\">Se oli alkukaudella pahasti tarponeelle Niskaselle jo toinen onnistunut suoritus Tour de Skill\u00e4. Maanantain kympilt\u00e4 tuli nelossija.<\/p>\n<p class=\"article-body mb-nof-24 px-nof-16\">Viel\u00e4 joulukuun puoliv\u00e4liss\u00e4 Davosissa Niskanen oli ulapalla ja ilmoitti vihelt\u00e4v\u00e4ns\u00e4 pelin poikki.<\/p>\n<p class=\"article-body mb-nof-24 px-nof-16\">Se auttoi.<\/p>\n<p class=\"article-body mb-nof-24 px-nof-16\">\u2013 Davosin j\u00e4lkeen otettiin kevyesti, ajateltiin mukavia asioita ja hyys\u00e4ttiin Martta-koiraa. Ei nyt voi sanoa, ett\u00e4 unohdettiin hiihto kokonaan, mutta yritettiin olla rennosti ja stressaamatta mist\u00e4\u00e4n, Niskanen paljasti ja nauroi hersyv\u00e4sti per\u00e4\u00e4n.<\/p>\n<p class=\"article-body mb-nof-24 px-nof-16\">Niskanen kertoi Tourin alussa k\u00e4rsineens\u00e4 alkukaudella jonkinlaisista terveysmurheista mutta ei avannut tilannettaan tarkemmin.<\/p>\n<p class=\"article-body mb-nof-24 px-nof-16\">Nyt mielikin on paljon kirkkaampi kuin pari viikkoa sitten.<\/p>\n<p class=\"article-body mb-nof-24 px-nof-16\">\u2013 Oli vaikeaa. Toivotaan, ett\u00e4 nyt ment\u00e4isiin vaikeuksien kautta voittoon.<\/p>\n<p><img decoding=\"async\" src=\"https:\/\/www.europesays.com\/fi\/wp-content\/uploads\/2026\/01\/1767282248_822_468.jpg\" alt=\"Kerttu Niskasen kurssi on k\u00e4\u00e4ntynyt.\" class=\"_Img_1rerz_1\" style=\"aspect-ratio:1.5\" loading=\"eager\"\/><\/p>\n<p class=\"article-picture-caption\">Kerttu Niskasen kurssi on k\u00e4\u00e4ntynyt. Kuva:\u00a0Antti H\u00e4m\u00e4l\u00e4inen\/IS<\/p>\n<p class=\"article-body mb-nof-24 px-nof-16\">Niskanen hiihti uudenvuodenaaton takaa-ajon viiden muun naisen kanssa.<a class=\"font-bold underline-offset-[0.12em] [text-decoration:var(--person-link-text-decoration)] ![text-decoration-color:var(--person-link-text-decoration-color)]\" href=\"https:\/\/www.is.fi\/haku\/?query=%20Jasmi%20Joensuu\" rel=\"nofollow noopener\" target=\"_blank\"> Jasmi Joensuu<\/a> oli porukan nopein loppukiriss\u00e4, mutta Niskanen nosti ryhm\u00e4n sankariksi <a class=\"font-bold underline-offset-[0.12em] [text-decoration:var(--person-link-text-decoration)] ![text-decoration-color:var(--person-link-text-decoration-color)]\" href=\"https:\/\/www.is.fi\/haku\/?query=Ebba%20Anderssonin\" rel=\"nofollow noopener\" target=\"_blank\">Ebba Anderssonin<\/a>.<\/p>\n<p class=\"article-body mb-nof-24 px-nof-16\">Ruotsalaist\u00e4hti veti Niskasta ja muita naisia valtaosan matkasta.<\/p>\n<p class=\"article-body mb-nof-24 px-nof-16\">\u2013 Ebba teki valtavasti t\u00f6it\u00e4. H\u00e4nell\u00e4 oli meid\u00e4n ryhm\u00e4mme kovin kunto t\u00e4n\u00e4\u00e4n, mutta ei se yl\u00e4m\u00e4ess\u00e4 vain p\u00e4\u00e4ssyt karkuun. Rata oli kasaava ja l\u00f6ssi tuli alam\u00e4et niin paljon paremmin alas.<\/p>\n<p class=\"article-body mb-nof-24 px-nof-16\">Niskasen hiihto oli yl\u00e4m\u00e4kiin merkitt\u00e4v\u00e4sti jaksavamman n\u00e4k\u00f6ist\u00e4 kuin alkukaudella.<\/p>\n<p class=\"article-body mb-nof-24 px-nof-16\">\u2013 Minulla oli ajatuksena vain seurata Ebbaa. Olisi ollut ihan turhaa vet\u00e4\u00e4 keulilla, kun siin\u00e4 vain s\u00f6i omia paukkujaan.<\/p>\n<p class=\"article-body mb-nof-24 px-nof-16\">Niskasen mukaan h\u00e4nell\u00e4 j\u00e4i voimia varastoon.<\/p>\n<p class=\"article-body mb-nof-24 px-nof-16\">\u2013 Jos t\u00e4n\u00e4\u00e4n olisi paukutettu v\u00e4liaikal\u00e4ht\u00f6\u00e4, olisin pit\u00e4nyt siimaa kire\u00e4mm\u00e4ll\u00e4 koko ajan. Toki nytkin olin tiukilla \u2013 paikoitellen tosikin tiukilla. Siin\u00e4 mieless\u00e4 tilanne on kyll\u00e4 parempi kuin ennen Touria.<\/p>\n<p class=\"article-body mb-nof-24 px-nof-16\">Niskanen l\u00e4htee Val di Fiemmen kahteen viimeiseen kisaan kiertueen seitsem\u00e4nnelt\u00e4 sijalta. Eroa toisena majailevaan Ruotsin <a class=\"font-bold underline-offset-[0.12em] [text-decoration:var(--person-link-text-decoration)] ![text-decoration-color:var(--person-link-text-decoration-color)]\" href=\"https:\/\/www.is.fi\/haku\/?query=Moa%20Ilariin\" rel=\"nofollow noopener\" target=\"_blank\">Moa Ilariin<\/a> on vain puoli minuuttia.<\/p>\n<p class=\"article-body mb-nof-24 px-nof-16\">Niskanen ei silti odota suuria Fiemmest\u00e4, sill\u00e4 lauantaina hiihdet\u00e4\u00e4n perinteisen sprintti, jonka j\u00e4lkeen h\u00e4nen sijoituksensa pudonnee.<\/p>\n<p class=\"article-body mb-nof-24 px-nof-16\">Sitten ohjelmassa on en\u00e4\u00e4 Alpe Cermisin loppunousu.<\/p>\n<p class=\"article-body mb-nof-24 px-nof-16\">\u2013 Olisi ollut kiva, kun olisi ollut yksi normaalimatkan kisa Fiemmess\u00e4. T\u00e4m\u00e4 ohjelma ei minun laariin mene, mutta taistelemaan l\u00e4hdet\u00e4\u00e4n.<\/p>\n<p>Tour de Ski 4\/6Naiset<\/p>\n<ol class=\"mb-nof-16 px-nof-16 article-ordered-list ordered-list\">\n<li class=\"ordered-list-item\">\n<p class=\"article-body\">Jessie Diggins, USA<\/p>\n<\/li>\n<li class=\"ordered-list-item\">\n<p class=\"article-body\">Moa Ilar, Ruotsi +1.36<\/p>\n<\/li>\n<li class=\"ordered-list-item\">\n<p class=\"article-body\">Teresa Stadlober, It\u00e4valta +1.36<\/p>\n<\/li>\n<li class=\"ordered-list-item\">\n<p class=\"article-body\">Jasmi Joensuu, Suomi +1.55<\/p>\n<\/li>\n<li class=\"ordered-list-item\">\n<p class=\"article-body\">Heidi Weng, Norja +1.55<\/p>\n<\/li>\n<li class=\"ordered-list-item\">\n<p class=\"article-body\">Johanna Matintalo, Suomi +1.56<\/p>\n<\/li>\n<li class=\"ordered-list-item\">\n<p class=\"article-body\">Kerttu Niskanen, Suomi +1.57<\/p>\n<\/li>\n<li class=\"ordered-list-item\">\n<p class=\"article-body\">Ebba Andersson, Ruotsi +1.59<\/p>\n<\/li>\n<li class=\"ordered-list-item\">\n<p class=\"article-body\">Julie Drivenes, Norja +2.08<\/p>\n<\/li>\n<li class=\"ordered-list-item\">\n<p class=\"article-body\">Frida Karlsson, Ruotsi +2.51<\/p>\n<\/li>\n<\/ol>\n<p class=\"article-body mb-nof-24 px-nof-16\">22. Vilma Nissinen +3.35<\/p>\n<p class=\"article-body mb-nof-24 px-nof-16\">27. Vilma Ryytty +4.08<\/p>\n<p class=\"article-body mb-nof-24 px-nof-16\">37. Jasmin K\u00e4h\u00e4r\u00e4 +5.16<\/p>\n<p class=\"article-body mb-nof-24 px-nof-16\">46. Krista P\u00e4rm\u00e4koski +6.56 (Keskeytti)<\/p>\n","protected":false},"excerpt":{"rendered":"Kerttu Niskanen onnistui toistamiseen Tour de Skill\u00e4. Toblach takana, Val di Fiemme edess\u00e4. Toblach Kerttu Niskanen on her\u00e4nnyt&hellip;\n","protected":false},"author":2,"featured_media":130819,"comment_status":"","ping_status":"","sticky":false,"template":"","format":"standard","meta":{"footnotes":""},"categories":[158],"tags":[33,31,30,34,159,32,160],"class_list":{"0":"post-130818","1":"post","2":"type-post","3":"status-publish","4":"format-standard","5":"has-post-thumbnail","7":"category-urheilu","8":"tag-fi","9":"tag-finland","10":"tag-finnish","11":"tag-ilta-sanomat","12":"tag-sports","13":"tag-suomi","14":"tag-urheilu"},"share_on_mastodon":{"url":"https:\/\/pubeurope.com\/@fi\/115820617263180190","error":""},"_links":{"self":[{"href":"https:\/\/www.europesays.com\/fi\/wp-json\/wp\/v2\/posts\/130818","targetHints":{"allow":["GET"]}}],"collection":[{"href":"https:\/\/www.europesays.com\/fi\/wp-json\/wp\/v2\/posts"}],"about":[{"href":"https:\/\/www.europesays.com\/fi\/wp-json\/wp\/v2\/types\/post"}],"author":[{"embeddable":true,"href":"https:\/\/www.europesays.com\/fi\/wp-json\/wp\/v2\/users\/2"}],"replies":[{"embeddable":true,"href":"https:\/\/www.europesays.com\/fi\/wp-json\/wp\/v2\/comments?post=130818"}],"version-history":[{"count":0,"href":"https:\/\/www.europesays.com\/fi\/wp-json\/wp\/v2\/posts\/130818\/revisions"}],"wp:featuredmedia":[{"embeddable":true,"href":"https:\/\/www.europesays.com\/fi\/wp-json\/wp\/v2\/media\/130819"}],"wp:attachment":[{"href":"https:\/\/www.europesays.com\/fi\/wp-json\/wp\/v2\/media?parent=130818"}],"wp:term":[{"taxonomy":"category","embeddable":true,"href":"https:\/\/www.europesays.com\/fi\/wp-json\/wp\/v2\/categories?post=130818"},{"taxonomy":"post_tag","embeddable":true,"href":"https:\/\/www.europesays.com\/fi\/wp-json\/wp\/v2\/tags?post=130818"}],"curies":[{"name":"wp","href":"https:\/\/api.w.org\/{rel}","templated":true}]}}