{"id":130822,"date":"2026-01-01T15:46:08","date_gmt":"2026-01-01T15:46:08","guid":{"rendered":"https:\/\/www.europesays.com\/fi\/130822\/"},"modified":"2026-01-01T15:46:08","modified_gmt":"2026-01-01T15:46:08","slug":"pohjois-karjalan-ensimmaiset-kiintiometsastyksen-sudet-kaatuivat-heti-torstaina-pohjois-karjala","status":"publish","type":"post","link":"https:\/\/www.europesays.com\/fi\/130822\/","title":{"rendered":"Pohjois-Karjalan ensimm\u00e4iset kiinti\u00f6\u00admets\u00e4styksen sudet kaatuivat heti torstaina | Pohjois-Karjala"},"content":{"rendered":"<p class=\"aw-1gybjub aw-5vja16 kEtdKx kmuxyA yle__article__paragraph\">Mets\u00e4st\u00e4j\u00e4t ampuivat uudenvuoden\u00adp\u00e4iv\u00e4n\u00e4 kaksi sutta kiinti\u00f6\u00admets\u00e4styksess\u00e4 Tohmaj\u00e4rvi\u2013Kiteen alueella. Lupa on viel\u00e4 kahden muun suden kaatamiseen.<\/p>\n<p><img decoding=\"async\" alt=\"MIKA PIIROINEN maanviljelij\u00e4, Tohmaj\u00e4rvi\" src=\"https:\/\/www.europesays.com\/fi\/wp-content\/uploads\/2026\/01\/39-7603765ff862a8616eb.jpeg\" class=\"aw-1l9m598 hKVVvP\"\/><\/p>\n<p>Avaa kuvien katselu<\/p>\n<p>Mets\u00e4styst\u00e4 johtaneen Mika Piiroisen mukaan kahden suden kiinti\u00f6mets\u00e4styst\u00e4 jatketaan tilanteen mukaan. Kuva: Sami Takkinen \/ Yle<\/p>\n<p class=\"aw-1gybjub aw-1p7kakr kEtdKx cEmitX yle__article__paragraph\">Kaksi kiinti\u00f6mets\u00e4styksen kohteena ollutta sutta kaatui Pohjois-Karjalassa uudenvuodenp\u00e4iv\u00e4n\u00e4. Mets\u00e4styksenjohtajana toimineen <strong class=\"aw-ak79eh KyCXm yle__article__strong\">Mika Piiroisen<\/strong> mukaan kaadot tapahtuivat Tohmaj\u00e4rven\u2013Kiteen lupa-alueen l\u00e4nsiosassa.<\/p>\n<p class=\"aw-1gybjub aw-1p7kakr kEtdKx cEmitX yle__article__paragraph\">\u2013 Toinen kaatui v\u00e4h\u00e4n ennen puoltap\u00e4iv\u00e4\u00e4 ja toinen v\u00e4h\u00e4n puolenp\u00e4iv\u00e4n j\u00e4lkeen.<\/p>\n<p class=\"aw-1gybjub aw-1p7kakr kEtdKx cEmitX yle__article__paragraph\">Kaadetut el\u00e4imet olivat t\u00e4ysikasvuinen uros ja naaras.<\/p>\n<p class=\"aw-1gybjub aw-1p7kakr kEtdKx cEmitX yle__article__paragraph\">Alueelle my\u00f6nnetty kiinti\u00f6mets\u00e4styslupa sis\u00e4lt\u00e4\u00e4 nelj\u00e4n suden lauman, joten j\u00e4ljell\u00e4 on viel\u00e4 kaksi sutta. Piiroisen mukaan j\u00e4ljelle j\u00e4\u00e4neist\u00e4 ei tehty torstaina havaintoja.<\/p>\n<p class=\"aw-1gybjub aw-1p7kakr kEtdKx cEmitX yle__article__paragraph\">\u2013 Mets\u00e4stys jatkuu, kun tilanne kehittyy. On kuitenkin todenn\u00e4k\u00f6ist\u00e4, ett\u00e4 se tapahtuu l\u00e4hiaikoina.<\/p>\n<p><img decoding=\"async\" alt=\"Kaksi kiinti\u00f6mets\u00e4styksess\u00e4 Tohmaj\u00e4rvi-Kiteen alueella kaadettua sutta makaa kuusenhavujen p\u00e4\u00e4ll\u00e4.\" src=\"https:\/\/www.europesays.com\/fi\/wp-content\/uploads\/2026\/01\/39-1576320695681984e023.jpeg\" loading=\"lazy\" class=\"aw-1l9m598 hKVVvP\"\/><\/p>\n<p>Avaa kuvien katselu<\/p>\n<p>Kaksi sutta kaatui kiinti\u00f6mets\u00e4styksess\u00e4 uudenvuodenp\u00e4iv\u00e4n\u00e4 Pohjois-Karjalassa. Kuva: Mika Piiroinen<\/p>\n<p class=\"aw-1gybjub aw-1p7kakr kEtdKx cEmitX yle__article__paragraph\">Mets\u00e4stykseen osallistui kymmeni\u00e4 mets\u00e4st\u00e4ji\u00e4 koirineen, mik\u00e4 Piiroisen mukaan ei ole kuitenkaan paljon.<\/p>\n<p class=\"aw-1gybjub aw-1p7kakr kEtdKx cEmitX yle__article__paragraph\">\u2013 Sudenmets\u00e4stys on tavallista mets\u00e4styst\u00e4 haastavampaa.<\/p>\n<p class=\"aw-1gybjub aw-1p7kakr kEtdKx cEmitX yle__article__paragraph\">Kiinti\u00f6mets\u00e4stys alkoi tammikuun 1. p\u00e4iv\u00e4n\u00e4 ja se sis\u00e4lt\u00e4\u00e4 luvan yhteens\u00e4 100 suden pyyt\u00e4miseen 16 eri alueella.<\/p>\n<p class=\"aw-1gybjub aw-1p7kakr kEtdKx cEmitX yle__article__paragraph\">Mets\u00e4styksen tavoitteena on pienent\u00e4\u00e4 nykyist\u00e4 susikantaa ja ehk\u00e4ist\u00e4 suden aiheuttamia sosioekonomisia haittoja ja samalla vastata suden tuomiin huoliin turvallisuudesta ja vahingoista.<\/p>\n","protected":false},"excerpt":{"rendered":"Mets\u00e4st\u00e4j\u00e4t ampuivat uudenvuoden\u00adp\u00e4iv\u00e4n\u00e4 kaksi sutta kiinti\u00f6\u00admets\u00e4styksess\u00e4 Tohmaj\u00e4rvi\u2013Kiteen alueella. Lupa on viel\u00e4 kahden muun suden kaatamiseen. Avaa kuvien katselu&hellip;\n","protected":false},"author":2,"featured_media":130823,"comment_status":"","ping_status":"","sticky":false,"template":"","format":"standard","meta":{"footnotes":""},"categories":[112],"tags":[404,33,31,30,1009,71,479,1137,118,32,4237,119,1688],"class_list":{"0":"post-130822","1":"post","2":"type-post","3":"status-publish","4":"format-standard","5":"has-post-thumbnail","7":"category-tiede","8":"tag-elaimet","9":"tag-fi","10":"tag-finland","11":"tag-finnish","12":"tag-kitee","13":"tag-kotimaa","14":"tag-metsastys","15":"tag-pohjois-karjala","16":"tag-science","17":"tag-suomi","18":"tag-susi","19":"tag-tiede","20":"tag-tohmajarvi"},"share_on_mastodon":{"url":"https:\/\/pubeurope.com\/@fi\/115820624800267342","error":""},"_links":{"self":[{"href":"https:\/\/www.europesays.com\/fi\/wp-json\/wp\/v2\/posts\/130822","targetHints":{"allow":["GET"]}}],"collection":[{"href":"https:\/\/www.europesays.com\/fi\/wp-json\/wp\/v2\/posts"}],"about":[{"href":"https:\/\/www.europesays.com\/fi\/wp-json\/wp\/v2\/types\/post"}],"author":[{"embeddable":true,"href":"https:\/\/www.europesays.com\/fi\/wp-json\/wp\/v2\/users\/2"}],"replies":[{"embeddable":true,"href":"https:\/\/www.europesays.com\/fi\/wp-json\/wp\/v2\/comments?post=130822"}],"version-history":[{"count":0,"href":"https:\/\/www.europesays.com\/fi\/wp-json\/wp\/v2\/posts\/130822\/revisions"}],"wp:featuredmedia":[{"embeddable":true,"href":"https:\/\/www.europesays.com\/fi\/wp-json\/wp\/v2\/media\/130823"}],"wp:attachment":[{"href":"https:\/\/www.europesays.com\/fi\/wp-json\/wp\/v2\/media?parent=130822"}],"wp:term":[{"taxonomy":"category","embeddable":true,"href":"https:\/\/www.europesays.com\/fi\/wp-json\/wp\/v2\/categories?post=130822"},{"taxonomy":"post_tag","embeddable":true,"href":"https:\/\/www.europesays.com\/fi\/wp-json\/wp\/v2\/tags?post=130822"}],"curies":[{"name":"wp","href":"https:\/\/api.w.org\/{rel}","templated":true}]}}