{"id":130824,"date":"2026-01-01T15:48:13","date_gmt":"2026-01-01T15:48:13","guid":{"rendered":"https:\/\/www.europesays.com\/fi\/130824\/"},"modified":"2026-01-01T15:48:13","modified_gmt":"2026-01-01T15:48:13","slug":"jani-rajalan-firma-tavoittelee-100-miljoonan-euron-liikevaihtoa-naamasta-varmaan-nakee-etta-toita-on-tehty","status":"publish","type":"post","link":"https:\/\/www.europesays.com\/fi\/130824\/","title":{"rendered":"Jani Rajalan firma tavoittelee 100 miljoonan euron liikevaihtoa: \u201dNaamasta varmaan n\u00e4kee, ett\u00e4 t\u00f6it\u00e4 on tehty\u201d"},"content":{"rendered":"<p>Karhujen entinen p\u00e4\u00e4\u00advalmentaja Jani Rajala matkusti hiljattain Espanjaan. Siell\u00e4 voi muutenkin odottaa er\u00e4\u00e4n\u00adlainen kulta\u00adkaivos. Siihen liittyy yritys, jonka p\u00e4\u00e4\u00adkonttori on ollut kev\u00e4\u00e4st\u00e4 saakka Porin Telj\u00e4nkadulla.<\/p>\n<p class=\"article-body mb-nof-24 px-nof-16\">Pori<\/p>\n<p class=\"article-body mb-nof-24 px-nof-16\">Entinen salibandy\u00advalmentaja <a class=\"font-bold underline-offset-[0.12em] [text-decoration:var(--person-link-text-decoration)] ![text-decoration-color:var(--person-link-text-decoration-color)]\" href=\"https:\/\/www.satakunnankansa.fi\/haku\/?query=Jani%20Rajala\" rel=\"nofollow noopener\" target=\"_blank\">Jani Rajala<\/a>, 43, istuu hiljattain remontoidun toimisto\u00adtilansa sohvalla Porissa ja paljastaa kovan tavoitteen.<\/p>\n<p class=\"article-body mb-nof-24 px-nof-16\">Ei heti, ei kevyesti, vaan vakaasti harkiten.<\/p>\n<p class=\"article-body mb-nof-24 px-nof-16\">Se on sata miljoonaa euroa: m\u00e4\u00e4r\u00e4, joka on kirjattu Rajalan yrityksen viisivuotis\u00adsuunnitelmaan ja johon firman liike\u00advaihdon toivotaan nousevan 2030-luvun alussa.<\/p>\n","protected":false},"excerpt":{"rendered":"Karhujen entinen p\u00e4\u00e4\u00advalmentaja Jani Rajala matkusti hiljattain Espanjaan. Siell\u00e4 voi muutenkin odottaa er\u00e4\u00e4n\u00adlainen kulta\u00adkaivos. Siihen liittyy yritys, jonka&hellip;\n","protected":false},"author":2,"featured_media":130825,"comment_status":"","ping_status":"","sticky":false,"template":"","format":"standard","meta":{"footnotes":""},"categories":[76],"tags":[79,77,33,31,30,80,32,78],"class_list":{"0":"post-130824","1":"post","2":"type-post","3":"status-publish","4":"format-standard","5":"has-post-thumbnail","7":"category-talous","8":"tag-business","9":"tag-economy","10":"tag-fi","11":"tag-finland","12":"tag-finnish","13":"tag-satakunnan-kansa","14":"tag-suomi","15":"tag-talous"},"share_on_mastodon":{"url":"https:\/\/pubeurope.com\/@fi\/115820633156048949","error":""},"_links":{"self":[{"href":"https:\/\/www.europesays.com\/fi\/wp-json\/wp\/v2\/posts\/130824","targetHints":{"allow":["GET"]}}],"collection":[{"href":"https:\/\/www.europesays.com\/fi\/wp-json\/wp\/v2\/posts"}],"about":[{"href":"https:\/\/www.europesays.com\/fi\/wp-json\/wp\/v2\/types\/post"}],"author":[{"embeddable":true,"href":"https:\/\/www.europesays.com\/fi\/wp-json\/wp\/v2\/users\/2"}],"replies":[{"embeddable":true,"href":"https:\/\/www.europesays.com\/fi\/wp-json\/wp\/v2\/comments?post=130824"}],"version-history":[{"count":0,"href":"https:\/\/www.europesays.com\/fi\/wp-json\/wp\/v2\/posts\/130824\/revisions"}],"wp:featuredmedia":[{"embeddable":true,"href":"https:\/\/www.europesays.com\/fi\/wp-json\/wp\/v2\/media\/130825"}],"wp:attachment":[{"href":"https:\/\/www.europesays.com\/fi\/wp-json\/wp\/v2\/media?parent=130824"}],"wp:term":[{"taxonomy":"category","embeddable":true,"href":"https:\/\/www.europesays.com\/fi\/wp-json\/wp\/v2\/categories?post=130824"},{"taxonomy":"post_tag","embeddable":true,"href":"https:\/\/www.europesays.com\/fi\/wp-json\/wp\/v2\/tags?post=130824"}],"curies":[{"name":"wp","href":"https:\/\/api.w.org\/{rel}","templated":true}]}}