{"id":130826,"date":"2026-01-01T15:49:07","date_gmt":"2026-01-01T15:49:07","guid":{"rendered":"https:\/\/www.europesays.com\/fi\/130826\/"},"modified":"2026-01-01T15:49:07","modified_gmt":"2026-01-01T15:49:07","slug":"ukraina-vedatti-venalaisia-lavasti-komentajan-kuoleman-ja-vei-kremlin-rahat","status":"publish","type":"post","link":"https:\/\/www.europesays.com\/fi\/130826\/","title":{"rendered":"Ukraina ved\u00e4tti ven\u00e4l\u00e4isi\u00e4 &#8211; lavasti komentajan kuoleman ja vei Kremlin rahat"},"content":{"rendered":"<p class=\"ai-optimize-6 ai-optimize-introduction\">Ukrainan puolella taistelevien Ven\u00e4j\u00e4n vapaaehtoisjoukkojen (RDK) komentajan <strong>Denis Kapustinin<\/strong> kuolema oli lavastettu, Ukrainan sotilastiedustelupalvelu HUR paljastaa. Asiasta kertoo <a href=\"https:\/\/www.pravda.com.ua\/eng\/news\/2026\/01\/01\/8014251\/\" target=\"_blank\" rel=\"noopener nofollow\">Ukrainska Pravda<\/a>.<\/p>\n<p class=\"ai-optimize-7\">Verkkouutiset uutisoi lauantaina 27.12, ett\u00e4 <a href=\"http:\/\/verkkouutiset.fi\/a\/ukrainan-puolella-taistellut-venalaiskomentaja-kuoli\/\" target=\"_blank\" rel=\"noopener nofollow\">Kapustin oli kuollut Ven\u00e4j\u00e4n drooni-iskussa<\/a>. Kapustinin perustama RDK kertoi komentajansa kuolemasta sosiaalisen median kanavissaan.<\/p>\n<p class=\"ai-optimize-8\">\u2013 Kostamme varmasti puolestasi, Denis. Asiasi el\u00e4\u00e4, RDK linjasi tuolloin.<\/p>\n<p class=\"ai-optimize-13\">Moskovassa syntynyt Kapustin perusti RDK:n Ukrainan asevoimien alaisuuteen t\u00e4ysmittaisen sodan alettua vuonna 2022. Ven\u00e4l\u00e4isist\u00e4 koostuvan sotilasyksik\u00f6n tavoitteena on kaataa <strong>Vladimir Putinin<\/strong>\u00a0hallinto.<\/p>\n<p class=\"ai-optimize-8\">Perjantaina HUR kuitenkin paljasti <a href=\"https:\/\/t.me\/DIUkraine\/7647\" target=\"_blank\" rel=\"noopener nofollow\">Telegram-kanavallaan<\/a>, ett\u00e4 Kapustinin kuolema oli tiedustelupalvelun lavastama.<\/p>\n<p class=\"ai-optimize-10\">\u2013 Ven\u00e4j\u00e4n erikoisjoukkojen tappio. RDK:n komentaja Denis Kapustin on elossa, ja h\u00e4nen likvidoimisesta saadut puoli miljoonaa dollaria vahvistavat HUR:n erikoisjoukkoja, tiedote kuului.<\/p>\n<p class=\"ai-optimize-21\">Kreml oli tiedustelupalvelun mukaan varannut puoli miljoonaa dollaria Kapustinin tappamiseksi.<\/p>\n<p class=\"ai-optimize-12\">HUR:n alaisten Timur-erikoisjoukkojen komentajan mukaan Kapustinin kuoleman lavastamalla t\u00e4m\u00e4 rahasumma p\u00e4\u00e4tyi Ukrainalle. Tiedustelupalvelu ei tarkentanut tiedotteessaan, mit\u00e4 kautta varat lopulta p\u00e4\u00e4tyiv\u00e4t HUR:n k\u00e4siin.<\/p>\n<p class=\"ai-optimize-15\">\u2013 Saimme tietyn m\u00e4\u00e4r\u00e4n varoja, jotka Ven\u00e4j\u00e4n tiedustelupalvelut olivat varanneet t\u00e4m\u00e4n rikoksen toteuttamiseen, h\u00e4n kommentoi.<\/p>\n<p class=\"ai-optimize-15\">\u2013 T\u00e4ll\u00e4 hetkell\u00e4 RDK:n komentaja on Ukrainan maaper\u00e4ll\u00e4 ja on valmis jatkamaan h\u00e4nelle asetettuja teht\u00e4vi\u00e4.<\/p>\n<p class=\"ai-optimize-11\">HUR:n johtaja <strong>Kyrylo Budanov<\/strong> toivotti Kapustinin tervetulleeksi takaisin ja onnitteli h\u00e4nt\u00e4 sek\u00e4 HUR:n erikoisjoukkoja, jotka toteuttivat kuoleman lavastamisen. Valekuolema teki Budanovin mukaan Ven\u00e4j\u00e4n tiedustelupalvelut naurunalaisiksi.<\/p>\n<p class=\"ai-optimize-16\">\u2013 Ensinn\u00e4kin, herra Denis, onnittelen sinua henkiin palaamisesta. Se on mukava juttu. Olen iloinen, ett\u00e4 likvidaatioosi osoitetut varat tukevat nyt taistoamme, Budanov veisteli.<\/p>\n<p class=\"ai-optimize-18\">Kapustin itse painotti, ett\u00e4 h\u00e4nen tilap\u00e4inen poissaolonsa ei vaikuttanut RDK:n laatuun tai toimintaan.<\/p>\n<p class=\"ai-optimize-20\">\u2013 Olen valmis etenem\u00e4\u00e4n taistelualueelle ja jatkamaan RDK:n komentamista, Kapustin vastasi.<\/p>\n<p>Poimintoja videosis\u00e4ll\u00f6ist\u00e4mme<\/p>\n","protected":false},"excerpt":{"rendered":"Ukrainan puolella taistelevien Ven\u00e4j\u00e4n vapaaehtoisjoukkojen (RDK) komentajan Denis Kapustinin kuolema oli lavastettu, Ukrainan sotilastiedustelupalvelu HUR paljastaa. Asiasta kertoo&hellip;\n","protected":false},"author":2,"featured_media":130827,"comment_status":"","ping_status":"","sticky":false,"template":"","format":"standard","meta":{"footnotes":""},"categories":[14],"tags":[22,23,26,27,33,31,30,17,24,25,28,29,15,18,21,32,19,20,56,16,987,59,60,61],"class_list":{"0":"post-130826","1":"post","2":"type-post","3":"status-publish","4":"format-standard","5":"has-post-thumbnail","7":"category-ulkomaat","8":"tag-breaking-news","9":"tag-breakingnews","10":"tag-featured-news","11":"tag-featurednews","12":"tag-fi","13":"tag-finland","14":"tag-finnish","15":"tag-headlines","16":"tag-latest-news","17":"tag-latestnews","18":"tag-main-news","19":"tag-mainnews","20":"tag-news","21":"tag-otsikot","22":"tag-paauutiset","23":"tag-suomi","24":"tag-top-stories","25":"tag-topstories","26":"tag-ulkomaat","27":"tag-uutiset","28":"tag-venajan-hyokkays","29":"tag-world","30":"tag-world-news","31":"tag-worldnews"},"share_on_mastodon":{"url":"https:\/\/pubeurope.com\/@fi\/115820636545240257","error":""},"_links":{"self":[{"href":"https:\/\/www.europesays.com\/fi\/wp-json\/wp\/v2\/posts\/130826","targetHints":{"allow":["GET"]}}],"collection":[{"href":"https:\/\/www.europesays.com\/fi\/wp-json\/wp\/v2\/posts"}],"about":[{"href":"https:\/\/www.europesays.com\/fi\/wp-json\/wp\/v2\/types\/post"}],"author":[{"embeddable":true,"href":"https:\/\/www.europesays.com\/fi\/wp-json\/wp\/v2\/users\/2"}],"replies":[{"embeddable":true,"href":"https:\/\/www.europesays.com\/fi\/wp-json\/wp\/v2\/comments?post=130826"}],"version-history":[{"count":0,"href":"https:\/\/www.europesays.com\/fi\/wp-json\/wp\/v2\/posts\/130826\/revisions"}],"wp:featuredmedia":[{"embeddable":true,"href":"https:\/\/www.europesays.com\/fi\/wp-json\/wp\/v2\/media\/130827"}],"wp:attachment":[{"href":"https:\/\/www.europesays.com\/fi\/wp-json\/wp\/v2\/media?parent=130826"}],"wp:term":[{"taxonomy":"category","embeddable":true,"href":"https:\/\/www.europesays.com\/fi\/wp-json\/wp\/v2\/categories?post=130826"},{"taxonomy":"post_tag","embeddable":true,"href":"https:\/\/www.europesays.com\/fi\/wp-json\/wp\/v2\/tags?post=130826"}],"curies":[{"name":"wp","href":"https:\/\/api.w.org\/{rel}","templated":true}]}}